{"id":9357,"date":"2026-01-17T20:24:16","date_gmt":"2026-01-18T01:24:16","guid":{"rendered":"https:\/\/florencia.edu.co\/portal\/v4\/?p=9357"},"modified":"2026-01-31T22:03:33","modified_gmt":"2026-02-01T03:03:33","slug":"priorizacion-beneficiarios-pae-mes-de-enero-2026","status":"publish","type":"post","link":"https:\/\/florencia.edu.co\/portal\/v4\/priorizacion-beneficiarios-pae-mes-de-enero-2026\/","title":{"rendered":"Priorizaci\u00f3n Beneficiarios PAE mes de enero 2026"},"content":{"rendered":"\n<div class=\"wp-block-file\"><a id=\"wp-block-file--media-819097a6-3c6d-46a2-8bf6-f18863951bac\" href=\"https:\/\/florencia.edu.co\/portal\/v4\/wp-content\/uploads\/PRIORIZACION-ENERO-CON-ANEXO-6A-9-1-_13A-15-1.xlsx\"><img data-recalc-dims=\"1\" loading=\"lazy\" decoding=\"async\" width=\"1200\" height=\"1133\" class=\"wp-image-8315\" style=\"width: 150px\" src=\"https:\/\/i0.wp.com\/florencia.edu.co\/portal\/v4\/wp-content\/uploads\/Microsoft_Excel_2013-2019_logo.svg_.png?resize=1200%2C1133&#038;ssl=1\" alt=\"\" srcset=\"https:\/\/i0.wp.com\/florencia.edu.co\/portal\/v4\/wp-content\/uploads\/Microsoft_Excel_2013-2019_logo.svg_.png?w=1200&amp;ssl=1 1200w, https:\/\/i0.wp.com\/florencia.edu.co\/portal\/v4\/wp-content\/uploads\/Microsoft_Excel_2013-2019_logo.svg_.png?resize=300%2C283&amp;ssl=1 300w, https:\/\/i0.wp.com\/florencia.edu.co\/portal\/v4\/wp-content\/uploads\/Microsoft_Excel_2013-2019_logo.svg_.png?resize=1024%2C967&amp;ssl=1 1024w, https:\/\/i0.wp.com\/florencia.edu.co\/portal\/v4\/wp-content\/uploads\/Microsoft_Excel_2013-2019_logo.svg_.png?resize=768%2C725&amp;ssl=1 768w, https:\/\/i0.wp.com\/florencia.edu.co\/portal\/v4\/wp-content\/uploads\/Microsoft_Excel_2013-2019_logo.svg_.png?resize=500%2C472&amp;ssl=1 500w, https:\/\/i0.wp.com\/florencia.edu.co\/portal\/v4\/wp-content\/uploads\/Microsoft_Excel_2013-2019_logo.svg_.png?resize=800%2C755&amp;ssl=1 800w\" sizes=\"auto, (max-width: 1000px) 100vw, 1000px\" \/>PRIORIZACI\u00d3N ENERO CON   ANEXO 6A 9-1 _13A 15-1<\/a><a href=\"https:\/\/florencia.edu.co\/portal\/v4\/wp-content\/uploads\/PRIORIZACION-ENERO-CON-ANEXO-6A-9-1-_13A-15-1.xlsx\" class=\"wp-block-file__button wp-element-button\" download aria-describedby=\"wp-block-file--media-819097a6-3c6d-46a2-8bf6-f18863951bac\">Descargar<\/a><\/div>\n\n\n\n<p><\/p>\n","protected":false},"excerpt":{"rendered":"","protected":false},"author":3,"featured_media":0,"comment_status":"closed","ping_status":"closed","sticky":false,"template":"","format":"standard","meta":{"advanced_seo_description":"","jetpack_seo_html_title":"","jetpack_seo_noindex":false,"_vp_format_video_url":"","_vp_image_focal_point":[],"_jetpack_memberships_contains_paid_content":false,"footnotes":""},"categories":[37],"tags":[],"class_list":["post-9357","post","type-post","status-publish","format-standard","hentry","category-programa-de-alimentacion-escolar-pae"],"jetpack_featured_media_url":"","jetpack-related-posts":[{"id":9575,"url":"https:\/\/florencia.edu.co\/portal\/v4\/priorizacion-beneficiarios-pae-mes-de-febrero-2026\/","url_meta":{"origin":9357,"position":0},"title":"Priorizaci\u00f3n Beneficiarios PAE mes de febrero 2026","author":"Mabiyiceth","date":"17 febrero, 2026","format":false,"excerpt":"PRIORIZACI\u00d3N FEBRERO CON ANEXO 6A 22-1 _ 13A 9-2 _ 13A 17-2Descargar","rel":"","context":"En \u00abPrograma de Alimentaci\u00f3n Escolar (PAE)\u00bb","block_context":{"text":"Programa de Alimentaci\u00f3n Escolar (PAE)","link":"https:\/\/florencia.edu.co\/portal\/v4\/category\/programa-de-alimentacion-escolar-pae\/"},"img":{"alt_text":"","src":"https:\/\/i0.wp.com\/florencia.edu.co\/portal\/v4\/wp-content\/uploads\/Microsoft_Excel_2013-2019_logo.svg_.png?resize=350%2C200&ssl=1","width":350,"height":200,"srcset":"https:\/\/i0.wp.com\/florencia.edu.co\/portal\/v4\/wp-content\/uploads\/Microsoft_Excel_2013-2019_logo.svg_.png?resize=350%2C200&ssl=1 1x, https:\/\/i0.wp.com\/florencia.edu.co\/portal\/v4\/wp-content\/uploads\/Microsoft_Excel_2013-2019_logo.svg_.png?resize=525%2C300&ssl=1 1.5x, https:\/\/i0.wp.com\/florencia.edu.co\/portal\/v4\/wp-content\/uploads\/Microsoft_Excel_2013-2019_logo.svg_.png?resize=700%2C400&ssl=1 2x, https:\/\/i0.wp.com\/florencia.edu.co\/portal\/v4\/wp-content\/uploads\/Microsoft_Excel_2013-2019_logo.svg_.png?resize=1050%2C600&ssl=1 3x"},"classes":[]},{"id":6359,"url":"https:\/\/florencia.edu.co\/portal\/v4\/priorizacion-beneficiarios-pae-mes-de-febrero\/","url_meta":{"origin":9357,"position":1},"title":"Priorizaci\u00f3n Beneficiarios PAE mes de Febrero","author":"Mabiyiceth","date":"29 febrero, 2024","format":false,"excerpt":"PRIORIZACION-FEBRERO-ANEXO-6A-ENERODescargar","rel":"","context":"En \u00abPrograma de Alimentaci\u00f3n Escolar (PAE)\u00bb","block_context":{"text":"Programa de Alimentaci\u00f3n Escolar (PAE)","link":"https:\/\/florencia.edu.co\/portal\/v4\/category\/programa-de-alimentacion-escolar-pae\/"},"img":{"alt_text":"","src":"","width":0,"height":0},"classes":[]},{"id":9579,"url":"https:\/\/florencia.edu.co\/portal\/v4\/priorizacion-beneficiarios-pae-mes-de-marzo-2026\/","url_meta":{"origin":9357,"position":2},"title":"Priorizaci\u00f3n Beneficiarios PAE mes de marzo 2026","author":"Mabiyiceth","date":"24 febrero, 2026","format":false,"excerpt":"PRIORIZACI\u00d3N MARZO CON ANEXO 6A 20-2Descargar","rel":"","context":"En \u00abPrograma de Alimentaci\u00f3n Escolar (PAE)\u00bb","block_context":{"text":"Programa de Alimentaci\u00f3n Escolar (PAE)","link":"https:\/\/florencia.edu.co\/portal\/v4\/category\/programa-de-alimentacion-escolar-pae\/"},"img":{"alt_text":"","src":"https:\/\/i0.wp.com\/florencia.edu.co\/portal\/v4\/wp-content\/uploads\/Microsoft_Excel_2013-2019_logo.svg_.png?resize=350%2C200&ssl=1","width":350,"height":200,"srcset":"https:\/\/i0.wp.com\/florencia.edu.co\/portal\/v4\/wp-content\/uploads\/Microsoft_Excel_2013-2019_logo.svg_.png?resize=350%2C200&ssl=1 1x, https:\/\/i0.wp.com\/florencia.edu.co\/portal\/v4\/wp-content\/uploads\/Microsoft_Excel_2013-2019_logo.svg_.png?resize=525%2C300&ssl=1 1.5x, https:\/\/i0.wp.com\/florencia.edu.co\/portal\/v4\/wp-content\/uploads\/Microsoft_Excel_2013-2019_logo.svg_.png?resize=700%2C400&ssl=1 2x, https:\/\/i0.wp.com\/florencia.edu.co\/portal\/v4\/wp-content\/uploads\/Microsoft_Excel_2013-2019_logo.svg_.png?resize=1050%2C600&ssl=1 3x"},"classes":[]},{"id":9630,"url":"https:\/\/florencia.edu.co\/portal\/v4\/priorizacion-beneficiarios-pae-mes-de-abril-2026\/","url_meta":{"origin":9357,"position":3},"title":"Priorizaci\u00f3n Beneficiarios PAE mes de abril 2026","author":"Mabiyiceth","date":"27 marzo, 2026","format":false,"excerpt":"PRIORIZACI\u00d3N ABRIL CON ANEXO 6A 19-3Descargar","rel":"","context":"En \u00abPrograma de Alimentaci\u00f3n Escolar (PAE)\u00bb","block_context":{"text":"Programa de Alimentaci\u00f3n Escolar (PAE)","link":"https:\/\/florencia.edu.co\/portal\/v4\/category\/programa-de-alimentacion-escolar-pae\/"},"img":{"alt_text":"","src":"https:\/\/i0.wp.com\/florencia.edu.co\/portal\/v4\/wp-content\/uploads\/Microsoft_Excel_2013-2019_logo.svg_.png?resize=350%2C200&ssl=1","width":350,"height":200,"srcset":"https:\/\/i0.wp.com\/florencia.edu.co\/portal\/v4\/wp-content\/uploads\/Microsoft_Excel_2013-2019_logo.svg_.png?resize=350%2C200&ssl=1 1x, https:\/\/i0.wp.com\/florencia.edu.co\/portal\/v4\/wp-content\/uploads\/Microsoft_Excel_2013-2019_logo.svg_.png?resize=525%2C300&ssl=1 1.5x, https:\/\/i0.wp.com\/florencia.edu.co\/portal\/v4\/wp-content\/uploads\/Microsoft_Excel_2013-2019_logo.svg_.png?resize=700%2C400&ssl=1 2x, https:\/\/i0.wp.com\/florencia.edu.co\/portal\/v4\/wp-content\/uploads\/Microsoft_Excel_2013-2019_logo.svg_.png?resize=1050%2C600&ssl=1 3x"},"classes":[]},{"id":6888,"url":"https:\/\/florencia.edu.co\/portal\/v4\/priorizacion-beneficiarios-pae-mes-de-agosto-2024\/","url_meta":{"origin":9357,"position":4},"title":"Priorizaci\u00f3n Beneficiarios PAE mes de Agosto 2024","author":"Mabiyiceth","date":"2 agosto, 2024","format":false,"excerpt":"PRIORIZACI\u00d3N AGOSTO- ANEXO 6A JULIO 26Descargar PRIORIZACI\u00d3N AGOSTO - ANEXO 6A JULIO AMPLIACI\u00d3N DE COBERTURA PAEDescargar","rel":"","context":"En \u00abPrograma de Alimentaci\u00f3n Escolar (PAE)\u00bb","block_context":{"text":"Programa de Alimentaci\u00f3n Escolar (PAE)","link":"https:\/\/florencia.edu.co\/portal\/v4\/category\/programa-de-alimentacion-escolar-pae\/"},"img":{"alt_text":"","src":"https:\/\/i0.wp.com\/florencia.edu.co\/portal\/v4\/wp-content\/uploads\/logo-excel-1.png?resize=350%2C200&ssl=1","width":350,"height":200,"srcset":"https:\/\/i0.wp.com\/florencia.edu.co\/portal\/v4\/wp-content\/uploads\/logo-excel-1.png?resize=350%2C200&ssl=1 1x, https:\/\/i0.wp.com\/florencia.edu.co\/portal\/v4\/wp-content\/uploads\/logo-excel-1.png?resize=525%2C300&ssl=1 1.5x, https:\/\/i0.wp.com\/florencia.edu.co\/portal\/v4\/wp-content\/uploads\/logo-excel-1.png?resize=700%2C400&ssl=1 2x"},"classes":[]},{"id":8617,"url":"https:\/\/florencia.edu.co\/portal\/v4\/priorizacion-beneficiarios-pae-mes-de-julio-2025\/","url_meta":{"origin":9357,"position":5},"title":"Priorizaci\u00f3n Beneficiarios PAE mes de Julio 2025","author":"Mabiyiceth","date":"2 julio, 2025","format":false,"excerpt":"PRIORIZACI\u00d3N JULIO ANEXO 6A 26 JUNIO (1)Descargar","rel":"","context":"En \u00abPrograma de Alimentaci\u00f3n Escolar (PAE)\u00bb","block_context":{"text":"Programa de Alimentaci\u00f3n Escolar (PAE)","link":"https:\/\/florencia.edu.co\/portal\/v4\/category\/programa-de-alimentacion-escolar-pae\/"},"img":{"alt_text":"","src":"https:\/\/i0.wp.com\/florencia.edu.co\/portal\/v4\/wp-content\/uploads\/Microsoft_Excel_2013-2019_logo.svg_.png?resize=350%2C200&ssl=1","width":350,"height":200,"srcset":"https:\/\/i0.wp.com\/florencia.edu.co\/portal\/v4\/wp-content\/uploads\/Microsoft_Excel_2013-2019_logo.svg_.png?resize=350%2C200&ssl=1 1x, https:\/\/i0.wp.com\/florencia.edu.co\/portal\/v4\/wp-content\/uploads\/Microsoft_Excel_2013-2019_logo.svg_.png?resize=525%2C300&ssl=1 1.5x, https:\/\/i0.wp.com\/florencia.edu.co\/portal\/v4\/wp-content\/uploads\/Microsoft_Excel_2013-2019_logo.svg_.png?resize=700%2C400&ssl=1 2x, https:\/\/i0.wp.com\/florencia.edu.co\/portal\/v4\/wp-content\/uploads\/Microsoft_Excel_2013-2019_logo.svg_.png?resize=1050%2C600&ssl=1 3x"},"classes":[]}],"jetpack_sharing_enabled":true,"_links":{"self":[{"href":"https:\/\/florencia.edu.co\/portal\/v4\/wp-json\/wp\/v2\/posts\/9357","targetHints":{"allow":["GET"]}}],"collection":[{"href":"https:\/\/florencia.edu.co\/portal\/v4\/wp-json\/wp\/v2\/posts"}],"about":[{"href":"https:\/\/florencia.edu.co\/portal\/v4\/wp-json\/wp\/v2\/types\/post"}],"author":[{"embeddable":true,"href":"https:\/\/florencia.edu.co\/portal\/v4\/wp-json\/wp\/v2\/users\/3"}],"replies":[{"embeddable":true,"href":"https:\/\/florencia.edu.co\/portal\/v4\/wp-json\/wp\/v2\/comments?post=9357"}],"version-history":[{"count":2,"href":"https:\/\/florencia.edu.co\/portal\/v4\/wp-json\/wp\/v2\/posts\/9357\/revisions"}],"predecessor-version":[{"id":9361,"href":"https:\/\/florencia.edu.co\/portal\/v4\/wp-json\/wp\/v2\/posts\/9357\/revisions\/9361"}],"wp:attachment":[{"href":"https:\/\/florencia.edu.co\/portal\/v4\/wp-json\/wp\/v2\/media?parent=9357"}],"wp:term":[{"taxonomy":"category","embeddable":true,"href":"https:\/\/florencia.edu.co\/portal\/v4\/wp-json\/wp\/v2\/categories?post=9357"},{"taxonomy":"post_tag","embeddable":true,"href":"https:\/\/florencia.edu.co\/portal\/v4\/wp-json\/wp\/v2\/tags?post=9357"}],"curies":[{"name":"wp","href":"https:\/\/api.w.org\/{rel}","templated":true}]}}