{"id":9298,"date":"2026-01-26T17:01:59","date_gmt":"2026-01-26T22:01:59","guid":{"rendered":"https:\/\/florencia.edu.co\/portal\/v4\/?p=9298"},"modified":"2026-01-26T17:02:01","modified_gmt":"2026-01-26T22:02:01","slug":"cierre-del-denominado-establecimiento-liceo-euler-identificado-con-nit-901798791-0","status":"publish","type":"post","link":"https:\/\/florencia.edu.co\/portal\/v4\/cierre-del-denominado-establecimiento-liceo-euler-identificado-con-nit-901798791-0\/","title":{"rendered":"CIERRE DEL DENOMINADO ESTABLECIMIENTO LICEO EULER IDENTIFICADO CON NIT: 901798791-0."},"content":{"rendered":"\n<p>\u00abPOR MEDIO DEL CUAL SE RESUELVE RECURSO DE REPOSICI\u00d3N CONTRA LA RESOLUCI\u00d3N 1000.79.01271 LA CUAL ORDENA EL CIERRE DE UNA INSTITUCI\u00d3N&nbsp;EDUCATIVA SIN LICENCIA\u00bb<\/p>\n\n\n\n<div data-wp-interactive=\"core\/file\" class=\"wp-block-file\"><object data-wp-bind--hidden=\"!state.hasPdfPreview\" hidden class=\"wp-block-file__embed\" data=\"https:\/\/florencia.edu.co\/portal\/v4\/wp-content\/uploads\/RESOLUCION-No-1000-79-01430-2025.pdf\" type=\"application\/pdf\" style=\"width:100%;height:600px\" aria-label=\"Incrustado de RESOLUCION No 1000-79-01430 2025.\"><\/object><a id=\"wp-block-file--media-0fe31283-879c-4241-b39d-58719caf422a\" href=\"https:\/\/florencia.edu.co\/portal\/v4\/wp-content\/uploads\/RESOLUCION-No-1000-79-01430-2025.pdf\">RESOLUCION No 1000-79-01430 2025<\/a><a href=\"https:\/\/florencia.edu.co\/portal\/v4\/wp-content\/uploads\/RESOLUCION-No-1000-79-01430-2025.pdf\" class=\"wp-block-file__button wp-element-button\" download aria-describedby=\"wp-block-file--media-0fe31283-879c-4241-b39d-58719caf422a\">Descargar<\/a><\/div>\n\n\n\n<div data-wp-interactive=\"core\/file\" class=\"wp-block-file\"><object data-wp-bind--hidden=\"!state.hasPdfPreview\" hidden class=\"wp-block-file__embed\" data=\"https:\/\/florencia.edu.co\/portal\/v4\/wp-content\/uploads\/RESOLUCION-No-1000-79-01271-2025.pdf\" type=\"application\/pdf\" style=\"width:100%;height:600px\" aria-label=\"Incrustado de RESOLUCION No 1000-79-01271  -  2025.\"><\/object><a id=\"wp-block-file--media-47d6e4c0-336d-4c89-b9eb-4d1f712aeb57\" href=\"https:\/\/florencia.edu.co\/portal\/v4\/wp-content\/uploads\/RESOLUCION-No-1000-79-01271-2025.pdf\">RESOLUCION No 1000-79-01271  &#8211;  2025<\/a><a href=\"https:\/\/florencia.edu.co\/portal\/v4\/wp-content\/uploads\/RESOLUCION-No-1000-79-01271-2025.pdf\" class=\"wp-block-file__button wp-element-button\" download aria-describedby=\"wp-block-file--media-47d6e4c0-336d-4c89-b9eb-4d1f712aeb57\">Descargar<\/a><\/div>\n","protected":false},"excerpt":{"rendered":"<p>\u00abPOR MEDIO DEL CUAL SE RESUELVE RECURSO DE REPOSICI\u00d3N CONTRA LA RESOLUCI\u00d3N 1000.79.01271 LA CUAL ORDENA EL CIERRE DE UNA INSTITUCI\u00d3N&nbsp;EDUCATIVA SIN LICENCIA\u00bb<\/p>\n","protected":false},"author":10,"featured_media":0,"comment_status":"closed","ping_status":"closed","sticky":false,"template":"","format":"standard","meta":{"advanced_seo_description":"","jetpack_seo_html_title":"","jetpack_seo_noindex":false,"_vp_format_video_url":"","_vp_image_focal_point":[],"_jetpack_memberships_contains_paid_content":false,"footnotes":""},"categories":[21],"tags":[],"class_list":["post-9298","post","type-post","status-publish","format-standard","hentry","category-inspeccion-y-vigilancia"],"jetpack_featured_media_url":"","jetpack-related-posts":[{"id":3376,"url":"https:\/\/florencia.edu.co\/portal\/v4\/notificacion-por-aviso-cancelacion-de-licencia-y-cierre-2022-centro-educativo-manitas-creativas\/","url_meta":{"origin":9298,"position":0},"title":"NOTIFICACI\u00d3N POR AVISO CANCELACI\u00d3N DE LICENCIA Y CIERRE 2022 CENTRO EDUCATIVO MANITAS CREATIVAS","author":"Miller","date":"31 marzo, 2022","format":false,"excerpt":"Dando alcance a lo establecido en el art\u00edculo 69 de la ley 1437 de 2011, y una vez vencido el t\u00e9rmino para hacer la notificaci\u00f3n personal de que trata el art\u00edculo 68 ib\u00eddem, me permito NOTIFICARLE POR AVISO la Resoluci\u00f3n No.0391 DEL 25 DE MARZO DE 2022, \u201cPor la cual\u2026","rel":"","context":"En \u00abInspecci\u00f3n y Vigilancia\u00bb","block_context":{"text":"Inspecci\u00f3n y Vigilancia","link":"https:\/\/florencia.edu.co\/portal\/v4\/category\/inspeccion-y-vigilancia\/"},"img":{"alt_text":"","src":"","width":0,"height":0},"classes":[]},{"id":3440,"url":"https:\/\/florencia.edu.co\/portal\/v4\/notificacion-por-aviso-cancelacion-de-licencia-y-cierre-2022\/","url_meta":{"origin":9298,"position":1},"title":"NOTIFICACI\u00d3N POR AVISO CANCELACI\u00d3N DE LICENCIA Y CIERRE 2022","author":"Miller","date":"28 abril, 2022","format":false,"excerpt":"Corporaci\u00f3n Pedag\u00f3gica y Empresarial \u201cCORPECOL\u201d (antes Corporaci\u00f3n Educativa de la Amazonia \u201cCORAMAZONIA\u201d) Dando alcance a lo establecido en el art\u00edculo 69 de la ley 1437 de 2011, y una vez vencido el t\u00e9rmino para hacer la notificaci\u00f3n personal de que trata el art\u00edculo 68 ib\u00eddem, me permito NOTIFICARLE POR AVISO\u2026","rel":"","context":"En \u00abInspecci\u00f3n y Vigilancia\u00bb","block_context":{"text":"Inspecci\u00f3n y Vigilancia","link":"https:\/\/florencia.edu.co\/portal\/v4\/category\/inspeccion-y-vigilancia\/"},"img":{"alt_text":"","src":"","width":0,"height":0},"classes":[]},{"id":6061,"url":"https:\/\/florencia.edu.co\/portal\/v4\/convocatoria-no-13-directivo-docente-coordinador\/","url_meta":{"origin":9298,"position":2},"title":"CONVOCATORIA No. 13                                 DIRECTIVO DOCENTE \u2013 COORDINADOR","author":"Miller","date":"8 noviembre, 2023","format":false,"excerpt":"La Secretar\u00eda de Educaci\u00f3n Municipal, en cumplimiento del Decreto 490 de 2016 y a las directrices de la Comisi\u00f3n Nacional del Servicio Civil sobre provisi\u00f3n de cargos de directivos docentes CONVOCA a todos los Docentes pertenecientes a la planta global de cargos del Municipio Florencia, que ostentan derechos de carrera\u2026","rel":"","context":"En \u00abConvocatorias\u00bb","block_context":{"text":"Convocatorias","link":"https:\/\/florencia.edu.co\/portal\/v4\/category\/convocatorias\/"},"img":{"alt_text":"","src":"","width":0,"height":0},"classes":[]},{"id":2007,"url":"https:\/\/florencia.edu.co\/portal\/v4\/oferta-min-tic-programacion-para-ninos-y-ninas-segunda-fase-2021\/","url_meta":{"origin":9298,"position":3},"title":"Oferta Min Tic Programaci\u00f3n para ni\u00f1os y ni\u00f1as segunda fase 2021.","author":"Miller","date":"24 junio, 2021","format":false,"excerpt":"\u201cProgramaci\u00f3n para ni\u00f1os y ni\u00f1as\u201d, en su segunda fase 2021, en alianza con el British Council (Entidad P\u00fablica del Reino Unido), busca que los docentes de las instituciones educativas del sector oficial rurales y urbanas, se capaciten en pensamiento computacional a trav\u00e9s del uso e implementaci\u00f3n de una micro:bit, un\u2026","rel":"","context":"En \u00abCalidad Educativa\u00bb","block_context":{"text":"Calidad Educativa","link":"https:\/\/florencia.edu.co\/portal\/v4\/category\/calidad-educativa\/"},"img":{"alt_text":"","src":"https:\/\/i0.wp.com\/florencia.edu.co\/portal\/v4\/wp-content\/uploads\/Sin-titulo.png?fit=252%2C326&ssl=1&resize=350%2C200","width":350,"height":200},"classes":[]},{"id":6763,"url":"https:\/\/florencia.edu.co\/portal\/v4\/resolucion-20240248\/","url_meta":{"origin":9298,"position":4},"title":"RESOLUCI\u00d3N 20240248","author":"Miller","date":"4 junio, 2024","format":false,"excerpt":"Resolucion-2100.79.20240248-1Descargar","rel":"","context":"En \u00abCobertura Educativa\u00bb","block_context":{"text":"Cobertura Educativa","link":"https:\/\/florencia.edu.co\/portal\/v4\/category\/cobertura-educativa\/"},"img":{"alt_text":"","src":"","width":0,"height":0},"classes":[]},{"id":6514,"url":"https:\/\/florencia.edu.co\/portal\/v4\/resolucion-no-00172-del-5-de-marzo-de-2024\/","url_meta":{"origin":9298,"position":5},"title":"\u00a0Resoluci\u00f3n No.00172 del 5 de marzo de 2024","author":"Miller","date":"8 marzo, 2024","format":false,"excerpt":"\u00a0Por la cual se modifica el art\u00edculo d\u00e9cimo sexto de la resoluci\u00f3n No. 00018 del 12 de enero de 2024\"\u00a0 (Cronograma de actividades para el proceso de evaluaci\u00f3n para ascenso de grado o reubicaci\u00f3n salarial educadores regidos por el Decreto 1278 de 2002) RESOLUCION-00172-5-12-2024-MODIFICACIONDescargar","rel":"","context":"En \u00abResoluciones\u00bb","block_context":{"text":"Resoluciones","link":"https:\/\/florencia.edu.co\/portal\/v4\/category\/resoluciones\/"},"img":{"alt_text":"","src":"","width":0,"height":0},"classes":[]}],"jetpack_sharing_enabled":true,"_links":{"self":[{"href":"https:\/\/florencia.edu.co\/portal\/v4\/wp-json\/wp\/v2\/posts\/9298","targetHints":{"allow":["GET"]}}],"collection":[{"href":"https:\/\/florencia.edu.co\/portal\/v4\/wp-json\/wp\/v2\/posts"}],"about":[{"href":"https:\/\/florencia.edu.co\/portal\/v4\/wp-json\/wp\/v2\/types\/post"}],"author":[{"embeddable":true,"href":"https:\/\/florencia.edu.co\/portal\/v4\/wp-json\/wp\/v2\/users\/10"}],"replies":[{"embeddable":true,"href":"https:\/\/florencia.edu.co\/portal\/v4\/wp-json\/wp\/v2\/comments?post=9298"}],"version-history":[{"count":1,"href":"https:\/\/florencia.edu.co\/portal\/v4\/wp-json\/wp\/v2\/posts\/9298\/revisions"}],"predecessor-version":[{"id":9301,"href":"https:\/\/florencia.edu.co\/portal\/v4\/wp-json\/wp\/v2\/posts\/9298\/revisions\/9301"}],"wp:attachment":[{"href":"https:\/\/florencia.edu.co\/portal\/v4\/wp-json\/wp\/v2\/media?parent=9298"}],"wp:term":[{"taxonomy":"category","embeddable":true,"href":"https:\/\/florencia.edu.co\/portal\/v4\/wp-json\/wp\/v2\/categories?post=9298"},{"taxonomy":"post_tag","embeddable":true,"href":"https:\/\/florencia.edu.co\/portal\/v4\/wp-json\/wp\/v2\/tags?post=9298"}],"curies":[{"name":"wp","href":"https:\/\/api.w.org\/{rel}","templated":true}]}}