{"id":8087,"date":"2025-04-11T17:02:24","date_gmt":"2025-04-11T22:02:24","guid":{"rendered":"https:\/\/florencia.edu.co\/portal\/v4\/?p=8087"},"modified":"2025-04-21T10:27:11","modified_gmt":"2025-04-21T15:27:11","slug":"desde-la-secretaria-de-educacion-realizamos-acompanamiento-a-los-comites-del-plan-de-movilidad-escolar-de-las-instituciones-educativas-priorizadas-por-la-agencia-nacional-de-seguridad-vial","status":"publish","type":"post","link":"https:\/\/florencia.edu.co\/portal\/v4\/desde-la-secretaria-de-educacion-realizamos-acompanamiento-a-los-comites-del-plan-de-movilidad-escolar-de-las-instituciones-educativas-priorizadas-por-la-agencia-nacional-de-seguridad-vial\/","title":{"rendered":"Desde la Secretar\u00eda de Educaci\u00f3n realizamos acompa\u00f1amiento a los Comit\u00e9s del Plan de Movilidad Escolar de las Instituciones Educativas priorizadas por la Agencia Nacional de Seguridad Vial."},"content":{"rendered":"\n<p>Con el \u00e1nimo de prevenir, disminuir y mitigar los riesgos viales, desde la Secretar\u00eda de Educaci\u00f3n realizamos acompa\u00f1amiento a la activaci\u00f3n de los Comit\u00e9s del Plan de Movilidad Escolar de las Instituciones Educativas priorizadas por la Agencia Nacional de Seguridad Vial, ellas son, la IE Rural Puerto Arango, la IE Rural Bajo Caldas, La IE Ciudadela Siglo XXl, la IE Antonio Ricaurte, y La IE Juan Bautista Migani.<\/p>\n\n\n\n<p><br>Se avanza en la consolidaci\u00f3n de los planes de acci\u00f3n, a partir del reconocimiento de los entornos escolares, caracterizaci\u00f3n, y diagn\u00f3stico a trav\u00e9s de la cartograf\u00eda social realizada por los ni\u00f1os, ni\u00f1as, adolescentes y j\u00f3venes, que plasman sus historias de movilidad, realidades y riesgos que vivencian a diario en sus trayectos y rutas hacia la instituci\u00f3n escolar, para identificar factores de riesgo y realizar los planes de mejora que permitan fortalecer los procesos de educaci\u00f3n vial en nuestros entornos educativos.<\/p>\n\n\n\n<p><br>El Objetivo de la Agencia Nacional de Seguridad Vial es brindar asistencia, y herramientas M\u00f3viles pedag\u00f3gicas a trav\u00e9s del Operador (Unidades tecnol\u00f3gicas de Santander) de la Estrategia Integral de Promoci\u00f3n de la Seguridad Vial Escolar.<\/p>\n\n\n\n<figure class=\"wp-block-gallery has-nested-images columns-default is-cropped wp-block-gallery-1 is-layout-flex wp-block-gallery-is-layout-flex\">\n<figure class=\"wp-block-image size-large\"><img data-recalc-dims=\"1\" loading=\"lazy\" decoding=\"async\" width=\"1024\" height=\"682\" data-id=\"8091\" src=\"https:\/\/i0.wp.com\/florencia.edu.co\/portal\/v4\/wp-content\/uploads\/22-1.jpeg?resize=1024%2C682&#038;ssl=1\" alt=\"\" class=\"wp-image-8091\" srcset=\"https:\/\/i0.wp.com\/florencia.edu.co\/portal\/v4\/wp-content\/uploads\/22-1.jpeg?resize=1024%2C682&amp;ssl=1 1024w, https:\/\/i0.wp.com\/florencia.edu.co\/portal\/v4\/wp-content\/uploads\/22-1.jpeg?resize=300%2C200&amp;ssl=1 300w, https:\/\/i0.wp.com\/florencia.edu.co\/portal\/v4\/wp-content\/uploads\/22-1.jpeg?resize=768%2C512&amp;ssl=1 768w, https:\/\/i0.wp.com\/florencia.edu.co\/portal\/v4\/wp-content\/uploads\/22-1.jpeg?resize=500%2C333&amp;ssl=1 500w, https:\/\/i0.wp.com\/florencia.edu.co\/portal\/v4\/wp-content\/uploads\/22-1.jpeg?resize=800%2C533&amp;ssl=1 800w, https:\/\/i0.wp.com\/florencia.edu.co\/portal\/v4\/wp-content\/uploads\/22-1.jpeg?w=1250&amp;ssl=1 1250w\" sizes=\"auto, (max-width: 1000px) 100vw, 1000px\" \/><\/figure>\n<\/figure>\n\n\n\n<div class=\"wp-block-jetpack-slideshow aligncenter\" data-effect=\"slide\"><div class=\"wp-block-jetpack-slideshow_container swiper-container\"><ul class=\"wp-block-jetpack-slideshow_swiper-wrapper swiper-wrapper\"><li class=\"wp-block-jetpack-slideshow_slide swiper-slide\"><figure><img data-recalc-dims=\"1\" loading=\"lazy\" decoding=\"async\" width=\"473\" height=\"1024\" alt=\"\" class=\"wp-block-jetpack-slideshow_image wp-image-8093\" data-id=\"8093\" src=\"https:\/\/i0.wp.com\/florencia.edu.co\/portal\/v4\/wp-content\/uploads\/140.jpeg?resize=473%2C1024&#038;ssl=1\" srcset=\"https:\/\/i0.wp.com\/florencia.edu.co\/portal\/v4\/wp-content\/uploads\/140.jpeg?resize=473%2C1024&amp;ssl=1 473w, https:\/\/i0.wp.com\/florencia.edu.co\/portal\/v4\/wp-content\/uploads\/140.jpeg?resize=138%2C300&amp;ssl=1 138w, https:\/\/i0.wp.com\/florencia.edu.co\/portal\/v4\/wp-content\/uploads\/140.jpeg?w=480&amp;ssl=1 480w\" sizes=\"(max-width: 473px) 100vw, 473px\" \/><figcaption class=\"wp-block-jetpack-slideshow_caption gallery-caption\">Construcci\u00f3n Cartograf\u00eda IE Juan Bautista Migani<\/figcaption><\/figure><\/li><li class=\"wp-block-jetpack-slideshow_slide swiper-slide\"><figure><img data-recalc-dims=\"1\" loading=\"lazy\" decoding=\"async\" width=\"473\" height=\"1024\" alt=\"\" class=\"wp-block-jetpack-slideshow_image wp-image-8094\" data-id=\"8094\" src=\"https:\/\/i0.wp.com\/florencia.edu.co\/portal\/v4\/wp-content\/uploads\/103.jpeg?resize=473%2C1024&#038;ssl=1\" srcset=\"https:\/\/i0.wp.com\/florencia.edu.co\/portal\/v4\/wp-content\/uploads\/103.jpeg?resize=473%2C1024&amp;ssl=1 473w, https:\/\/i0.wp.com\/florencia.edu.co\/portal\/v4\/wp-content\/uploads\/103.jpeg?resize=138%2C300&amp;ssl=1 138w, https:\/\/i0.wp.com\/florencia.edu.co\/portal\/v4\/wp-content\/uploads\/103.jpeg?w=480&amp;ssl=1 480w\" sizes=\"(max-width: 473px) 100vw, 473px\" \/><figcaption class=\"wp-block-jetpack-slideshow_caption gallery-caption\">Construcci\u00f3n Cartograf\u00eda IE Juan Bautista Migani<\/figcaption><\/figure><\/li><li class=\"wp-block-jetpack-slideshow_slide swiper-slide\"><figure><img data-recalc-dims=\"1\" loading=\"lazy\" decoding=\"async\" width=\"1024\" height=\"771\" alt=\"\" class=\"wp-block-jetpack-slideshow_image wp-image-8095\" data-id=\"8095\" src=\"https:\/\/i0.wp.com\/florencia.edu.co\/portal\/v4\/wp-content\/uploads\/124.jpeg?resize=1024%2C771&#038;ssl=1\" srcset=\"https:\/\/i0.wp.com\/florencia.edu.co\/portal\/v4\/wp-content\/uploads\/124.jpeg?resize=1024%2C771&amp;ssl=1 1024w, https:\/\/i0.wp.com\/florencia.edu.co\/portal\/v4\/wp-content\/uploads\/124.jpeg?resize=300%2C226&amp;ssl=1 300w, https:\/\/i0.wp.com\/florencia.edu.co\/portal\/v4\/wp-content\/uploads\/124.jpeg?resize=768%2C578&amp;ssl=1 768w, https:\/\/i0.wp.com\/florencia.edu.co\/portal\/v4\/wp-content\/uploads\/124.jpeg?resize=1536%2C1156&amp;ssl=1 1536w, https:\/\/i0.wp.com\/florencia.edu.co\/portal\/v4\/wp-content\/uploads\/124.jpeg?resize=500%2C376&amp;ssl=1 500w, https:\/\/i0.wp.com\/florencia.edu.co\/portal\/v4\/wp-content\/uploads\/124.jpeg?resize=800%2C602&amp;ssl=1 800w, https:\/\/i0.wp.com\/florencia.edu.co\/portal\/v4\/wp-content\/uploads\/124.jpeg?resize=1280%2C963&amp;ssl=1 1280w, https:\/\/i0.wp.com\/florencia.edu.co\/portal\/v4\/wp-content\/uploads\/124.jpeg?w=1600&amp;ssl=1 1600w\" sizes=\"(max-width: 1000px) 100vw, 1000px\" \/><figcaption class=\"wp-block-jetpack-slideshow_caption gallery-caption\">Reuni\u00f3n Comit\u00e9 Agencia Nacional de Seguridad Vial<\/figcaption><\/figure><\/li><li class=\"wp-block-jetpack-slideshow_slide swiper-slide\"><figure><img data-recalc-dims=\"1\" loading=\"lazy\" decoding=\"async\" width=\"1024\" height=\"768\" alt=\"\" class=\"wp-block-jetpack-slideshow_image wp-image-8096\" data-id=\"8096\" src=\"https:\/\/i0.wp.com\/florencia.edu.co\/portal\/v4\/wp-content\/uploads\/128.jpeg?resize=1024%2C768&#038;ssl=1\" srcset=\"https:\/\/i0.wp.com\/florencia.edu.co\/portal\/v4\/wp-content\/uploads\/128.jpeg?resize=1024%2C768&amp;ssl=1 1024w, https:\/\/i0.wp.com\/florencia.edu.co\/portal\/v4\/wp-content\/uploads\/128.jpeg?resize=300%2C225&amp;ssl=1 300w, https:\/\/i0.wp.com\/florencia.edu.co\/portal\/v4\/wp-content\/uploads\/128.jpeg?resize=768%2C576&amp;ssl=1 768w, https:\/\/i0.wp.com\/florencia.edu.co\/portal\/v4\/wp-content\/uploads\/128.jpeg?resize=1536%2C1152&amp;ssl=1 1536w, https:\/\/i0.wp.com\/florencia.edu.co\/portal\/v4\/wp-content\/uploads\/128.jpeg?resize=500%2C375&amp;ssl=1 500w, https:\/\/i0.wp.com\/florencia.edu.co\/portal\/v4\/wp-content\/uploads\/128.jpeg?resize=800%2C600&amp;ssl=1 800w, https:\/\/i0.wp.com\/florencia.edu.co\/portal\/v4\/wp-content\/uploads\/128.jpeg?resize=1280%2C960&amp;ssl=1 1280w, https:\/\/i0.wp.com\/florencia.edu.co\/portal\/v4\/wp-content\/uploads\/128.jpeg?w=1600&amp;ssl=1 1600w\" sizes=\"(max-width: 1000px) 100vw, 1000px\" \/><figcaption class=\"wp-block-jetpack-slideshow_caption gallery-caption\">Comit\u00e9 IE Juan Bautista Migani<\/figcaption><\/figure><\/li><li class=\"wp-block-jetpack-slideshow_slide swiper-slide\"><figure><img data-recalc-dims=\"1\" loading=\"lazy\" decoding=\"async\" width=\"1024\" height=\"762\" alt=\"\" class=\"wp-block-jetpack-slideshow_image wp-image-8097\" data-id=\"8097\" src=\"https:\/\/i0.wp.com\/florencia.edu.co\/portal\/v4\/wp-content\/uploads\/115.jpeg?resize=1024%2C762&#038;ssl=1\" srcset=\"https:\/\/i0.wp.com\/florencia.edu.co\/portal\/v4\/wp-content\/uploads\/115.jpeg?resize=1024%2C762&amp;ssl=1 1024w, https:\/\/i0.wp.com\/florencia.edu.co\/portal\/v4\/wp-content\/uploads\/115.jpeg?resize=300%2C223&amp;ssl=1 300w, https:\/\/i0.wp.com\/florencia.edu.co\/portal\/v4\/wp-content\/uploads\/115.jpeg?resize=768%2C572&amp;ssl=1 768w, https:\/\/i0.wp.com\/florencia.edu.co\/portal\/v4\/wp-content\/uploads\/115.jpeg?resize=1536%2C1143&amp;ssl=1 1536w, https:\/\/i0.wp.com\/florencia.edu.co\/portal\/v4\/wp-content\/uploads\/115.jpeg?resize=500%2C372&amp;ssl=1 500w, https:\/\/i0.wp.com\/florencia.edu.co\/portal\/v4\/wp-content\/uploads\/115.jpeg?resize=800%2C596&amp;ssl=1 800w, https:\/\/i0.wp.com\/florencia.edu.co\/portal\/v4\/wp-content\/uploads\/115.jpeg?resize=1280%2C953&amp;ssl=1 1280w, https:\/\/i0.wp.com\/florencia.edu.co\/portal\/v4\/wp-content\/uploads\/115.jpeg?w=1600&amp;ssl=1 1600w\" sizes=\"(max-width: 1000px) 100vw, 1000px\" \/><figcaption class=\"wp-block-jetpack-slideshow_caption gallery-caption\">Comit\u00e9 IE Rural Bajo Caldas<\/figcaption><\/figure><\/li><li class=\"wp-block-jetpack-slideshow_slide swiper-slide\"><figure><img data-recalc-dims=\"1\" loading=\"lazy\" decoding=\"async\" width=\"1024\" height=\"460\" alt=\"\" class=\"wp-block-jetpack-slideshow_image wp-image-8098\" data-id=\"8098\" src=\"https:\/\/i0.wp.com\/florencia.edu.co\/portal\/v4\/wp-content\/uploads\/109.jpeg?resize=1024%2C460&#038;ssl=1\" srcset=\"https:\/\/i0.wp.com\/florencia.edu.co\/portal\/v4\/wp-content\/uploads\/109.jpeg?resize=1024%2C460&amp;ssl=1 1024w, https:\/\/i0.wp.com\/florencia.edu.co\/portal\/v4\/wp-content\/uploads\/109.jpeg?resize=300%2C135&amp;ssl=1 300w, https:\/\/i0.wp.com\/florencia.edu.co\/portal\/v4\/wp-content\/uploads\/109.jpeg?resize=768%2C345&amp;ssl=1 768w, https:\/\/i0.wp.com\/florencia.edu.co\/portal\/v4\/wp-content\/uploads\/109.jpeg?resize=1536%2C689&amp;ssl=1 1536w, https:\/\/i0.wp.com\/florencia.edu.co\/portal\/v4\/wp-content\/uploads\/109.jpeg?resize=500%2C224&amp;ssl=1 500w, https:\/\/i0.wp.com\/florencia.edu.co\/portal\/v4\/wp-content\/uploads\/109.jpeg?resize=800%2C359&amp;ssl=1 800w, https:\/\/i0.wp.com\/florencia.edu.co\/portal\/v4\/wp-content\/uploads\/109.jpeg?resize=1280%2C574&amp;ssl=1 1280w, https:\/\/i0.wp.com\/florencia.edu.co\/portal\/v4\/wp-content\/uploads\/109.jpeg?w=1600&amp;ssl=1 1600w\" sizes=\"(max-width: 1000px) 100vw, 1000px\" \/><figcaption class=\"wp-block-jetpack-slideshow_caption gallery-caption\">Comit\u00e9 IE Antonio Ricaurte<\/figcaption><\/figure><\/li><li class=\"wp-block-jetpack-slideshow_slide swiper-slide\"><figure><img data-recalc-dims=\"1\" loading=\"lazy\" decoding=\"async\" width=\"768\" height=\"1024\" alt=\"\" class=\"wp-block-jetpack-slideshow_image wp-image-8099\" data-id=\"8099\" src=\"https:\/\/i0.wp.com\/florencia.edu.co\/portal\/v4\/wp-content\/uploads\/125.jpeg?resize=768%2C1024&#038;ssl=1\" srcset=\"https:\/\/i0.wp.com\/florencia.edu.co\/portal\/v4\/wp-content\/uploads\/125.jpeg?resize=768%2C1024&amp;ssl=1 768w, https:\/\/i0.wp.com\/florencia.edu.co\/portal\/v4\/wp-content\/uploads\/125.jpeg?resize=225%2C300&amp;ssl=1 225w, https:\/\/i0.wp.com\/florencia.edu.co\/portal\/v4\/wp-content\/uploads\/125.jpeg?resize=1152%2C1536&amp;ssl=1 1152w, https:\/\/i0.wp.com\/florencia.edu.co\/portal\/v4\/wp-content\/uploads\/125.jpeg?resize=500%2C667&amp;ssl=1 500w, https:\/\/i0.wp.com\/florencia.edu.co\/portal\/v4\/wp-content\/uploads\/125.jpeg?resize=800%2C1067&amp;ssl=1 800w, https:\/\/i0.wp.com\/florencia.edu.co\/portal\/v4\/wp-content\/uploads\/125.jpeg?w=1200&amp;ssl=1 1200w\" sizes=\"(max-width: 768px) 100vw, 768px\" \/><figcaption class=\"wp-block-jetpack-slideshow_caption gallery-caption\">Comit\u00e9 IE Juan Bautista Migani<\/figcaption><\/figure><\/li><li class=\"wp-block-jetpack-slideshow_slide swiper-slide\"><figure><img data-recalc-dims=\"1\" loading=\"lazy\" decoding=\"async\" width=\"1024\" height=\"780\" alt=\"\" class=\"wp-block-jetpack-slideshow_image wp-image-8100\" data-id=\"8100\" src=\"https:\/\/i0.wp.com\/florencia.edu.co\/portal\/v4\/wp-content\/uploads\/112.jpeg?resize=1024%2C780&#038;ssl=1\" srcset=\"https:\/\/i0.wp.com\/florencia.edu.co\/portal\/v4\/wp-content\/uploads\/112.jpeg?resize=1024%2C780&amp;ssl=1 1024w, https:\/\/i0.wp.com\/florencia.edu.co\/portal\/v4\/wp-content\/uploads\/112.jpeg?resize=300%2C229&amp;ssl=1 300w, https:\/\/i0.wp.com\/florencia.edu.co\/portal\/v4\/wp-content\/uploads\/112.jpeg?resize=768%2C585&amp;ssl=1 768w, https:\/\/i0.wp.com\/florencia.edu.co\/portal\/v4\/wp-content\/uploads\/112.jpeg?resize=1536%2C1170&amp;ssl=1 1536w, https:\/\/i0.wp.com\/florencia.edu.co\/portal\/v4\/wp-content\/uploads\/112.jpeg?resize=500%2C381&amp;ssl=1 500w, https:\/\/i0.wp.com\/florencia.edu.co\/portal\/v4\/wp-content\/uploads\/112.jpeg?resize=800%2C610&amp;ssl=1 800w, https:\/\/i0.wp.com\/florencia.edu.co\/portal\/v4\/wp-content\/uploads\/112.jpeg?resize=1280%2C975&amp;ssl=1 1280w, https:\/\/i0.wp.com\/florencia.edu.co\/portal\/v4\/wp-content\/uploads\/112.jpeg?w=1600&amp;ssl=1 1600w\" sizes=\"(max-width: 1000px) 100vw, 1000px\" \/><figcaption class=\"wp-block-jetpack-slideshow_caption gallery-caption\">Comit\u00e9 IE Rural Bajo Caldas<\/figcaption><\/figure><\/li><li class=\"wp-block-jetpack-slideshow_slide swiper-slide\"><figure><img data-recalc-dims=\"1\" loading=\"lazy\" decoding=\"async\" width=\"1024\" height=\"473\" alt=\"\" class=\"wp-block-jetpack-slideshow_image wp-image-8101\" data-id=\"8101\" src=\"https:\/\/i0.wp.com\/florencia.edu.co\/portal\/v4\/wp-content\/uploads\/34.jpeg?resize=1024%2C473&#038;ssl=1\" srcset=\"https:\/\/i0.wp.com\/florencia.edu.co\/portal\/v4\/wp-content\/uploads\/34.jpeg?resize=1024%2C473&amp;ssl=1 1024w, https:\/\/i0.wp.com\/florencia.edu.co\/portal\/v4\/wp-content\/uploads\/34.jpeg?resize=300%2C138&amp;ssl=1 300w, https:\/\/i0.wp.com\/florencia.edu.co\/portal\/v4\/wp-content\/uploads\/34.jpeg?resize=768%2C354&amp;ssl=1 768w, https:\/\/i0.wp.com\/florencia.edu.co\/portal\/v4\/wp-content\/uploads\/34.jpeg?resize=500%2C231&amp;ssl=1 500w, https:\/\/i0.wp.com\/florencia.edu.co\/portal\/v4\/wp-content\/uploads\/34.jpeg?resize=800%2C369&amp;ssl=1 800w, https:\/\/i0.wp.com\/florencia.edu.co\/portal\/v4\/wp-content\/uploads\/34.jpeg?w=1040&amp;ssl=1 1040w\" sizes=\"(max-width: 1000px) 100vw, 1000px\" \/><figcaption class=\"wp-block-jetpack-slideshow_caption gallery-caption\">Construcci\u00f3n Cartograf\u00eda IE Juan Bautista Migani<\/figcaption><\/figure><\/li><li class=\"wp-block-jetpack-slideshow_slide swiper-slide\"><figure><img data-recalc-dims=\"1\" loading=\"lazy\" decoding=\"async\" width=\"1024\" height=\"679\" alt=\"\" class=\"wp-block-jetpack-slideshow_image wp-image-8102\" data-id=\"8102\" src=\"https:\/\/i0.wp.com\/florencia.edu.co\/portal\/v4\/wp-content\/uploads\/131.jpeg?resize=1024%2C679&#038;ssl=1\" srcset=\"https:\/\/i0.wp.com\/florencia.edu.co\/portal\/v4\/wp-content\/uploads\/131.jpeg?resize=1024%2C679&amp;ssl=1 1024w, https:\/\/i0.wp.com\/florencia.edu.co\/portal\/v4\/wp-content\/uploads\/131.jpeg?resize=300%2C199&amp;ssl=1 300w, https:\/\/i0.wp.com\/florencia.edu.co\/portal\/v4\/wp-content\/uploads\/131.jpeg?resize=768%2C509&amp;ssl=1 768w, https:\/\/i0.wp.com\/florencia.edu.co\/portal\/v4\/wp-content\/uploads\/131.jpeg?resize=500%2C331&amp;ssl=1 500w, https:\/\/i0.wp.com\/florencia.edu.co\/portal\/v4\/wp-content\/uploads\/131.jpeg?resize=800%2C530&amp;ssl=1 800w, https:\/\/i0.wp.com\/florencia.edu.co\/portal\/v4\/wp-content\/uploads\/131.jpeg?resize=1280%2C848&amp;ssl=1 1280w, https:\/\/i0.wp.com\/florencia.edu.co\/portal\/v4\/wp-content\/uploads\/131.jpeg?w=1328&amp;ssl=1 1328w\" sizes=\"(max-width: 1000px) 100vw, 1000px\" \/><figcaption class=\"wp-block-jetpack-slideshow_caption gallery-caption\">Encuentro SEM<\/figcaption><\/figure><\/li><li class=\"wp-block-jetpack-slideshow_slide swiper-slide\"><figure><img data-recalc-dims=\"1\" loading=\"lazy\" decoding=\"async\" width=\"1024\" height=\"768\" alt=\"\" class=\"wp-block-jetpack-slideshow_image wp-image-8103\" data-id=\"8103\" src=\"https:\/\/i0.wp.com\/florencia.edu.co\/portal\/v4\/wp-content\/uploads\/200.jpeg?resize=1024%2C768&#038;ssl=1\" srcset=\"https:\/\/i0.wp.com\/florencia.edu.co\/portal\/v4\/wp-content\/uploads\/200.jpeg?resize=1024%2C768&amp;ssl=1 1024w, https:\/\/i0.wp.com\/florencia.edu.co\/portal\/v4\/wp-content\/uploads\/200.jpeg?resize=300%2C225&amp;ssl=1 300w, https:\/\/i0.wp.com\/florencia.edu.co\/portal\/v4\/wp-content\/uploads\/200.jpeg?resize=768%2C576&amp;ssl=1 768w, https:\/\/i0.wp.com\/florencia.edu.co\/portal\/v4\/wp-content\/uploads\/200.jpeg?resize=1536%2C1152&amp;ssl=1 1536w, https:\/\/i0.wp.com\/florencia.edu.co\/portal\/v4\/wp-content\/uploads\/200.jpeg?resize=500%2C375&amp;ssl=1 500w, https:\/\/i0.wp.com\/florencia.edu.co\/portal\/v4\/wp-content\/uploads\/200.jpeg?resize=800%2C600&amp;ssl=1 800w, https:\/\/i0.wp.com\/florencia.edu.co\/portal\/v4\/wp-content\/uploads\/200.jpeg?resize=1280%2C960&amp;ssl=1 1280w, https:\/\/i0.wp.com\/florencia.edu.co\/portal\/v4\/wp-content\/uploads\/200.jpeg?w=1600&amp;ssl=1 1600w\" sizes=\"(max-width: 1000px) 100vw, 1000px\" \/><figcaption class=\"wp-block-jetpack-slideshow_caption gallery-caption\">Encuentro SEM<\/figcaption><\/figure><\/li><li class=\"wp-block-jetpack-slideshow_slide swiper-slide\"><figure><img data-recalc-dims=\"1\" loading=\"lazy\" decoding=\"async\" width=\"807\" height=\"615\" alt=\"\" class=\"wp-block-jetpack-slideshow_image wp-image-8104\" data-id=\"8104\" src=\"https:\/\/i0.wp.com\/florencia.edu.co\/portal\/v4\/wp-content\/uploads\/500.jpeg?resize=807%2C615&#038;ssl=1\" srcset=\"https:\/\/i0.wp.com\/florencia.edu.co\/portal\/v4\/wp-content\/uploads\/500.jpeg?w=807&amp;ssl=1 807w, https:\/\/i0.wp.com\/florencia.edu.co\/portal\/v4\/wp-content\/uploads\/500.jpeg?resize=300%2C229&amp;ssl=1 300w, https:\/\/i0.wp.com\/florencia.edu.co\/portal\/v4\/wp-content\/uploads\/500.jpeg?resize=768%2C585&amp;ssl=1 768w, https:\/\/i0.wp.com\/florencia.edu.co\/portal\/v4\/wp-content\/uploads\/500.jpeg?resize=500%2C381&amp;ssl=1 500w, https:\/\/i0.wp.com\/florencia.edu.co\/portal\/v4\/wp-content\/uploads\/500.jpeg?resize=800%2C610&amp;ssl=1 800w\" sizes=\"(max-width: 807px) 100vw, 807px\" \/><figcaption class=\"wp-block-jetpack-slideshow_caption gallery-caption\">Construcci\u00f3n Cartograf\u00eda IE Antonio Ricaurte<\/figcaption><\/figure><\/li><li class=\"wp-block-jetpack-slideshow_slide swiper-slide\"><figure><img data-recalc-dims=\"1\" loading=\"lazy\" decoding=\"async\" width=\"1024\" height=\"771\" alt=\"\" class=\"wp-block-jetpack-slideshow_image wp-image-8105\" data-id=\"8105\" src=\"https:\/\/i0.wp.com\/florencia.edu.co\/portal\/v4\/wp-content\/uploads\/700.jpeg?resize=1024%2C771&#038;ssl=1\" srcset=\"https:\/\/i0.wp.com\/florencia.edu.co\/portal\/v4\/wp-content\/uploads\/700.jpeg?resize=1024%2C771&amp;ssl=1 1024w, https:\/\/i0.wp.com\/florencia.edu.co\/portal\/v4\/wp-content\/uploads\/700.jpeg?resize=300%2C226&amp;ssl=1 300w, https:\/\/i0.wp.com\/florencia.edu.co\/portal\/v4\/wp-content\/uploads\/700.jpeg?resize=768%2C578&amp;ssl=1 768w, https:\/\/i0.wp.com\/florencia.edu.co\/portal\/v4\/wp-content\/uploads\/700.jpeg?resize=1536%2C1156&amp;ssl=1 1536w, https:\/\/i0.wp.com\/florencia.edu.co\/portal\/v4\/wp-content\/uploads\/700.jpeg?resize=500%2C376&amp;ssl=1 500w, https:\/\/i0.wp.com\/florencia.edu.co\/portal\/v4\/wp-content\/uploads\/700.jpeg?resize=800%2C602&amp;ssl=1 800w, https:\/\/i0.wp.com\/florencia.edu.co\/portal\/v4\/wp-content\/uploads\/700.jpeg?resize=1280%2C963&amp;ssl=1 1280w, https:\/\/i0.wp.com\/florencia.edu.co\/portal\/v4\/wp-content\/uploads\/700.jpeg?w=1600&amp;ssl=1 1600w\" sizes=\"(max-width: 1000px) 100vw, 1000px\" \/><figcaption class=\"wp-block-jetpack-slideshow_caption gallery-caption\">Comit\u00e9 IE Rural Puerto Arango<\/figcaption><\/figure><\/li><\/ul><a class=\"wp-block-jetpack-slideshow_button-prev swiper-button-prev swiper-button-white\" role=\"button\"><\/a><a class=\"wp-block-jetpack-slideshow_button-next swiper-button-next swiper-button-white\" role=\"button\"><\/a><a aria-label=\"Pause Slideshow\" class=\"wp-block-jetpack-slideshow_button-pause\" role=\"button\"><\/a><div class=\"wp-block-jetpack-slideshow_pagination swiper-pagination swiper-pagination-white\"><\/div><\/div><\/div>\n","protected":false},"excerpt":{"rendered":"<p>Con el \u00e1nimo de prevenir, disminuir y mitigar los riesgos viales, desde la Secretar\u00eda de Educaci\u00f3n realizamos acompa\u00f1amiento a la activaci\u00f3n de los Comit\u00e9s del Plan de Movilidad Escolar de las Instituciones Educativas priorizadas por la Agencia Nacional de Seguridad Vial, ellas son, la IE Rural Puerto Arango, la IE Rural Bajo Caldas, La IE [&hellip;]<\/p>\n","protected":false},"author":5,"featured_media":8090,"comment_status":"closed","ping_status":"closed","sticky":false,"template":"","format":"standard","meta":{"advanced_seo_description":"","jetpack_seo_html_title":"","jetpack_seo_noindex":false,"_vp_format_video_url":"","_vp_image_focal_point":[],"_jetpack_memberships_contains_paid_content":false,"footnotes":""},"categories":[11],"tags":[],"class_list":["post-8087","post","type-post","status-publish","format-standard","has-post-thumbnail","hentry","category-calidad-educativa"],"jetpack_featured_media_url":"https:\/\/i0.wp.com\/florencia.edu.co\/portal\/v4\/wp-content\/uploads\/15-cartografia.jpg?fit=1040%2C480&ssl=1","jetpack-related-posts":[{"id":8372,"url":"https:\/\/florencia.edu.co\/portal\/v4\/avanzamos-en-los-planes-de-movilidad-escolar-para-salvaguardar-y-protegerla-vida-de-nuestros-estudiantes\/","url_meta":{"origin":8087,"position":0},"title":"Avanzamos en los Planes de Movilidad Escolar, para salvaguardar y proteger la vida de nuestros estudiantes.","author":"SANDRA MILENA SALAZAR RAM\u00d3N","date":"17 mayo, 2025","format":false,"excerpt":"Se culmina primera fase de diagn\u00f3stico y se avanza en los planes de acci\u00f3n. Con gran satisfacci\u00f3n realizamos acompa\u00f1amiento a las Instituciones Educativas, en esta primera fase de culminaci\u00f3n en la consolidaci\u00f3n de los Planes de Movilidad Escolar, IE priorizadas por la Agencia Nacional de Seguridad Vial, junto al operador\u2026","rel":"","context":"En \u00abEventos\u00bb","block_context":{"text":"Eventos","link":"https:\/\/florencia.edu.co\/portal\/v4\/category\/eventos\/"},"img":{"alt_text":"","src":"https:\/\/i0.wp.com\/florencia.edu.co\/portal\/v4\/wp-content\/uploads\/62.jpeg?fit=1200%2C900&ssl=1&resize=350%2C200","width":350,"height":200,"srcset":"https:\/\/i0.wp.com\/florencia.edu.co\/portal\/v4\/wp-content\/uploads\/62.jpeg?fit=1200%2C900&ssl=1&resize=350%2C200 1x, https:\/\/i0.wp.com\/florencia.edu.co\/portal\/v4\/wp-content\/uploads\/62.jpeg?fit=1200%2C900&ssl=1&resize=525%2C300 1.5x, https:\/\/i0.wp.com\/florencia.edu.co\/portal\/v4\/wp-content\/uploads\/62.jpeg?fit=1200%2C900&ssl=1&resize=700%2C400 2x, https:\/\/i0.wp.com\/florencia.edu.co\/portal\/v4\/wp-content\/uploads\/62.jpeg?fit=1200%2C900&ssl=1&resize=1050%2C600 3x"},"classes":[]},{"id":8553,"url":"https:\/\/florencia.edu.co\/portal\/v4\/la-secretaria-de-educacion-realizo-acompanamiento-a-cada-una-de-las-instituciones-educativas-que-realizaron-el-foro-educativo-institucional-l\/","url_meta":{"origin":8087,"position":1},"title":"La Secretar\u00eda de Educaci\u00f3n realiz\u00f3 acompa\u00f1amiento a cada una de las Instituciones Educativas que realizaron el FORO EDUCATIVO INSTITUCIONAL.                                                     \u00a1La educaci\u00f3n la construimos entre todos!","author":"SANDRA MILENA SALAZAR RAM\u00d3N","date":"8 julio, 2025","format":false,"excerpt":"Aportando ideas para el Plan Nacional Decenal de Educaci\u00f3n 2026-2035 La Secretar\u00eda de Educaci\u00f3n, en el marco del Plan Nacional Decenal de Educaci\u00f3n, lider\u00f3 convocatoria, para la realizaci\u00f3n del FORO EDUCATIVO INSTITUCIONAL en cada uno de los establecimientos educativos oficiales de Florencia, con el prop\u00f3sito de contribuir a la construcci\u00f3n\u2026","rel":"","context":"En \u00abCalidad Educativa\u00bb","block_context":{"text":"Calidad Educativa","link":"https:\/\/florencia.edu.co\/portal\/v4\/category\/calidad-educativa\/"},"img":{"alt_text":"","src":"https:\/\/i0.wp.com\/florencia.edu.co\/portal\/v4\/wp-content\/uploads\/100.jpeg?fit=900%2C1200&ssl=1&resize=350%2C200","width":350,"height":200,"srcset":"https:\/\/i0.wp.com\/florencia.edu.co\/portal\/v4\/wp-content\/uploads\/100.jpeg?fit=900%2C1200&ssl=1&resize=350%2C200 1x, https:\/\/i0.wp.com\/florencia.edu.co\/portal\/v4\/wp-content\/uploads\/100.jpeg?fit=900%2C1200&ssl=1&resize=525%2C300 1.5x, https:\/\/i0.wp.com\/florencia.edu.co\/portal\/v4\/wp-content\/uploads\/100.jpeg?fit=900%2C1200&ssl=1&resize=700%2C400 2x"},"classes":[]},{"id":6987,"url":"https:\/\/florencia.edu.co\/portal\/v4\/secretaria-de-educacion-de-florencia-realiza-visita-de-acompanamiento-y-gestion-en-las-instituciones-educativas-agroecologico-amazonico-buinaima-y-jorge-eliecer-gaitan\/","url_meta":{"origin":8087,"position":2},"title":"Secretar\u00eda de Educaci\u00f3n de Florencia, realiza visita de acompa\u00f1amiento y gesti\u00f3n en las Instituciones Educativas Agroecol\u00f3gico Amaz\u00f3nico Buinaima y Jorge Eliecer Gait\u00e1n. \u00a0","author":"SANDRA MILENA SALAZAR RAM\u00d3N","date":"29 agosto, 2024","format":false,"excerpt":"Visita IE Agroecol\u00f3gico Amaz\u00f3nico Buinaima. En una importante jornada, el Secretario de Educaci\u00f3n de Florencia, Fener de los R\u00edos Barrera, en compa\u00f1\u00eda de su equipo de trabajo, inici\u00f3 recorrido por la Instituci\u00f3n Educativa Agroecol\u00f3gico Amaz\u00f3nico Buinaima, y Jorge Eliecer Gait\u00e1n, para conocer de cerca un diagn\u00f3stico de su infraestructura y\u2026","rel":"","context":"En \u00abCalidad Educativa\u00bb","block_context":{"text":"Calidad Educativa","link":"https:\/\/florencia.edu.co\/portal\/v4\/category\/calidad-educativa\/"},"img":{"alt_text":"","src":"https:\/\/i0.wp.com\/florencia.edu.co\/portal\/v4\/wp-content\/uploads\/6.jpg?fit=1200%2C1005&ssl=1&resize=350%2C200","width":350,"height":200,"srcset":"https:\/\/i0.wp.com\/florencia.edu.co\/portal\/v4\/wp-content\/uploads\/6.jpg?fit=1200%2C1005&ssl=1&resize=350%2C200 1x, https:\/\/i0.wp.com\/florencia.edu.co\/portal\/v4\/wp-content\/uploads\/6.jpg?fit=1200%2C1005&ssl=1&resize=525%2C300 1.5x, https:\/\/i0.wp.com\/florencia.edu.co\/portal\/v4\/wp-content\/uploads\/6.jpg?fit=1200%2C1005&ssl=1&resize=700%2C400 2x, https:\/\/i0.wp.com\/florencia.edu.co\/portal\/v4\/wp-content\/uploads\/6.jpg?fit=1200%2C1005&ssl=1&resize=1050%2C600 3x"},"classes":[]},{"id":7149,"url":"https:\/\/florencia.edu.co\/portal\/v4\/la-secretaria-de-educacion-realizo-con-exito-el-foro-educativo-2024-somos-amazonia-transformamos-desde-la-educacion-16-establecimientos-educativos-rurales-y-urbanos-presentaron-sus-experiencias\/","url_meta":{"origin":8087,"position":3},"title":"La Secretar\u00eda de Educaci\u00f3n realiz\u00f3 con \u00e9xito el Foro Educativo 2024  \u00abSomos Amazonia, transformamos desde la Educaci\u00f3n\u00bb 16 establecimientos educativos, rurales y urbanos presentaron sus experiencias significativas.","author":"SANDRA MILENA SALAZAR RAM\u00d3N","date":"17 octubre, 2024","format":false,"excerpt":"Las experiencias ganadoras, tendr\u00e1n la oportunidad de representar a Florencia en el Foro Nacional. Ganadora IE Jos\u00e9 Antonio Gal\u00e1n, con la Experiencia \" La Escuela como Escenario para Construir Paz\" Ganadora IE Los Andes, con la experiencia \"Sembrar Convivencia, es Cosechar Paz\" En el marco de la COP16, y con\u2026","rel":"","context":"En \u00abEventos\u00bb","block_context":{"text":"Eventos","link":"https:\/\/florencia.edu.co\/portal\/v4\/category\/eventos\/"},"img":{"alt_text":"","src":"https:\/\/i0.wp.com\/florencia.edu.co\/portal\/v4\/wp-content\/uploads\/21-1.jpg?fit=1200%2C900&ssl=1&resize=350%2C200","width":350,"height":200,"srcset":"https:\/\/i0.wp.com\/florencia.edu.co\/portal\/v4\/wp-content\/uploads\/21-1.jpg?fit=1200%2C900&ssl=1&resize=350%2C200 1x, https:\/\/i0.wp.com\/florencia.edu.co\/portal\/v4\/wp-content\/uploads\/21-1.jpg?fit=1200%2C900&ssl=1&resize=525%2C300 1.5x, https:\/\/i0.wp.com\/florencia.edu.co\/portal\/v4\/wp-content\/uploads\/21-1.jpg?fit=1200%2C900&ssl=1&resize=700%2C400 2x, https:\/\/i0.wp.com\/florencia.edu.co\/portal\/v4\/wp-content\/uploads\/21-1.jpg?fit=1200%2C900&ssl=1&resize=1050%2C600 3x"},"classes":[]},{"id":8748,"url":"https:\/\/florencia.edu.co\/portal\/v4\/con-la-participacion-de-12-instituciones-educativas-realizamos-el-4-encuentro-de-proyectos-ambientales-de-educacion-inicial-prae-nivel-preescolar\/","url_meta":{"origin":8087,"position":4},"title":"Con la participaci\u00f3n de 12 Instituciones Educativas, realizamos el 4\u00b0 Encuentro de Proyectos Ambientales de Educaci\u00f3n Inicial PRAE -Nivel PREESCOLAR.","author":"SANDRA MILENA SALAZAR RAM\u00d3N","date":"8 septiembre, 2025","format":false,"excerpt":"Al reunir a los peque\u00f1os en un espacio donde puedan interactuar, explorar y aprender juntos, se promueve un ambiente enriquecedor que estimula su curiosidad natural y su deseo de aprender y compartir sus saberes estrechando el v\u00ednculo entre la familia y la escuela puesto que se hace necesario el acompa\u00f1amiento\u2026","rel":"","context":"En \u00abEventos\u00bb","block_context":{"text":"Eventos","link":"https:\/\/florencia.edu.co\/portal\/v4\/category\/eventos\/"},"img":{"alt_text":"","src":"https:\/\/i0.wp.com\/florencia.edu.co\/portal\/v4\/wp-content\/uploads\/12-7.jpeg?fit=1200%2C800&ssl=1&resize=350%2C200","width":350,"height":200,"srcset":"https:\/\/i0.wp.com\/florencia.edu.co\/portal\/v4\/wp-content\/uploads\/12-7.jpeg?fit=1200%2C800&ssl=1&resize=350%2C200 1x, https:\/\/i0.wp.com\/florencia.edu.co\/portal\/v4\/wp-content\/uploads\/12-7.jpeg?fit=1200%2C800&ssl=1&resize=525%2C300 1.5x, https:\/\/i0.wp.com\/florencia.edu.co\/portal\/v4\/wp-content\/uploads\/12-7.jpeg?fit=1200%2C800&ssl=1&resize=700%2C400 2x, https:\/\/i0.wp.com\/florencia.edu.co\/portal\/v4\/wp-content\/uploads\/12-7.jpeg?fit=1200%2C800&ssl=1&resize=1050%2C600 3x"},"classes":[]},{"id":8515,"url":"https:\/\/florencia.edu.co\/portal\/v4\/secretaria-de-educacion-participa-a-nivel-nacional-de-la-socializacion-de-los-logros-de-la-implementacion-de-la-politica-de-formacion-integral-y-los-desafios-que-se-tienen-desde-las-perspectivas-de\/","url_meta":{"origin":8087,"position":5},"title":"Secretar\u00eda de Educaci\u00f3n,  participa a nivel nacional de la socializaci\u00f3n de los logros de la implementaci\u00f3n de la Pol\u00edtica de Formaci\u00f3n Integral y los desaf\u00edos que se tienen desde las perspectivas de los diferentes actores a nivel pa\u00eds.","author":"SANDRA MILENA SALAZAR RAM\u00d3N","date":"16 junio, 2025","format":false,"excerpt":"En el marco del Plan Nacional de Desarrollo 2022-2026 \u201cColombia Potencia Mundial de la Vida\u201d En el marco del Plan Nacional de Desarrollo 2022-2026 \u201cColombia Potencia Mundial de la Vida\u201d y el Programa para mejorar la Equidad, las Competencias Socioemocionales y los Aprendizajes PROMISE, se realiz\u00f3 importante evento en presencia\u2026","rel":"","context":"En \u00abCalidad Educativa\u00bb","block_context":{"text":"Calidad Educativa","link":"https:\/\/florencia.edu.co\/portal\/v4\/category\/calidad-educativa\/"},"img":{"alt_text":"","src":"https:\/\/i0.wp.com\/florencia.edu.co\/portal\/v4\/wp-content\/uploads\/evento7.jpeg?fit=1200%2C900&ssl=1&resize=350%2C200","width":350,"height":200,"srcset":"https:\/\/i0.wp.com\/florencia.edu.co\/portal\/v4\/wp-content\/uploads\/evento7.jpeg?fit=1200%2C900&ssl=1&resize=350%2C200 1x, https:\/\/i0.wp.com\/florencia.edu.co\/portal\/v4\/wp-content\/uploads\/evento7.jpeg?fit=1200%2C900&ssl=1&resize=525%2C300 1.5x, https:\/\/i0.wp.com\/florencia.edu.co\/portal\/v4\/wp-content\/uploads\/evento7.jpeg?fit=1200%2C900&ssl=1&resize=700%2C400 2x, https:\/\/i0.wp.com\/florencia.edu.co\/portal\/v4\/wp-content\/uploads\/evento7.jpeg?fit=1200%2C900&ssl=1&resize=1050%2C600 3x"},"classes":[]}],"jetpack_sharing_enabled":true,"_links":{"self":[{"href":"https:\/\/florencia.edu.co\/portal\/v4\/wp-json\/wp\/v2\/posts\/8087","targetHints":{"allow":["GET"]}}],"collection":[{"href":"https:\/\/florencia.edu.co\/portal\/v4\/wp-json\/wp\/v2\/posts"}],"about":[{"href":"https:\/\/florencia.edu.co\/portal\/v4\/wp-json\/wp\/v2\/types\/post"}],"author":[{"embeddable":true,"href":"https:\/\/florencia.edu.co\/portal\/v4\/wp-json\/wp\/v2\/users\/5"}],"replies":[{"embeddable":true,"href":"https:\/\/florencia.edu.co\/portal\/v4\/wp-json\/wp\/v2\/comments?post=8087"}],"version-history":[{"count":4,"href":"https:\/\/florencia.edu.co\/portal\/v4\/wp-json\/wp\/v2\/posts\/8087\/revisions"}],"predecessor-version":[{"id":8107,"href":"https:\/\/florencia.edu.co\/portal\/v4\/wp-json\/wp\/v2\/posts\/8087\/revisions\/8107"}],"wp:featuredmedia":[{"embeddable":true,"href":"https:\/\/florencia.edu.co\/portal\/v4\/wp-json\/wp\/v2\/media\/8090"}],"wp:attachment":[{"href":"https:\/\/florencia.edu.co\/portal\/v4\/wp-json\/wp\/v2\/media?parent=8087"}],"wp:term":[{"taxonomy":"category","embeddable":true,"href":"https:\/\/florencia.edu.co\/portal\/v4\/wp-json\/wp\/v2\/categories?post=8087"},{"taxonomy":"post_tag","embeddable":true,"href":"https:\/\/florencia.edu.co\/portal\/v4\/wp-json\/wp\/v2\/tags?post=8087"}],"curies":[{"name":"wp","href":"https:\/\/api.w.org\/{rel}","templated":true}]}}