{"id":6732,"date":"2024-05-29T16:41:10","date_gmt":"2024-05-29T21:41:10","guid":{"rendered":"https:\/\/florencia.edu.co\/portal\/v4\/?p=6732"},"modified":"2024-05-30T11:10:31","modified_gmt":"2024-05-30T16:10:31","slug":"en-el-marco-de-la-conmemoracion-la-educacion-abraza-la-empatia-y-la-busqueda-la-secretaria-de-educacion-municipal-se-une-a-esta-fecha-memorable-de-la-semana-del-detenido-desaparec","status":"publish","type":"post","link":"https:\/\/florencia.edu.co\/portal\/v4\/en-el-marco-de-la-conmemoracion-la-educacion-abraza-la-empatia-y-la-busqueda-la-secretaria-de-educacion-municipal-se-une-a-esta-fecha-memorable-de-la-semana-del-detenido-desaparec\/","title":{"rendered":"EN EL MARCO DE LA CONMEMORACI\u00d3N &#8211;\u00a0LA EDUCACI\u00d3N ABRAZA LA EMPAT\u00cdA Y LA B\u00daSQUEDA &#8211; LA SECRETAR\u00cdA\u00a0DE EDUCACI\u00d3N MUNICIPAL SE UNE A ESTA FECHA MEMORABLE DE LA SEMANA DEL DETENIDO DESAPARECIDO.\u00a0"},"content":{"rendered":"","protected":false},"excerpt":{"rendered":"","protected":false},"author":10,"featured_media":6733,"comment_status":"closed","ping_status":"closed","sticky":false,"template":"","format":"standard","meta":{"advanced_seo_description":"","jetpack_seo_html_title":"","jetpack_seo_noindex":false,"_vp_format_video_url":"","_vp_image_focal_point":[],"_jetpack_memberships_contains_paid_content":false,"footnotes":""},"categories":[43],"tags":[],"class_list":["post-6732","post","type-post","status-publish","format-standard","has-post-thumbnail","hentry","category-eventos"],"jetpack_featured_media_url":"https:\/\/i0.wp.com\/florencia.edu.co\/portal\/v4\/wp-content\/uploads\/abraza-la-empatia.jpg?fit=900%2C1600&ssl=1","jetpack-related-posts":[{"id":8763,"url":"https:\/\/florencia.edu.co\/portal\/v4\/la-secretaria-de-educacion-invita-al-foro-educativo-municipal-2025-hablemos-de-educacion-y-sus-realidades-en-el-territorio\/","url_meta":{"origin":6732,"position":0},"title":"La Secretar\u00eda de Educaci\u00f3n invita al                   Foro Educativo Municipal 2025                        \u00abHablemos de Educaci\u00f3n y sus realidades en el territorio\u00bb","author":"SANDRA MILENA SALAZAR RAM\u00d3N","date":"11 septiembre, 2025","format":false,"excerpt":"Un di\u00e1logo territorial alrededor de los desaf\u00edos, prioridades y transformaciones necesarias del proyecto educativo de pa\u00eds en los pr\u00f3ximos diez a\u00f1os. Plan Nacional Decenal de Educaci\u00f3n 2026-2035 Fecha: Viernes 12 de septiembre Hora: 7:00 a.m Lugar: Auditorio San Francisco de Asis- Arquidi\u00f3cesis Hora: 7:00 a.m La Secretar\u00eda de Educaci\u00f3n, en\u2026","rel":"","context":"En \u00abEventos\u00bb","block_context":{"text":"Eventos","link":"https:\/\/florencia.edu.co\/portal\/v4\/category\/eventos\/"},"img":{"alt_text":"","src":"https:\/\/i0.wp.com\/florencia.edu.co\/portal\/v4\/wp-content\/uploads\/FLYERS.jpeg?fit=1200%2C1200&ssl=1&resize=350%2C200","width":350,"height":200,"srcset":"https:\/\/i0.wp.com\/florencia.edu.co\/portal\/v4\/wp-content\/uploads\/FLYERS.jpeg?fit=1200%2C1200&ssl=1&resize=350%2C200 1x, https:\/\/i0.wp.com\/florencia.edu.co\/portal\/v4\/wp-content\/uploads\/FLYERS.jpeg?fit=1200%2C1200&ssl=1&resize=525%2C300 1.5x, https:\/\/i0.wp.com\/florencia.edu.co\/portal\/v4\/wp-content\/uploads\/FLYERS.jpeg?fit=1200%2C1200&ssl=1&resize=700%2C400 2x, https:\/\/i0.wp.com\/florencia.edu.co\/portal\/v4\/wp-content\/uploads\/FLYERS.jpeg?fit=1200%2C1200&ssl=1&resize=1050%2C600 3x"},"classes":[]},{"id":9004,"url":"https:\/\/florencia.edu.co\/portal\/v4\/durante-el-foro-nacional-el-ministerio-de-educacion-nacional-entrego-reconocimiento-a-la-secretaria-de-educacion-de-florencia-en-la-categoria-entidad-territorial-certificada\/","url_meta":{"origin":6732,"position":1},"title":"Durante el Foro Nacional, el Ministerio de Educaci\u00f3n Nacional entreg\u00f3 reconocimiento a la Secretar\u00eda de Educaci\u00f3n de Florencia, en la categor\u00eda &#8211; Entidad Territorial Certificada-","author":"SANDRA MILENA SALAZAR RAM\u00d3N","date":"3 diciembre, 2025","format":false,"excerpt":"Reconocimiento por el impacto en la gesti\u00f3n de Calidad y pertinencia en la EDUCACI\u00d3N INICIAL","rel":"","context":"En \u00abCalidad Educativa\u00bb","block_context":{"text":"Calidad Educativa","link":"https:\/\/florencia.edu.co\/portal\/v4\/category\/calidad-educativa\/"},"img":{"alt_text":"","src":"https:\/\/i0.wp.com\/florencia.edu.co\/portal\/v4\/wp-content\/uploads\/MEN11.jpeg?resize=350%2C200&ssl=1","width":350,"height":200,"srcset":"https:\/\/i0.wp.com\/florencia.edu.co\/portal\/v4\/wp-content\/uploads\/MEN11.jpeg?resize=350%2C200&ssl=1 1x, https:\/\/i0.wp.com\/florencia.edu.co\/portal\/v4\/wp-content\/uploads\/MEN11.jpeg?resize=525%2C300&ssl=1 1.5x, https:\/\/i0.wp.com\/florencia.edu.co\/portal\/v4\/wp-content\/uploads\/MEN11.jpeg?resize=700%2C400&ssl=1 2x, https:\/\/i0.wp.com\/florencia.edu.co\/portal\/v4\/wp-content\/uploads\/MEN11.jpeg?resize=1050%2C600&ssl=1 3x"},"classes":[]},{"id":7022,"url":"https:\/\/florencia.edu.co\/portal\/v4\/la-secretaria-de-educacion-municipal-en-articulacion-con-la-organizacion-welbin-y-la-fundacion-bolivar-davivienda-continua-fortaleciendo-la-educacion-de-los-ninos-ninas-adolescentes-y-jovenes-de-l\/","url_meta":{"origin":6732,"position":2},"title":"La Secretar\u00eda de Educaci\u00f3n Municipal, en articulaci\u00f3n con la organizaci\u00f3n Welbin y La Fundaci\u00f3n Bol\u00edvar Davivienda, contin\u00faa fortaleciendo la educaci\u00f3n de los ni\u00f1os, ni\u00f1as, adolescentes y j\u00f3venes de las Instituciones Educativas de Florencia, con el\u00a0\u00a0 proyecto CON-SENTIDO, educaci\u00f3n para la sexualidad.","author":"SANDRA MILENA SALAZAR RAM\u00d3N","date":"9 septiembre, 2024","format":false,"excerpt":"M\u00e1s de 2.400 j\u00f3venes de Florencia reciben educaci\u00f3n sexual integral en un ambiente de confianza y autocuidado En total fueron 100 maestras y maestros activos y en etapa de formaci\u00f3n, quienes se graduaron con este proyecto clave en la educaci\u00f3n para la sexualidad de los ni\u00f1os, ni\u00f1as, adolescentes y j\u00f3venes\u2026","rel":"","context":"En \u00abEventos\u00bb","block_context":{"text":"Eventos","link":"https:\/\/florencia.edu.co\/portal\/v4\/category\/eventos\/"},"img":{"alt_text":"","src":"https:\/\/i0.wp.com\/florencia.edu.co\/portal\/v4\/wp-content\/uploads\/7-4-scaled.jpeg?fit=1200%2C845&ssl=1&resize=350%2C200","width":350,"height":200,"srcset":"https:\/\/i0.wp.com\/florencia.edu.co\/portal\/v4\/wp-content\/uploads\/7-4-scaled.jpeg?fit=1200%2C845&ssl=1&resize=350%2C200 1x, https:\/\/i0.wp.com\/florencia.edu.co\/portal\/v4\/wp-content\/uploads\/7-4-scaled.jpeg?fit=1200%2C845&ssl=1&resize=525%2C300 1.5x, https:\/\/i0.wp.com\/florencia.edu.co\/portal\/v4\/wp-content\/uploads\/7-4-scaled.jpeg?fit=1200%2C845&ssl=1&resize=700%2C400 2x, https:\/\/i0.wp.com\/florencia.edu.co\/portal\/v4\/wp-content\/uploads\/7-4-scaled.jpeg?fit=1200%2C845&ssl=1&resize=1050%2C600 3x"},"classes":[]},{"id":3086,"url":"https:\/\/florencia.edu.co\/portal\/v4\/nforme-de-gestionplan-de-desarrollo-florencia-biodiversidad-para-todossector-educacion-vigencia-2021\/","url_meta":{"origin":6732,"position":3},"title":"INFORME DE GESTI\u00d3N PLAN DE DESARROLLO \u201cFLORENCIA BIODIVERSIDAD PARA TODOS\u201d SECTOR EDUCACI\u00d3N VIGENCIA 2021","author":"Miller","date":"10 febrero, 2022","format":false,"excerpt":"Informe-de-Gestion-2021-EducacionDescargar Evaluacion-Plan-de-Accion-Educacion-2021-27012022Descargar Plan-de-Accion-2022-EducacionDescargar","rel":"","context":"En \u00abPlaneaci\u00f3n Educativa\u00bb","block_context":{"text":"Planeaci\u00f3n Educativa","link":"https:\/\/florencia.edu.co\/portal\/v4\/category\/planeacion-educativa\/"},"img":{"alt_text":"","src":"","width":0,"height":0},"classes":[]},{"id":2568,"url":"https:\/\/florencia.edu.co\/portal\/v4\/ecosistemas-de-innovacion-para-la-educacion-media\/","url_meta":{"origin":6732,"position":4},"title":"Ecosistemas de Innovaci\u00f3n para la Educaci\u00f3n Media","author":"Miller","date":"11 octubre, 2021","format":false,"excerpt":"La Secretaria de Educaci\u00f3n en articulaci\u00f3n con el Ministerio de Educaci\u00f3n Nacional en b\u00fasqueda de Implementar estrategias educativas rurales a trav\u00e9s de la dinamizaci\u00f3n de ecosistemas de innovaci\u00f3n para la educaci\u00f3n media con el fin de fortalecer la articulaci\u00f3n de actores, estrategias y recursos en pro de generar pol\u00edticas educativas\u2026","rel":"","context":"En \u00abCalidad Educativa\u00bb","block_context":{"text":"Calidad Educativa","link":"https:\/\/florencia.edu.co\/portal\/v4\/category\/calidad-educativa\/"},"img":{"alt_text":"","src":"","width":0,"height":0},"classes":[]},{"id":7274,"url":"https:\/\/florencia.edu.co\/portal\/v4\/la-secretaria-de-educacion-realiza-cierre-de-la-implementacion-de-la-estrategia-de-educacion-inicial-rural-dispersa-con-los-maestros-y-maestras-itinerantes-que-brindan-acompanamiento-pedagogico-a-lo\/","url_meta":{"origin":6732,"position":5},"title":"La Secretar\u00eda de Educaci\u00f3n realiza cierre de la implementaci\u00f3n de la Estrategia de EDUCACI\u00d3N INICIAL RURAL DISPERSA &#8211; con los maestros y maestras itinerantes que brindan acompa\u00f1amiento pedag\u00f3gico a los ni\u00f1os y ni\u00f1as en las comunidades rurales de dif\u00edcil acceso.","author":"SANDRA MILENA SALAZAR RAM\u00d3N","date":"19 noviembre, 2024","format":false,"excerpt":"\u201cEs un cierre de a\u00f1o muy significativo, ya que una de nuestras prioridades es garantizar el derecho a la educaci\u00f3n en la primera infancia, especialmente en las zonas rurales\u201d Como parte de las acciones para cerrar las brechas en educaci\u00f3n, la Secretar\u00eda de Educaci\u00f3n impulsa la \"Estrategia de Metodolog\u00eda Flexible\"\u2026","rel":"","context":"En \u00abCalidad Educativa\u00bb","block_context":{"text":"Calidad Educativa","link":"https:\/\/florencia.edu.co\/portal\/v4\/category\/calidad-educativa\/"},"img":{"alt_text":"","src":"https:\/\/i0.wp.com\/florencia.edu.co\/portal\/v4\/wp-content\/uploads\/15-5.jpg?resize=350%2C200&ssl=1","width":350,"height":200,"srcset":"https:\/\/i0.wp.com\/florencia.edu.co\/portal\/v4\/wp-content\/uploads\/15-5.jpg?resize=350%2C200&ssl=1 1x, https:\/\/i0.wp.com\/florencia.edu.co\/portal\/v4\/wp-content\/uploads\/15-5.jpg?resize=525%2C300&ssl=1 1.5x, https:\/\/i0.wp.com\/florencia.edu.co\/portal\/v4\/wp-content\/uploads\/15-5.jpg?resize=700%2C400&ssl=1 2x, https:\/\/i0.wp.com\/florencia.edu.co\/portal\/v4\/wp-content\/uploads\/15-5.jpg?resize=1050%2C600&ssl=1 3x"},"classes":[]}],"jetpack_sharing_enabled":true,"_links":{"self":[{"href":"https:\/\/florencia.edu.co\/portal\/v4\/wp-json\/wp\/v2\/posts\/6732","targetHints":{"allow":["GET"]}}],"collection":[{"href":"https:\/\/florencia.edu.co\/portal\/v4\/wp-json\/wp\/v2\/posts"}],"about":[{"href":"https:\/\/florencia.edu.co\/portal\/v4\/wp-json\/wp\/v2\/types\/post"}],"author":[{"embeddable":true,"href":"https:\/\/florencia.edu.co\/portal\/v4\/wp-json\/wp\/v2\/users\/10"}],"replies":[{"embeddable":true,"href":"https:\/\/florencia.edu.co\/portal\/v4\/wp-json\/wp\/v2\/comments?post=6732"}],"version-history":[{"count":3,"href":"https:\/\/florencia.edu.co\/portal\/v4\/wp-json\/wp\/v2\/posts\/6732\/revisions"}],"predecessor-version":[{"id":6737,"href":"https:\/\/florencia.edu.co\/portal\/v4\/wp-json\/wp\/v2\/posts\/6732\/revisions\/6737"}],"wp:featuredmedia":[{"embeddable":true,"href":"https:\/\/florencia.edu.co\/portal\/v4\/wp-json\/wp\/v2\/media\/6733"}],"wp:attachment":[{"href":"https:\/\/florencia.edu.co\/portal\/v4\/wp-json\/wp\/v2\/media?parent=6732"}],"wp:term":[{"taxonomy":"category","embeddable":true,"href":"https:\/\/florencia.edu.co\/portal\/v4\/wp-json\/wp\/v2\/categories?post=6732"},{"taxonomy":"post_tag","embeddable":true,"href":"https:\/\/florencia.edu.co\/portal\/v4\/wp-json\/wp\/v2\/tags?post=6732"}],"curies":[{"name":"wp","href":"https:\/\/api.w.org\/{rel}","templated":true}]}}