{"id":6727,"date":"2024-05-27T15:16:29","date_gmt":"2024-05-27T20:16:29","guid":{"rendered":"https:\/\/florencia.edu.co\/portal\/v4\/?p=6727"},"modified":"2024-05-27T15:16:32","modified_gmt":"2024-05-27T20:16:32","slug":"invitacion-a-la-primera-mesa-publica-municipal-programa-de-alimentacion-escolarpae","status":"publish","type":"post","link":"https:\/\/florencia.edu.co\/portal\/v4\/invitacion-a-la-primera-mesa-publica-municipal-programa-de-alimentacion-escolarpae\/","title":{"rendered":"INVITACI\u00d3N A LA PRIMERA MESA P\u00daBLICA MUNICIPAL PROGRAMA DE ALIMENTACI\u00d3N ESCOLAR(PAE)"},"content":{"rendered":"\n<ul class=\"wp-block-list\">\n<li><strong>FECHA:<\/strong> Martes 28 de Mayo<\/li>\n\n\n\n<li><strong>HORA:<\/strong>  7 :30 a.m<\/li>\n\n\n\n<li><strong>LUGAR:<\/strong> Universidad de la Amazonia. Sala 12 piso 6 Edificio Yapur\u00e1.<\/li>\n<\/ul>\n","protected":false},"excerpt":{"rendered":"","protected":false},"author":10,"featured_media":6728,"comment_status":"closed","ping_status":"closed","sticky":false,"template":"","format":"standard","meta":{"advanced_seo_description":"","jetpack_seo_html_title":"","jetpack_seo_noindex":false,"_vp_format_video_url":"","_vp_image_focal_point":[],"_jetpack_memberships_contains_paid_content":false,"footnotes":""},"categories":[37],"tags":[],"class_list":["post-6727","post","type-post","status-publish","format-standard","has-post-thumbnail","hentry","category-programa-de-alimentacion-escolar-pae"],"jetpack_featured_media_url":"https:\/\/i0.wp.com\/florencia.edu.co\/portal\/v4\/wp-content\/uploads\/FLYER-MESA-PUBLICA.jpg?fit=1080%2C1467&ssl=1","jetpack-related-posts":[{"id":2153,"url":"https:\/\/florencia.edu.co\/portal\/v4\/programa-de-alimentacion-escolar-pae-informa\/","url_meta":{"origin":6727,"position":0},"title":"Programa de Alimentaci\u00f3n escolar PAE informa&#8230;","author":"Mabiyiceth","date":"2 agosto, 2021","format":false,"excerpt":"","rel":"","context":"En \u00abPrograma de Alimentaci\u00f3n Escolar (PAE)\u00bb","block_context":{"text":"Programa de Alimentaci\u00f3n Escolar (PAE)","link":"https:\/\/florencia.edu.co\/portal\/v4\/category\/programa-de-alimentacion-escolar-pae\/"},"img":{"alt_text":"","src":"https:\/\/i0.wp.com\/florencia.edu.co\/portal\/v4\/wp-content\/uploads\/5-Entrega.jpeg?fit=766%2C1024&ssl=1&resize=350%2C200","width":350,"height":200,"srcset":"https:\/\/i0.wp.com\/florencia.edu.co\/portal\/v4\/wp-content\/uploads\/5-Entrega.jpeg?fit=766%2C1024&ssl=1&resize=350%2C200 1x, https:\/\/i0.wp.com\/florencia.edu.co\/portal\/v4\/wp-content\/uploads\/5-Entrega.jpeg?fit=766%2C1024&ssl=1&resize=525%2C300 1.5x, https:\/\/i0.wp.com\/florencia.edu.co\/portal\/v4\/wp-content\/uploads\/5-Entrega.jpeg?fit=766%2C1024&ssl=1&resize=700%2C400 2x"},"classes":[]},{"id":2807,"url":"https:\/\/florencia.edu.co\/portal\/v4\/circular-no-0064-programa-de-alimentacion-escolar-pae\/","url_meta":{"origin":6727,"position":1},"title":"CIRCULAR   No. 0064 Programa de Alimentaci\u00f3n Escolar PAE","author":"Mabiyiceth","date":"18 noviembre, 2021","format":false,"excerpt":"0064Descargar","rel":"","context":"En \u00abPrograma de Alimentaci\u00f3n Escolar (PAE)\u00bb","block_context":{"text":"Programa de Alimentaci\u00f3n Escolar (PAE)","link":"https:\/\/florencia.edu.co\/portal\/v4\/category\/programa-de-alimentacion-escolar-pae\/"},"img":{"alt_text":"","src":"","width":0,"height":0},"classes":[]},{"id":2435,"url":"https:\/\/florencia.edu.co\/portal\/v4\/dias-adicionales-para-la-7-a-entrega-del-programa-de-alimentacion-escolar-pae\/","url_meta":{"origin":6727,"position":2},"title":"D\u00edas adicionales para la 7.\u00aa entrega del Programa de Alimentaci\u00f3n Escolar PAE","author":"Mabiyiceth","date":"27 septiembre, 2021","format":false,"excerpt":"","rel":"","context":"En \u00abPrograma de Alimentaci\u00f3n Escolar (PAE)\u00bb","block_context":{"text":"Programa de Alimentaci\u00f3n Escolar (PAE)","link":"https:\/\/florencia.edu.co\/portal\/v4\/category\/programa-de-alimentacion-escolar-pae\/"},"img":{"alt_text":"","src":"https:\/\/i0.wp.com\/florencia.edu.co\/portal\/v4\/wp-content\/uploads\/para-comunicado-web.gif?fit=900%2C700&ssl=1&resize=350%2C200","width":350,"height":200,"srcset":"https:\/\/i0.wp.com\/florencia.edu.co\/portal\/v4\/wp-content\/uploads\/para-comunicado-web.gif?fit=900%2C700&ssl=1&resize=350%2C200 1x, https:\/\/i0.wp.com\/florencia.edu.co\/portal\/v4\/wp-content\/uploads\/para-comunicado-web.gif?fit=900%2C700&ssl=1&resize=525%2C300 1.5x, https:\/\/i0.wp.com\/florencia.edu.co\/portal\/v4\/wp-content\/uploads\/para-comunicado-web.gif?fit=900%2C700&ssl=1&resize=700%2C400 2x"},"classes":[]},{"id":2133,"url":"https:\/\/florencia.edu.co\/portal\/v4\/5-a-entrega-rpc-beneficiarios-del-programa-de-alimentacion-escolar-pae-2021\/","url_meta":{"origin":6727,"position":3},"title":"5.\u00aa Entrega (RPC) Beneficiarios del Programa De Alimentaci\u00f3n Escolar PAE 2021","author":"Mabiyiceth","date":"19 julio, 2021","format":false,"excerpt":"Consultar por documento","rel":"","context":"En \u00abPrograma de Alimentaci\u00f3n Escolar (PAE)\u00bb","block_context":{"text":"Programa de Alimentaci\u00f3n Escolar (PAE)","link":"https:\/\/florencia.edu.co\/portal\/v4\/category\/programa-de-alimentacion-escolar-pae\/"},"img":{"alt_text":"","src":"https:\/\/i0.wp.com\/florencia.edu.co\/portal\/v4\/wp-content\/uploads\/post-public-5-Entrega.jpg?fit=1200%2C1200&ssl=1&resize=350%2C200","width":350,"height":200,"srcset":"https:\/\/i0.wp.com\/florencia.edu.co\/portal\/v4\/wp-content\/uploads\/post-public-5-Entrega.jpg?fit=1200%2C1200&ssl=1&resize=350%2C200 1x, https:\/\/i0.wp.com\/florencia.edu.co\/portal\/v4\/wp-content\/uploads\/post-public-5-Entrega.jpg?fit=1200%2C1200&ssl=1&resize=525%2C300 1.5x, https:\/\/i0.wp.com\/florencia.edu.co\/portal\/v4\/wp-content\/uploads\/post-public-5-Entrega.jpg?fit=1200%2C1200&ssl=1&resize=700%2C400 2x, https:\/\/i0.wp.com\/florencia.edu.co\/portal\/v4\/wp-content\/uploads\/post-public-5-Entrega.jpg?fit=1200%2C1200&ssl=1&resize=1050%2C600 3x"},"classes":[]},{"id":2268,"url":"https:\/\/florencia.edu.co\/portal\/v4\/6-a-entrega-rpc-beneficiarios-del-programa-de-alimentacion-escolar-pae-2021\/","url_meta":{"origin":6727,"position":4},"title":"6.\u00aa Entrega (RPC) Beneficiarios del Programa De Alimentaci\u00f3n Escolar PAE 2021","author":"Mabiyiceth","date":"14 agosto, 2021","format":false,"excerpt":"Consultar por documento","rel":"","context":"En \u00abPrograma de Alimentaci\u00f3n Escolar (PAE)\u00bb","block_context":{"text":"Programa de Alimentaci\u00f3n Escolar (PAE)","link":"https:\/\/florencia.edu.co\/portal\/v4\/category\/programa-de-alimentacion-escolar-pae\/"},"img":{"alt_text":"","src":"https:\/\/i0.wp.com\/florencia.edu.co\/portal\/v4\/wp-content\/uploads\/CRONOGRAMA-6-ENTREGA-AJUSTADO.jpeg?fit=940%2C788&ssl=1&resize=350%2C200","width":350,"height":200,"srcset":"https:\/\/i0.wp.com\/florencia.edu.co\/portal\/v4\/wp-content\/uploads\/CRONOGRAMA-6-ENTREGA-AJUSTADO.jpeg?fit=940%2C788&ssl=1&resize=350%2C200 1x, https:\/\/i0.wp.com\/florencia.edu.co\/portal\/v4\/wp-content\/uploads\/CRONOGRAMA-6-ENTREGA-AJUSTADO.jpeg?fit=940%2C788&ssl=1&resize=525%2C300 1.5x, https:\/\/i0.wp.com\/florencia.edu.co\/portal\/v4\/wp-content\/uploads\/CRONOGRAMA-6-ENTREGA-AJUSTADO.jpeg?fit=940%2C788&ssl=1&resize=700%2C400 2x"},"classes":[]},{"id":2398,"url":"https:\/\/florencia.edu.co\/portal\/v4\/7-a-entrega-rpc-beneficiarios-del-programa-de-alimentacion-escolar-pae-2021\/","url_meta":{"origin":6727,"position":5},"title":"7.\u00aa Entrega (RPC) Beneficiarios del Programa De Alimentaci\u00f3n Escolar PAE 2021","author":"Mabiyiceth","date":"11 septiembre, 2021","format":false,"excerpt":"Consultar por documento","rel":"","context":"En \u00abPrograma de Alimentaci\u00f3n Escolar (PAE)\u00bb","block_context":{"text":"Programa de Alimentaci\u00f3n Escolar (PAE)","link":"https:\/\/florencia.edu.co\/portal\/v4\/category\/programa-de-alimentacion-escolar-pae\/"},"img":{"alt_text":"","src":"https:\/\/i0.wp.com\/florencia.edu.co\/portal\/v4\/wp-content\/uploads\/cronograma-7-entrega.jpg?fit=1200%2C1200&ssl=1&resize=350%2C200","width":350,"height":200,"srcset":"https:\/\/i0.wp.com\/florencia.edu.co\/portal\/v4\/wp-content\/uploads\/cronograma-7-entrega.jpg?fit=1200%2C1200&ssl=1&resize=350%2C200 1x, https:\/\/i0.wp.com\/florencia.edu.co\/portal\/v4\/wp-content\/uploads\/cronograma-7-entrega.jpg?fit=1200%2C1200&ssl=1&resize=525%2C300 1.5x, https:\/\/i0.wp.com\/florencia.edu.co\/portal\/v4\/wp-content\/uploads\/cronograma-7-entrega.jpg?fit=1200%2C1200&ssl=1&resize=700%2C400 2x, https:\/\/i0.wp.com\/florencia.edu.co\/portal\/v4\/wp-content\/uploads\/cronograma-7-entrega.jpg?fit=1200%2C1200&ssl=1&resize=1050%2C600 3x"},"classes":[]}],"jetpack_sharing_enabled":true,"_links":{"self":[{"href":"https:\/\/florencia.edu.co\/portal\/v4\/wp-json\/wp\/v2\/posts\/6727","targetHints":{"allow":["GET"]}}],"collection":[{"href":"https:\/\/florencia.edu.co\/portal\/v4\/wp-json\/wp\/v2\/posts"}],"about":[{"href":"https:\/\/florencia.edu.co\/portal\/v4\/wp-json\/wp\/v2\/types\/post"}],"author":[{"embeddable":true,"href":"https:\/\/florencia.edu.co\/portal\/v4\/wp-json\/wp\/v2\/users\/10"}],"replies":[{"embeddable":true,"href":"https:\/\/florencia.edu.co\/portal\/v4\/wp-json\/wp\/v2\/comments?post=6727"}],"version-history":[{"count":1,"href":"https:\/\/florencia.edu.co\/portal\/v4\/wp-json\/wp\/v2\/posts\/6727\/revisions"}],"predecessor-version":[{"id":6729,"href":"https:\/\/florencia.edu.co\/portal\/v4\/wp-json\/wp\/v2\/posts\/6727\/revisions\/6729"}],"wp:featuredmedia":[{"embeddable":true,"href":"https:\/\/florencia.edu.co\/portal\/v4\/wp-json\/wp\/v2\/media\/6728"}],"wp:attachment":[{"href":"https:\/\/florencia.edu.co\/portal\/v4\/wp-json\/wp\/v2\/media?parent=6727"}],"wp:term":[{"taxonomy":"category","embeddable":true,"href":"https:\/\/florencia.edu.co\/portal\/v4\/wp-json\/wp\/v2\/categories?post=6727"},{"taxonomy":"post_tag","embeddable":true,"href":"https:\/\/florencia.edu.co\/portal\/v4\/wp-json\/wp\/v2\/tags?post=6727"}],"curies":[{"name":"wp","href":"https:\/\/api.w.org\/{rel}","templated":true}]}}