{"id":6723,"date":"2024-05-27T15:07:28","date_gmt":"2024-05-27T20:07:28","guid":{"rendered":"https:\/\/florencia.edu.co\/portal\/v4\/?p=6723"},"modified":"2024-05-27T15:07:31","modified_gmt":"2024-05-27T20:07:31","slug":"la-secretaria-de-educacion-municipal-en-articulacion-con-la-fundacion-aeiotu-adelantan-proyecto-didactico-de-creacion-del-centro-de-transformacion-de-material-reciclado-de-florencia","status":"publish","type":"post","link":"https:\/\/florencia.edu.co\/portal\/v4\/la-secretaria-de-educacion-municipal-en-articulacion-con-la-fundacion-aeiotu-adelantan-proyecto-didactico-de-creacion-del-centro-de-transformacion-de-material-reciclado-de-florencia\/","title":{"rendered":"La Secretar\u00eda de Educaci\u00f3n Municipal, en articulaci\u00f3n con la Fundaci\u00f3n AEIOT\u00da, adelantan proyecto did\u00e1ctico de creaci\u00f3n del Centro de Transformaci\u00f3n de Material Reciclado de Florencia."},"content":{"rendered":"\n<p><\/p>\n\n\n\n<p>En el marco del proyecto, se llev\u00f3 a cabo una jornada acad\u00e9mica en presencia de la Secretaria de Educaci\u00f3n Municipal, Nidia Mar\u00eda Guti\u00e9rrez Melo, con el \u00e1nimo de consolidar alianzas estrat\u00e9gicas en beneficio de los ni\u00f1os, ni\u00f1as, j\u00f3venes y adolescentes del municipio de Florencia. Esta iniciativa busca educar desde el cuidado del medio ambiente, a trav\u00e9s de la transformaci\u00f3n de material reciclable en hermosas obras did\u00e1cticas.<br>Para lograr una articulaci\u00f3n desde iniciativas propias y aportes significativos, la jornada cont\u00f3 con importantes entidades del territorio, ellos son: SERVINTEGRAL. S.A E.S.P , Secretar\u00eda de Ambiente y Desarrollo Sostenible, Universidad de la Amazon\u00eda, Empresa Puerta de Oro de la Amazon\u00eda, Instituciones educativas: Normal Superior, San Francisco de As\u00eds, Sagrados Corazones y Juan<br>Bautista la Salle.<br>El Centro de Transformaci\u00f3n, visiona ser un referente cultural ambiental acad\u00e9mico l\u00fadico, ser\u00e1 un espacio que avance en la transformaci\u00f3n de materiales que permitan movilizar experiencias y pr\u00e1cticas pedag\u00f3gicas que promuevan el aprendizaje a trav\u00e9s del juego y la sostenibilidad ambiental en nuestra comunidad.<\/p>\n\n\n\n<figure class=\"wp-block-image size-large\"><img data-recalc-dims=\"1\" loading=\"lazy\" decoding=\"async\" width=\"1024\" height=\"692\" src=\"https:\/\/i0.wp.com\/florencia.edu.co\/portal\/v4\/wp-content\/uploads\/5.jpg?resize=1024%2C692&#038;ssl=1\" alt=\"\" class=\"wp-image-6725\" srcset=\"https:\/\/i0.wp.com\/florencia.edu.co\/portal\/v4\/wp-content\/uploads\/5.jpg?resize=1024%2C692&amp;ssl=1 1024w, https:\/\/i0.wp.com\/florencia.edu.co\/portal\/v4\/wp-content\/uploads\/5.jpg?resize=300%2C203&amp;ssl=1 300w, https:\/\/i0.wp.com\/florencia.edu.co\/portal\/v4\/wp-content\/uploads\/5.jpg?resize=768%2C519&amp;ssl=1 768w, https:\/\/i0.wp.com\/florencia.edu.co\/portal\/v4\/wp-content\/uploads\/5.jpg?resize=1536%2C1039&amp;ssl=1 1536w, https:\/\/i0.wp.com\/florencia.edu.co\/portal\/v4\/wp-content\/uploads\/5.jpg?resize=500%2C338&amp;ssl=1 500w, https:\/\/i0.wp.com\/florencia.edu.co\/portal\/v4\/wp-content\/uploads\/5.jpg?resize=800%2C541&amp;ssl=1 800w, https:\/\/i0.wp.com\/florencia.edu.co\/portal\/v4\/wp-content\/uploads\/5.jpg?resize=1280%2C866&amp;ssl=1 1280w, https:\/\/i0.wp.com\/florencia.edu.co\/portal\/v4\/wp-content\/uploads\/5.jpg?w=1600&amp;ssl=1 1600w\" sizes=\"auto, (max-width: 1000px) 100vw, 1000px\" \/><\/figure>\n","protected":false},"excerpt":{"rendered":"<p>En el marco del proyecto, se llev\u00f3 a cabo una jornada acad\u00e9mica en presencia de la Secretaria de Educaci\u00f3n Municipal, Nidia Mar\u00eda Guti\u00e9rrez Melo, con el \u00e1nimo de consolidar alianzas estrat\u00e9gicas en beneficio de los ni\u00f1os, ni\u00f1as, j\u00f3venes y adolescentes del municipio de Florencia. Esta iniciativa busca educar desde el cuidado del medio ambiente, a [&hellip;]<\/p>\n","protected":false},"author":10,"featured_media":6724,"comment_status":"closed","ping_status":"closed","sticky":false,"template":"","format":"standard","meta":{"advanced_seo_description":"","jetpack_seo_html_title":"","jetpack_seo_noindex":false,"_vp_format_video_url":"","_vp_image_focal_point":[],"_jetpack_memberships_contains_paid_content":false,"footnotes":""},"categories":[11],"tags":[],"class_list":["post-6723","post","type-post","status-publish","format-standard","has-post-thumbnail","hentry","category-calidad-educativa"],"jetpack_featured_media_url":"https:\/\/i0.wp.com\/florencia.edu.co\/portal\/v4\/wp-content\/uploads\/1.jpg?fit=1600%2C950&ssl=1","jetpack-related-posts":[{"id":6967,"url":"https:\/\/florencia.edu.co\/portal\/v4\/en-el-marco-de-la-cop-16-la-secretaria-de-educacion-de-florencia-inaugura-el-centro-de-transformacion-de-reciclaje-centro-recrea\/","url_meta":{"origin":6723,"position":0},"title":"En el Marco de la COP-16 La Secretar\u00eda de Educaci\u00f3n de Florencia, inaugura el Centro de Transformaci\u00f3n de Reciclaje  -Centro ReCrea-","author":"SANDRA MILENA SALAZAR RAM\u00d3N","date":"28 agosto, 2024","format":false,"excerpt":"En el marco de la COP-16 La Secretar\u00eda de Educaci\u00f3n Municipal de Florencia, bajo la direcci\u00f3n de Fener de Los R\u00edos Barrera, se inaugura el Centro ReCrea, un espacio para la transformaci\u00f3n de materiales reciclados, en elementos que permitan dinamizar las pr\u00e1cticas pedag\u00f3gicas y que adem\u00e1s les permita a los\u2026","rel":"","context":"En \u00abEventos\u00bb","block_context":{"text":"Eventos","link":"https:\/\/florencia.edu.co\/portal\/v4\/category\/eventos\/"},"img":{"alt_text":"","src":"https:\/\/i0.wp.com\/florencia.edu.co\/portal\/v4\/wp-content\/uploads\/18-1.jpg?fit=1200%2C802&ssl=1&resize=350%2C200","width":350,"height":200,"srcset":"https:\/\/i0.wp.com\/florencia.edu.co\/portal\/v4\/wp-content\/uploads\/18-1.jpg?fit=1200%2C802&ssl=1&resize=350%2C200 1x, https:\/\/i0.wp.com\/florencia.edu.co\/portal\/v4\/wp-content\/uploads\/18-1.jpg?fit=1200%2C802&ssl=1&resize=525%2C300 1.5x, https:\/\/i0.wp.com\/florencia.edu.co\/portal\/v4\/wp-content\/uploads\/18-1.jpg?fit=1200%2C802&ssl=1&resize=700%2C400 2x, https:\/\/i0.wp.com\/florencia.edu.co\/portal\/v4\/wp-content\/uploads\/18-1.jpg?fit=1200%2C802&ssl=1&resize=1050%2C600 3x"},"classes":[]},{"id":7022,"url":"https:\/\/florencia.edu.co\/portal\/v4\/la-secretaria-de-educacion-municipal-en-articulacion-con-la-organizacion-welbin-y-la-fundacion-bolivar-davivienda-continua-fortaleciendo-la-educacion-de-los-ninos-ninas-adolescentes-y-jovenes-de-l\/","url_meta":{"origin":6723,"position":1},"title":"La Secretar\u00eda de Educaci\u00f3n Municipal, en articulaci\u00f3n con la organizaci\u00f3n Welbin y La Fundaci\u00f3n Bol\u00edvar Davivienda, contin\u00faa fortaleciendo la educaci\u00f3n de los ni\u00f1os, ni\u00f1as, adolescentes y j\u00f3venes de las Instituciones Educativas de Florencia, con el\u00a0\u00a0 proyecto CON-SENTIDO, educaci\u00f3n para la sexualidad.","author":"SANDRA MILENA SALAZAR RAM\u00d3N","date":"9 septiembre, 2024","format":false,"excerpt":"M\u00e1s de 2.400 j\u00f3venes de Florencia reciben educaci\u00f3n sexual integral en un ambiente de confianza y autocuidado En total fueron 100 maestras y maestros activos y en etapa de formaci\u00f3n, quienes se graduaron con este proyecto clave en la educaci\u00f3n para la sexualidad de los ni\u00f1os, ni\u00f1as, adolescentes y j\u00f3venes\u2026","rel":"","context":"En \u00abEventos\u00bb","block_context":{"text":"Eventos","link":"https:\/\/florencia.edu.co\/portal\/v4\/category\/eventos\/"},"img":{"alt_text":"","src":"https:\/\/i0.wp.com\/florencia.edu.co\/portal\/v4\/wp-content\/uploads\/7-4-scaled.jpeg?fit=1200%2C845&ssl=1&resize=350%2C200","width":350,"height":200,"srcset":"https:\/\/i0.wp.com\/florencia.edu.co\/portal\/v4\/wp-content\/uploads\/7-4-scaled.jpeg?fit=1200%2C845&ssl=1&resize=350%2C200 1x, https:\/\/i0.wp.com\/florencia.edu.co\/portal\/v4\/wp-content\/uploads\/7-4-scaled.jpeg?fit=1200%2C845&ssl=1&resize=525%2C300 1.5x, https:\/\/i0.wp.com\/florencia.edu.co\/portal\/v4\/wp-content\/uploads\/7-4-scaled.jpeg?fit=1200%2C845&ssl=1&resize=700%2C400 2x, https:\/\/i0.wp.com\/florencia.edu.co\/portal\/v4\/wp-content\/uploads\/7-4-scaled.jpeg?fit=1200%2C845&ssl=1&resize=1050%2C600 3x"},"classes":[]},{"id":7083,"url":"https:\/\/florencia.edu.co\/portal\/v4\/en-el-marco-de-la-cop16-la-secretaria-de-educacion-de-florencia-invita-a-participar-del-foro-educativo-municipal-experiencias-significativas-2024-somos-amazonia-transformamos-desde-la-educacion\/","url_meta":{"origin":6723,"position":2},"title":"En el marco de la COP16 La Secretar\u00eda de Educaci\u00f3n de Florencia,  invita a participar del Foro Educativo Municipal &#8211; Experiencias Significativas 2024 \u00abSomos Amazonia, transformamos desde la educaci\u00f3n\u00bb","author":"SANDRA MILENA SALAZAR RAM\u00d3N","date":"30 septiembre, 2024","format":false,"excerpt":"Las experiencias ganadoras participar\u00e1n en el Foro Nacional FEN en la ciudad de Bogot\u00e1 D.C en noviembre 2024. La Secretar\u00eda de Educaci\u00f3n Municipal, invita a participar del Foro Educativo- Experiencias Significativas 2024 \u2705\ud83d\udd21 denominado \" Somos Amazonia, transformamos desde la educaci\u00f3n\"\ud83e\udde9\u2618\ufe0f\ud83d\udcddEn este contexto tendremos presentaci\u00f3n de 18 experiencias en sus\u2026","rel":"","context":"En \u00abEventos\u00bb","block_context":{"text":"Eventos","link":"https:\/\/florencia.edu.co\/portal\/v4\/category\/eventos\/"},"img":{"alt_text":"","src":"https:\/\/i0.wp.com\/florencia.edu.co\/portal\/v4\/wp-content\/uploads\/Flyer-Foro-educativo-041024.jpeg?fit=675%2C1200&ssl=1&resize=350%2C200","width":350,"height":200,"srcset":"https:\/\/i0.wp.com\/florencia.edu.co\/portal\/v4\/wp-content\/uploads\/Flyer-Foro-educativo-041024.jpeg?fit=675%2C1200&ssl=1&resize=350%2C200 1x, https:\/\/i0.wp.com\/florencia.edu.co\/portal\/v4\/wp-content\/uploads\/Flyer-Foro-educativo-041024.jpeg?fit=675%2C1200&ssl=1&resize=525%2C300 1.5x"},"classes":[]},{"id":7149,"url":"https:\/\/florencia.edu.co\/portal\/v4\/la-secretaria-de-educacion-realizo-con-exito-el-foro-educativo-2024-somos-amazonia-transformamos-desde-la-educacion-16-establecimientos-educativos-rurales-y-urbanos-presentaron-sus-experiencias\/","url_meta":{"origin":6723,"position":3},"title":"La Secretar\u00eda de Educaci\u00f3n realiz\u00f3 con \u00e9xito el Foro Educativo 2024  \u00abSomos Amazonia, transformamos desde la Educaci\u00f3n\u00bb 16 establecimientos educativos, rurales y urbanos presentaron sus experiencias significativas.","author":"SANDRA MILENA SALAZAR RAM\u00d3N","date":"17 octubre, 2024","format":false,"excerpt":"Las experiencias ganadoras, tendr\u00e1n la oportunidad de representar a Florencia en el Foro Nacional. Ganadora IE Jos\u00e9 Antonio Gal\u00e1n, con la Experiencia \" La Escuela como Escenario para Construir Paz\" Ganadora IE Los Andes, con la experiencia \"Sembrar Convivencia, es Cosechar Paz\" En el marco de la COP16, y con\u2026","rel":"","context":"En \u00abEventos\u00bb","block_context":{"text":"Eventos","link":"https:\/\/florencia.edu.co\/portal\/v4\/category\/eventos\/"},"img":{"alt_text":"","src":"https:\/\/i0.wp.com\/florencia.edu.co\/portal\/v4\/wp-content\/uploads\/21-1.jpg?fit=1200%2C900&ssl=1&resize=350%2C200","width":350,"height":200,"srcset":"https:\/\/i0.wp.com\/florencia.edu.co\/portal\/v4\/wp-content\/uploads\/21-1.jpg?fit=1200%2C900&ssl=1&resize=350%2C200 1x, https:\/\/i0.wp.com\/florencia.edu.co\/portal\/v4\/wp-content\/uploads\/21-1.jpg?fit=1200%2C900&ssl=1&resize=525%2C300 1.5x, https:\/\/i0.wp.com\/florencia.edu.co\/portal\/v4\/wp-content\/uploads\/21-1.jpg?fit=1200%2C900&ssl=1&resize=700%2C400 2x, https:\/\/i0.wp.com\/florencia.edu.co\/portal\/v4\/wp-content\/uploads\/21-1.jpg?fit=1200%2C900&ssl=1&resize=1050%2C600 3x"},"classes":[]},{"id":6864,"url":"https:\/\/florencia.edu.co\/portal\/v4\/secretaria-de-educacion-municipal-realizo-acompanamiento-en-el-segundo-ciclo-de-formacion-del-programa-todos-a-aprender-pta-del-ministerio-de-educacion-nacional\/","url_meta":{"origin":6723,"position":4},"title":"Secretaria de Educaci\u00f3n Municipal realiz\u00f3 acompa\u00f1amiento en el segundo ciclo de formaci\u00f3n del programa todos a aprender (PTA) del Ministerio de Educaci\u00f3n Nacional","author":"Miller","date":"29 julio, 2024","format":false,"excerpt":"En esta importante semana de formaci\u00f3n, se socializ\u00f3 al grupo de rectores la apuesta acad\u00e9mica y retos del programa PTA, en esta oportunidad, el nuevo Secretario de Educaci\u00f3n Municipal, Dr.Fener de los R\u00edos, con un caluroso saludo a los rectores estrech\u00f3 v\u00ednculos de amistad invitando a trabajar en equipo, como\u2026","rel":"","context":"En \u00abNoticia\u00bb","block_context":{"text":"Noticia","link":"https:\/\/florencia.edu.co\/portal\/v4\/category\/noticia\/"},"img":{"alt_text":"","src":"https:\/\/i0.wp.com\/florencia.edu.co\/portal\/v4\/wp-content\/uploads\/5-3.jpeg?fit=1200%2C948&ssl=1&resize=350%2C200","width":350,"height":200,"srcset":"https:\/\/i0.wp.com\/florencia.edu.co\/portal\/v4\/wp-content\/uploads\/5-3.jpeg?fit=1200%2C948&ssl=1&resize=350%2C200 1x, https:\/\/i0.wp.com\/florencia.edu.co\/portal\/v4\/wp-content\/uploads\/5-3.jpeg?fit=1200%2C948&ssl=1&resize=525%2C300 1.5x, https:\/\/i0.wp.com\/florencia.edu.co\/portal\/v4\/wp-content\/uploads\/5-3.jpeg?fit=1200%2C948&ssl=1&resize=700%2C400 2x, https:\/\/i0.wp.com\/florencia.edu.co\/portal\/v4\/wp-content\/uploads\/5-3.jpeg?fit=1200%2C948&ssl=1&resize=1050%2C600 3x"},"classes":[]},{"id":6923,"url":"https:\/\/florencia.edu.co\/portal\/v4\/en-una-jornada-ardua-de-socializacion-de-procesos-y-conformacion-de-mesas-de-trabajo-secretario-de-educacion-continua-el-dialogo-permanente-con-los-rectores-de-las-instituciones-educativas-ofic\/","url_meta":{"origin":6723,"position":5},"title":"En una jornada ardua de socializaci\u00f3n de procesos \u00a0y conformaci\u00f3n de mesas de trabajo, Secretario de Educaci\u00f3n contin\u00faa el di\u00e1logo permanente con los rectores de las Instituciones Educativas Oficiales de Florencia.","author":"SANDRA MILENA SALAZAR RAM\u00d3N","date":"20 agosto, 2024","format":false,"excerpt":"La convocatoria denominada \u201c Jornada de Mesas de Trabajo, Socializaci\u00f3n Gesti\u00f3n y avance de procesos \u201c realizada desde la Secretar\u00eda de Educaci\u00f3n de Florencia, bajo el liderazgo de Fener de Los R\u00edos Barrera, busca interactuar y socializar a los rectores de las establecimientos educativos,\u00a0 los procesos acad\u00e9micos que se adelantan\u2026","rel":"","context":"En \u00abCalidad Educativa\u00bb","block_context":{"text":"Calidad Educativa","link":"https:\/\/florencia.edu.co\/portal\/v4\/category\/calidad-educativa\/"},"img":{"alt_text":"","src":"https:\/\/i0.wp.com\/florencia.edu.co\/portal\/v4\/wp-content\/uploads\/10-2.jpeg?resize=350%2C200&ssl=1","width":350,"height":200,"srcset":"https:\/\/i0.wp.com\/florencia.edu.co\/portal\/v4\/wp-content\/uploads\/10-2.jpeg?resize=350%2C200&ssl=1 1x, https:\/\/i0.wp.com\/florencia.edu.co\/portal\/v4\/wp-content\/uploads\/10-2.jpeg?resize=525%2C300&ssl=1 1.5x, https:\/\/i0.wp.com\/florencia.edu.co\/portal\/v4\/wp-content\/uploads\/10-2.jpeg?resize=700%2C400&ssl=1 2x, https:\/\/i0.wp.com\/florencia.edu.co\/portal\/v4\/wp-content\/uploads\/10-2.jpeg?resize=1050%2C600&ssl=1 3x, https:\/\/i0.wp.com\/florencia.edu.co\/portal\/v4\/wp-content\/uploads\/10-2.jpeg?resize=1400%2C800&ssl=1 4x"},"classes":[]}],"jetpack_sharing_enabled":true,"_links":{"self":[{"href":"https:\/\/florencia.edu.co\/portal\/v4\/wp-json\/wp\/v2\/posts\/6723","targetHints":{"allow":["GET"]}}],"collection":[{"href":"https:\/\/florencia.edu.co\/portal\/v4\/wp-json\/wp\/v2\/posts"}],"about":[{"href":"https:\/\/florencia.edu.co\/portal\/v4\/wp-json\/wp\/v2\/types\/post"}],"author":[{"embeddable":true,"href":"https:\/\/florencia.edu.co\/portal\/v4\/wp-json\/wp\/v2\/users\/10"}],"replies":[{"embeddable":true,"href":"https:\/\/florencia.edu.co\/portal\/v4\/wp-json\/wp\/v2\/comments?post=6723"}],"version-history":[{"count":1,"href":"https:\/\/florencia.edu.co\/portal\/v4\/wp-json\/wp\/v2\/posts\/6723\/revisions"}],"predecessor-version":[{"id":6726,"href":"https:\/\/florencia.edu.co\/portal\/v4\/wp-json\/wp\/v2\/posts\/6723\/revisions\/6726"}],"wp:featuredmedia":[{"embeddable":true,"href":"https:\/\/florencia.edu.co\/portal\/v4\/wp-json\/wp\/v2\/media\/6724"}],"wp:attachment":[{"href":"https:\/\/florencia.edu.co\/portal\/v4\/wp-json\/wp\/v2\/media?parent=6723"}],"wp:term":[{"taxonomy":"category","embeddable":true,"href":"https:\/\/florencia.edu.co\/portal\/v4\/wp-json\/wp\/v2\/categories?post=6723"},{"taxonomy":"post_tag","embeddable":true,"href":"https:\/\/florencia.edu.co\/portal\/v4\/wp-json\/wp\/v2\/tags?post=6723"}],"curies":[{"name":"wp","href":"https:\/\/api.w.org\/{rel}","templated":true}]}}