{"id":6713,"date":"2024-05-20T10:00:55","date_gmt":"2024-05-20T15:00:55","guid":{"rendered":"https:\/\/florencia.edu.co\/portal\/v4\/?p=6713"},"modified":"2025-03-11T09:16:39","modified_gmt":"2025-03-11T14:16:39","slug":"convocatoria-para-ascensos-y-reubicaciones-salariales-docentes-del-decreto-ley-1278-de-2002-inscritos-en-carrera-2024","status":"publish","type":"post","link":"https:\/\/florencia.edu.co\/portal\/v4\/convocatoria-para-ascensos-y-reubicaciones-salariales-docentes-del-decreto-ley-1278-de-2002-inscritos-en-carrera-2024\/","title":{"rendered":"CONVOCATORIA PARA ASCENSOS Y REUBICACIONES SALARIALES DOCENTES DEL DECRETO LEY 1278 DE 2002 INSCRITOS EN CARRERA-2024."},"content":{"rendered":"\n<p>CONVOCA AL PROCESO DE EVALUACI\u00d3N PARA EL ASCENSO DE GRADO O LA REUBICACI\u00d3N DE NIVEL SALARIAL DE LOS EDUCADORES OFICIALES DEL MUNICIPIO DE FLORENCIA REGIDOS POR EL DECRETO LEY 1278 DE 2002.<\/p>\n\n\n\n<p>Link: <a href=\"https:\/\/florencia.edu.co\/portal\/v4\/convoca-al-proceso-de-evaluacion-para-el-ascenso-de-grado-o-la-reubicacion-de-nivel-salarial-de-los-educadores-oficiales-del-municipio-de-florencia-regidos-por-el-decreto-ley-1278-de-2002\/\">https:\/\/florencia.edu.co\/portal\/v4\/convoca-al-proceso-de-evaluacion-para-el-ascenso-de-grado-o-la-reubicacion-de-nivel-salarial-de-los-educadores-oficiales-del-municipio-de-florencia-regidos-por-el-decreto-ley-1278-de-2002\/<\/a><\/p>\n\n\n\n<p><strong>Resoluci\u00f3n No.00172 del 5 de marzo de 2024 <\/strong>\u00bb Por la cual se modifica el art\u00edculo d\u00e9cimo sexto de la resoluci\u00f3n No. 00018 del 12 de enero de 2024&#8243;&nbsp; (Cronograma de actividades para el proceso de evaluaci\u00f3n para ascenso de grado o reubicaci\u00f3n salarial educadores regidos por el Decreto 1278 de 2002).<\/p>\n\n\n\n<p>Link: <a href=\"https:\/\/florencia.edu.co\/portal\/v4\/resolucion-no-00172-del-5-de-marzo-de-2024\/\">https:\/\/florencia.edu.co\/portal\/v4\/resolucion-no-00172-del-5-de-marzo-de-2024\/<\/a><\/p>\n\n\n\n<p><\/p>\n\n\n\n<p><strong>Resoluci\u00f3n No.00502 del 16 de mayo de 2024<\/strong><\/p>\n\n\n\n<p>La Secretar\u00eda de Educaci\u00f3n Municipal de Florencia, se permite publicar la Resoluci\u00f3n No.00502 del 16 de mayo de 2024 \u00abPOR LA CUAL SE MODIFICA EL ART\u00cdCULO PRIMERO DE LA RESOLUCI\u00d3N No. 00172 DEL 5 DE MARZO DE 2024 QUE MODIFIC\u00d3 EL ART\u00cdCULO&nbsp;D\u00c9CIMO SEXTO DE LA RESOLUCI\u00d3N No.00018 del 12 de enero de 2024\u00bb<\/p>\n\n\n\n<p>Igualmente comparte las Orientaciones del Ministerio de Educaci\u00f3n Nacional a las Entidades Territoriales Certificadas para el Proceso Evaluativo de Ascenso y Reubicaci\u00f3n Salarial 2024, que servir\u00e1 tambi\u00e9n como informaci\u00f3n para los educadores interesados en participar en dicho proceso.<\/p>\n\n\n\n<div data-wp-interactive=\"core\/file\" class=\"wp-block-file\"><object data-wp-bind--hidden=\"!state.hasPdfPreview\" hidden class=\"wp-block-file__embed\" data=\"https:\/\/florencia.edu.co\/portal\/v4\/wp-content\/uploads\/RESOLUCION-00502-MODIFICATORIA-ASCENSO-Y-REUBICACIONES-2024-1-1.pdf\" type=\"application\/pdf\" style=\"width:100%;height:600px\" aria-label=\"Incrustado de RESOLUCION-00502-MODIFICATORIA-ASCENSO-Y-REUBICACIONES-2024-1-1.\"><\/object><a id=\"wp-block-file--media-be912149-8d4f-4315-898e-283b6a2146bc\" href=\"https:\/\/florencia.edu.co\/portal\/v4\/wp-content\/uploads\/RESOLUCION-00502-MODIFICATORIA-ASCENSO-Y-REUBICACIONES-2024-1-1.pdf\">RESOLUCION-00502-MODIFICATORIA-ASCENSO-Y-REUBICACIONES-2024-1-1<\/a><a href=\"https:\/\/florencia.edu.co\/portal\/v4\/wp-content\/uploads\/RESOLUCION-00502-MODIFICATORIA-ASCENSO-Y-REUBICACIONES-2024-1-1.pdf\" class=\"wp-block-file__button wp-element-button\" download aria-describedby=\"wp-block-file--media-be912149-8d4f-4315-898e-283b6a2146bc\">Descargar<\/a><\/div>\n\n\n\n<div data-wp-interactive=\"core\/file\" class=\"wp-block-file\"><object data-wp-bind--hidden=\"!state.hasPdfPreview\" hidden class=\"wp-block-file__embed\" data=\"https:\/\/florencia.edu.co\/portal\/v4\/wp-content\/uploads\/Orientaciones-para-ETC-Ascenso-y-Reubicacioin-2024-1.pdf\" type=\"application\/pdf\" style=\"width:100%;height:600px\" aria-label=\"Incrustado de Orientaciones-para-ETC-Ascenso-y-Reubicacioin-2024-1.\"><\/object><a id=\"wp-block-file--media-54178ea2-85c9-48d5-929d-0d87a27b70f2\" href=\"https:\/\/florencia.edu.co\/portal\/v4\/wp-content\/uploads\/Orientaciones-para-ETC-Ascenso-y-Reubicacioin-2024-1.pdf\">Orientaciones-para-ETC-Ascenso-y-Reubicacioin-2024-1<\/a><a href=\"https:\/\/florencia.edu.co\/portal\/v4\/wp-content\/uploads\/Orientaciones-para-ETC-Ascenso-y-Reubicacioin-2024-1.pdf\" class=\"wp-block-file__button wp-element-button\" download aria-describedby=\"wp-block-file--media-54178ea2-85c9-48d5-929d-0d87a27b70f2\">Descargar<\/a><\/div>\n\n\n\n<div data-wp-interactive=\"core\/file\" class=\"wp-block-file\"><object data-wp-bind--hidden=\"!state.hasPdfPreview\" hidden class=\"wp-block-file__embed\" data=\"https:\/\/florencia.edu.co\/portal\/v4\/wp-content\/uploads\/CIRCULAR-20240072-SEPTIEMBRE-2024.pdf\" type=\"application\/pdf\" style=\"width:100%;height:600px\" aria-label=\"Incrustado de CIRCULAR 20240072 SEPTIEMBRE 2024.\"><\/object><a id=\"wp-block-file--media-ddfa1f6f-dc68-4465-b7cb-6a07804a8fe1\" href=\"https:\/\/florencia.edu.co\/portal\/v4\/wp-content\/uploads\/CIRCULAR-20240072-SEPTIEMBRE-2024.pdf\">CIRCULAR 20240072 SEPTIEMBRE 2024<\/a><a href=\"https:\/\/florencia.edu.co\/portal\/v4\/wp-content\/uploads\/CIRCULAR-20240072-SEPTIEMBRE-2024.pdf\" class=\"wp-block-file__button wp-element-button\" download aria-describedby=\"wp-block-file--media-ddfa1f6f-dc68-4465-b7cb-6a07804a8fe1\">Descargar<\/a><\/div>\n\n\n\n<div data-wp-interactive=\"core\/file\" class=\"wp-block-file\"><object data-wp-bind--hidden=\"!state.hasPdfPreview\" hidden class=\"wp-block-file__embed\" data=\"https:\/\/florencia.edu.co\/portal\/v4\/wp-content\/uploads\/FORMATO-SOLICITUD-ASCENSO-O-REUBICACION_0001.pdf\" type=\"application\/pdf\" style=\"width:100%;height:600px\" aria-label=\"Incrustado de FORMATO SOLICITUD ASCENSO O REUBICACI\u00d3N_0001.\"><\/object><a id=\"wp-block-file--media-c620bc06-5f22-431b-bc30-8bc945fec8ac\" href=\"https:\/\/florencia.edu.co\/portal\/v4\/wp-content\/uploads\/FORMATO-SOLICITUD-ASCENSO-O-REUBICACION_0001.pdf\">FORMATO SOLICITUD ASCENSO O REUBICACI\u00d3N_0001<\/a><a href=\"https:\/\/florencia.edu.co\/portal\/v4\/wp-content\/uploads\/FORMATO-SOLICITUD-ASCENSO-O-REUBICACION_0001.pdf\" class=\"wp-block-file__button wp-element-button\" download aria-describedby=\"wp-block-file--media-c620bc06-5f22-431b-bc30-8bc945fec8ac\">Descargar<\/a><\/div>\n\n\n\n<p><\/p>\n","protected":false},"excerpt":{"rendered":"<p>CONVOCA AL PROCESO DE EVALUACI\u00d3N PARA EL ASCENSO DE GRADO O LA REUBICACI\u00d3N DE NIVEL SALARIAL DE LOS EDUCADORES OFICIALES DEL MUNICIPIO DE FLORENCIA REGIDOS POR EL DECRETO LEY 1278 DE 2002. Link: https:\/\/florencia.edu.co\/portal\/v4\/convoca-al-proceso-de-evaluacion-para-el-ascenso-de-grado-o-la-reubicacion-de-nivel-salarial-de-los-educadores-oficiales-del-municipio-de-florencia-regidos-por-el-decreto-ley-1278-de-2002\/ Resoluci\u00f3n No.00172 del 5 de marzo de 2024 \u00bb Por la cual se modifica el art\u00edculo d\u00e9cimo sexto de la resoluci\u00f3n [&hellip;]<\/p>\n","protected":false},"author":10,"featured_media":0,"comment_status":"closed","ping_status":"closed","sticky":false,"template":"","format":"standard","meta":{"advanced_seo_description":"","jetpack_seo_html_title":"","jetpack_seo_noindex":false,"_vp_format_video_url":"","_vp_image_focal_point":[],"_jetpack_memberships_contains_paid_content":false,"footnotes":""},"categories":[23,15],"tags":[],"class_list":["post-6713","post","type-post","status-publish","format-standard","hentry","category-administrativa","category-resoluciones"],"jetpack_featured_media_url":"","jetpack-related-posts":[{"id":6256,"url":"https:\/\/florencia.edu.co\/portal\/v4\/convoca-al-proceso-de-evaluacion-para-el-ascenso-de-grado-o-la-reubicacion-de-nivel-salarial-de-los-educadores-oficiales-del-municipio-de-florencia-regidos-por-el-decreto-ley-1278-de-2002\/","url_meta":{"origin":6713,"position":0},"title":"CONVOCA AL PROCESO DE EVALUACI\u00d3N PARA EL ASCENSO DE GRADO O LA REUBICACI\u00d3N DE NIVEL SALARIAL DE LOS EDUCADORES OFICIALES DEL MUNICIPIO DE FLORENCIA REGIDOS POR EL DECRETO LEY 1278 DE 2002.","author":"Miller","date":"15 enero, 2024","format":false,"excerpt":"CONVOCATORIA-PROCESO-EVALUACION-ASCENSOS-Y-REUBICACION-EN-EL-ESCALAFON-DOCENTE-2024Descargar","rel":"","context":"En \u00abNoticia\u00bb","block_context":{"text":"Noticia","link":"https:\/\/florencia.edu.co\/portal\/v4\/category\/noticia\/"},"img":{"alt_text":"","src":"","width":0,"height":0},"classes":[]},{"id":8778,"url":"https:\/\/florencia.edu.co\/portal\/v4\/resolucion-no-1028\/","url_meta":{"origin":6713,"position":1},"title":"RESOLUCI\u00d3N No. 1028","author":"Miller","date":"19 septiembre, 2025","format":false,"excerpt":"POR LA CUAL SE CONVOCA AL PROCESO DE EVALUACI\u00d3N DEL QUE TRATA EL ART\u00cdCULO 35 Y EL NUMERAL 2 DEL ART\u00cdCULO 36 DEL DECRETO LEY 1278 DE 2002 PARA EL ASCENSO DE GRADO O LA REUBICACI\u00d3N DE NIVEL SALARIAL DE LOS EDUCADORES OFICIALES DEL MUNICIPIO DE FLORENCIA REGIDOS POR DICHA\u2026","rel":"","context":"En \u00abAdministrativa\u00bb","block_context":{"text":"Administrativa","link":"https:\/\/florencia.edu.co\/portal\/v4\/category\/administrativa\/"},"img":{"alt_text":"","src":"","width":0,"height":0},"classes":[]},{"id":6514,"url":"https:\/\/florencia.edu.co\/portal\/v4\/resolucion-no-00172-del-5-de-marzo-de-2024\/","url_meta":{"origin":6713,"position":2},"title":"\u00a0Resoluci\u00f3n No.00172 del 5 de marzo de 2024","author":"Miller","date":"8 marzo, 2024","format":false,"excerpt":"\u00a0Por la cual se modifica el art\u00edculo d\u00e9cimo sexto de la resoluci\u00f3n No. 00018 del 12 de enero de 2024\"\u00a0 (Cronograma de actividades para el proceso de evaluaci\u00f3n para ascenso de grado o reubicaci\u00f3n salarial educadores regidos por el Decreto 1278 de 2002) RESOLUCION-00172-5-12-2024-MODIFICACIONDescargar","rel":"","context":"En \u00abResoluciones\u00bb","block_context":{"text":"Resoluciones","link":"https:\/\/florencia.edu.co\/portal\/v4\/category\/resoluciones\/"},"img":{"alt_text":"","src":"","width":0,"height":0},"classes":[]},{"id":7244,"url":"https:\/\/florencia.edu.co\/portal\/v4\/proceso-de-evaluacion-para-el-ascenso-grado-o-reubicacion-salarial-de-los-educadores-2024\/","url_meta":{"origin":6713,"position":3},"title":"Proceso de evaluaci\u00f3n para el ascenso grado o reubicaci\u00f3n salarial de los educadores 2024.","author":"Miller","date":"15 noviembre, 2024","format":false,"excerpt":"La Secretar\u00eda de Educaci\u00f3n\u00a0Municipal de Florencia, se permite publicar el listado definitivo de aspirantes que superaron o no la evaluaci\u00f3n de competencias luego de la soluci\u00f3n de sus reclamaciones. FLORENCIA-Listado-resultados-reclamantesDescargar","rel":"","context":"En \u00abAdministrativa\u00bb","block_context":{"text":"Administrativa","link":"https:\/\/florencia.edu.co\/portal\/v4\/category\/administrativa\/"},"img":{"alt_text":"","src":"","width":0,"height":0},"classes":[]},{"id":2773,"url":"https:\/\/florencia.edu.co\/portal\/v4\/fecha-limite-para-radicar-solicitudes-de-ascensos-en-el-escalafon-nacional-docente-y-titulos-de-maestrias-y-especializaciones-para-reconocimiento-de-mejoramiento-salarial\/","url_meta":{"origin":6713,"position":4},"title":"FECHA LIMITE PARA RADICAR SOLICITUDES DE ASCENSOS EN EL ESCALAF\u00d3N NACIONAL DOCENTE Y T\u00cdTULOS DE MAESTR\u00cdAS Y ESPECIALIZACIONES PARA RECONOCIMIENTO DE MEJORAMIENTO SALARIAL","author":"Miller","date":"18 noviembre, 2021","format":false,"excerpt":"Circular DS.0063 del 9 de noviembre de 2021,mediante el cual se imparten orientaciones para los docentes regidos por el Decreto 2277 de 1979 y el 1278 de 2002. Circular DS 0063Descargar","rel":"","context":"En \u00abAdministrativa\u00bb","block_context":{"text":"Administrativa","link":"https:\/\/florencia.edu.co\/portal\/v4\/category\/administrativa\/"},"img":{"alt_text":"","src":"","width":0,"height":0},"classes":[]},{"id":9544,"url":"https:\/\/florencia.edu.co\/portal\/v4\/listado-de-los-resultados-de-los-docentes-que-aprobaron-y-no-aprobaron-la-evaluacion-de-competencias-para-ascenso-o-reubicacion-de-nivel-salarial-de-la-convocatoria-de-2025\/","url_meta":{"origin":6713,"position":5},"title":"Listado de los resultados de los Docentes que Aprobaron y No Aprobaron la Evaluaci\u00f3n de Competencias para ascenso o reubicaci\u00f3n de nivel salarial de la Convocatoria de 2025.","author":"Miller","date":"16 marzo, 2026","format":false,"excerpt":"\"Dando cumplimiento al cronograma de la Resoluci\u00f3n No.018987 del 17 de septiembre de 2025, la Secretar\u00eda de Educaci\u00f3n Municipal de Florencia se permite publicar el listado de los resultados de los Docentes que Aprobaron y No Aprobaron la Evaluaci\u00f3n de Competencias para ascenso o reubicaci\u00f3n de nivel salarial de la\u2026","rel":"","context":"En \u00abCarrera Docente\u00bb","block_context":{"text":"Carrera Docente","link":"https:\/\/florencia.edu.co\/portal\/v4\/category\/administrativa\/carrera-docente\/"},"img":{"alt_text":"","src":"","width":0,"height":0},"classes":[]}],"jetpack_sharing_enabled":true,"_links":{"self":[{"href":"https:\/\/florencia.edu.co\/portal\/v4\/wp-json\/wp\/v2\/posts\/6713","targetHints":{"allow":["GET"]}}],"collection":[{"href":"https:\/\/florencia.edu.co\/portal\/v4\/wp-json\/wp\/v2\/posts"}],"about":[{"href":"https:\/\/florencia.edu.co\/portal\/v4\/wp-json\/wp\/v2\/types\/post"}],"author":[{"embeddable":true,"href":"https:\/\/florencia.edu.co\/portal\/v4\/wp-json\/wp\/v2\/users\/10"}],"replies":[{"embeddable":true,"href":"https:\/\/florencia.edu.co\/portal\/v4\/wp-json\/wp\/v2\/comments?post=6713"}],"version-history":[{"count":5,"href":"https:\/\/florencia.edu.co\/portal\/v4\/wp-json\/wp\/v2\/posts\/6713\/revisions"}],"predecessor-version":[{"id":7079,"href":"https:\/\/florencia.edu.co\/portal\/v4\/wp-json\/wp\/v2\/posts\/6713\/revisions\/7079"}],"wp:attachment":[{"href":"https:\/\/florencia.edu.co\/portal\/v4\/wp-json\/wp\/v2\/media?parent=6713"}],"wp:term":[{"taxonomy":"category","embeddable":true,"href":"https:\/\/florencia.edu.co\/portal\/v4\/wp-json\/wp\/v2\/categories?post=6713"},{"taxonomy":"post_tag","embeddable":true,"href":"https:\/\/florencia.edu.co\/portal\/v4\/wp-json\/wp\/v2\/tags?post=6713"}],"curies":[{"name":"wp","href":"https:\/\/api.w.org\/{rel}","templated":true}]}}