{"id":6514,"date":"2024-03-08T09:14:22","date_gmt":"2024-03-08T14:14:22","guid":{"rendered":"https:\/\/florencia.edu.co\/portal\/v4\/?p=6514"},"modified":"2024-03-08T09:14:24","modified_gmt":"2024-03-08T14:14:24","slug":"resolucion-no-00172-del-5-de-marzo-de-2024","status":"publish","type":"post","link":"https:\/\/florencia.edu.co\/portal\/v4\/resolucion-no-00172-del-5-de-marzo-de-2024\/","title":{"rendered":"\u00a0Resoluci\u00f3n No.00172 del 5 de marzo de 2024"},"content":{"rendered":"\n<p>\u00a0Por la cual se modifica el art\u00edculo d\u00e9cimo sexto de la resoluci\u00f3n No. 00018 del 12 de enero de 2024&#8243;\u00a0 (Cronograma de actividades para el proceso de evaluaci\u00f3n para ascenso de grado o reubicaci\u00f3n salarial educadores regidos por el Decreto 1278 de 2002)<\/p>\n\n\n\n<div data-wp-interactive=\"core\/file\" class=\"wp-block-file\"><object data-wp-bind--hidden=\"!state.hasPdfPreview\" hidden class=\"wp-block-file__embed\" data=\"https:\/\/florencia.edu.co\/portal\/v4\/wp-content\/uploads\/RESOLUCION-00172-5-12-2024-MODIFICACION.pdf\" type=\"application\/pdf\" style=\"width:100%;height:600px\" aria-label=\"Incrustado de RESOLUCION-00172-5-12-2024-MODIFICACION.\"><\/object><a id=\"wp-block-file--media-bc175d85-8e44-4818-bd08-40e556c1fa8d\" href=\"https:\/\/florencia.edu.co\/portal\/v4\/wp-content\/uploads\/RESOLUCION-00172-5-12-2024-MODIFICACION.pdf\">RESOLUCION-00172-5-12-2024-MODIFICACION<\/a><a href=\"https:\/\/florencia.edu.co\/portal\/v4\/wp-content\/uploads\/RESOLUCION-00172-5-12-2024-MODIFICACION.pdf\" class=\"wp-block-file__button wp-element-button\" download aria-describedby=\"wp-block-file--media-bc175d85-8e44-4818-bd08-40e556c1fa8d\">Descargar<\/a><\/div>\n","protected":false},"excerpt":{"rendered":"<p>\u00a0Por la cual se modifica el art\u00edculo d\u00e9cimo sexto de la resoluci\u00f3n No. 00018 del 12 de enero de 2024&#8243;\u00a0 (Cronograma de actividades para el proceso de evaluaci\u00f3n para ascenso de grado o reubicaci\u00f3n salarial educadores regidos por el Decreto 1278 de 2002)<\/p>\n","protected":false},"author":10,"featured_media":0,"comment_status":"closed","ping_status":"closed","sticky":false,"template":"","format":"standard","meta":{"advanced_seo_description":"","jetpack_seo_html_title":"","jetpack_seo_noindex":false,"_vp_format_video_url":"","_vp_image_focal_point":[],"_jetpack_memberships_contains_paid_content":false,"footnotes":""},"categories":[15],"tags":[],"class_list":["post-6514","post","type-post","status-publish","format-standard","hentry","category-resoluciones"],"jetpack_featured_media_url":"","jetpack-related-posts":[{"id":6713,"url":"https:\/\/florencia.edu.co\/portal\/v4\/convocatoria-para-ascensos-y-reubicaciones-salariales-docentes-del-decreto-ley-1278-de-2002-inscritos-en-carrera-2024\/","url_meta":{"origin":6514,"position":0},"title":"CONVOCATORIA PARA ASCENSOS Y REUBICACIONES SALARIALES DOCENTES DEL DECRETO LEY 1278 DE 2002 INSCRITOS EN CARRERA-2024.","author":"Miller","date":"20 mayo, 2024","format":false,"excerpt":"CONVOCA AL PROCESO DE EVALUACI\u00d3N PARA EL ASCENSO DE GRADO O LA REUBICACI\u00d3N DE NIVEL SALARIAL DE LOS EDUCADORES OFICIALES DEL MUNICIPIO DE FLORENCIA REGIDOS POR EL DECRETO LEY 1278 DE 2002. Link: https:\/\/florencia.edu.co\/portal\/v4\/convoca-al-proceso-de-evaluacion-para-el-ascenso-de-grado-o-la-reubicacion-de-nivel-salarial-de-los-educadores-oficiales-del-municipio-de-florencia-regidos-por-el-decreto-ley-1278-de-2002\/ Resoluci\u00f3n No.00172 del 5 de marzo de 2024 \" Por la cual se modifica el art\u00edculo\u2026","rel":"","context":"En \u00abAdministrativa\u00bb","block_context":{"text":"Administrativa","link":"https:\/\/florencia.edu.co\/portal\/v4\/category\/administrativa\/"},"img":{"alt_text":"","src":"","width":0,"height":0},"classes":[]},{"id":6242,"url":"https:\/\/florencia.edu.co\/portal\/v4\/resolucion-no-2100-79-calendario-academico-ano-lectivo-2024\/","url_meta":{"origin":6514,"position":1},"title":"RESOLUCI\u00d3N No. 2100.79. 20230699 CALENDARIO ACAD\u00c9MICO A\u00d1O LECTIVO 2024.","author":"Miller","date":"28 diciembre, 2023","format":false,"excerpt":"RES.-20230699-FLORENCIA-CALENDARIO-ACADEMICO-2024Descargar","rel":"","context":"En \u00abNoticia\u00bb","block_context":{"text":"Noticia","link":"https:\/\/florencia.edu.co\/portal\/v4\/category\/noticia\/"},"img":{"alt_text":"","src":"","width":0,"height":0},"classes":[]},{"id":9020,"url":"https:\/\/florencia.edu.co\/portal\/v4\/resolucion-n-2100-79-2-0-2-5-0-8-8-5\/","url_meta":{"origin":6514,"position":2},"title":"RESOLUCI\u00d3N N\u00b02100-79-20250885","author":"Miller","date":"3 diciembre, 2025","format":false,"excerpt":"Por la cual se crea la sede INFANTIL PEQUE\u00d1OS INGENIOSOS y anexa a la INSTITUCION EDUCATIVA TECNICO INDUSTRIAL NID 183001000991 del municipio de Florencia Caquet\u00e1. 2100.79-20250885Descargar","rel":"","context":"En \u00abInspecci\u00f3n y Vigilancia\u00bb","block_context":{"text":"Inspecci\u00f3n y Vigilancia","link":"https:\/\/florencia.edu.co\/portal\/v4\/category\/inspeccion-y-vigilancia\/"},"img":{"alt_text":"","src":"","width":0,"height":0},"classes":[]},{"id":7179,"url":"https:\/\/florencia.edu.co\/portal\/v4\/resolucion-numero-2024708-del-21-de-octubre-de-2024\/","url_meta":{"origin":6514,"position":3},"title":"Resoluci\u00f3n n\u00famero 2024708 del 21 de octubre de 2024","author":"Miller","date":"23 octubre, 2024","format":false,"excerpt":"\"Por la cual se dictan normas sobre Calendario Acad\u00e9mico para los Establecimientos Educativos Oficiales de Educaci\u00f3n Formal del Municipio de Florencia, en los Niveles y Ciclos de Educaci\u00f3n Pre-escolar, B\u00e1sica y Media y la Educaci\u00f3n Formal para J\u00f3venes y Adultos, y se establecen los par\u00e1metros y lineamientos a tener en\u2026","rel":"","context":"En \u00abCalidad Educativa\u00bb","block_context":{"text":"Calidad Educativa","link":"https:\/\/florencia.edu.co\/portal\/v4\/category\/calidad-educativa\/"},"img":{"alt_text":"","src":"","width":0,"height":0},"classes":[]},{"id":7182,"url":"https:\/\/florencia.edu.co\/portal\/v4\/resolucion-20240688\/","url_meta":{"origin":6514,"position":4},"title":"PROCESO ORDINARIO DE TRASLADO 2024","author":"Miller","date":"23 octubre, 2024","format":false,"excerpt":"Por medio de la cual se fija el cronograma y los criterios para la realizaci\u00f3n del proceso ordinario de traslados de docentes y directivos docentes estatales con derechos de carrera que laboran en las instituciones educativas de la entidad territorial certificada en educaci\u00f3n Florencia para el a\u00f1o 2024. POT 2024Descargar\u2026","rel":"","context":"En \u00abAdministrativa\u00bb","block_context":{"text":"Administrativa","link":"https:\/\/florencia.edu.co\/portal\/v4\/category\/administrativa\/"},"img":{"alt_text":"","src":"","width":0,"height":0},"classes":[]},{"id":9023,"url":"https:\/\/florencia.edu.co\/portal\/v4\/resolucion-n-2100-79-2-0-2-5-0-8-8-2\/","url_meta":{"origin":6514,"position":5},"title":"RESOLUCION N\u00b02100-79-20250882","author":"Miller","date":"3 diciembre, 2025","format":false,"excerpt":"Por la cual se crea la sede PAKARII y anexa a la INSTITUCI\u00d3N EDUCATIVA AGROECOLOGICO AMAZONICO BUINAIMA NID 218001003017 del municipio de Florencia Caquet\u00e1. 2100.79-20250882Descargar","rel":"","context":"En \u00abInspecci\u00f3n y Vigilancia\u00bb","block_context":{"text":"Inspecci\u00f3n y Vigilancia","link":"https:\/\/florencia.edu.co\/portal\/v4\/category\/inspeccion-y-vigilancia\/"},"img":{"alt_text":"","src":"","width":0,"height":0},"classes":[]}],"jetpack_sharing_enabled":true,"_links":{"self":[{"href":"https:\/\/florencia.edu.co\/portal\/v4\/wp-json\/wp\/v2\/posts\/6514","targetHints":{"allow":["GET"]}}],"collection":[{"href":"https:\/\/florencia.edu.co\/portal\/v4\/wp-json\/wp\/v2\/posts"}],"about":[{"href":"https:\/\/florencia.edu.co\/portal\/v4\/wp-json\/wp\/v2\/types\/post"}],"author":[{"embeddable":true,"href":"https:\/\/florencia.edu.co\/portal\/v4\/wp-json\/wp\/v2\/users\/10"}],"replies":[{"embeddable":true,"href":"https:\/\/florencia.edu.co\/portal\/v4\/wp-json\/wp\/v2\/comments?post=6514"}],"version-history":[{"count":1,"href":"https:\/\/florencia.edu.co\/portal\/v4\/wp-json\/wp\/v2\/posts\/6514\/revisions"}],"predecessor-version":[{"id":6516,"href":"https:\/\/florencia.edu.co\/portal\/v4\/wp-json\/wp\/v2\/posts\/6514\/revisions\/6516"}],"wp:attachment":[{"href":"https:\/\/florencia.edu.co\/portal\/v4\/wp-json\/wp\/v2\/media?parent=6514"}],"wp:term":[{"taxonomy":"category","embeddable":true,"href":"https:\/\/florencia.edu.co\/portal\/v4\/wp-json\/wp\/v2\/categories?post=6514"},{"taxonomy":"post_tag","embeddable":true,"href":"https:\/\/florencia.edu.co\/portal\/v4\/wp-json\/wp\/v2\/tags?post=6514"}],"curies":[{"name":"wp","href":"https:\/\/api.w.org\/{rel}","templated":true}]}}