{"id":5542,"date":"2023-09-13T15:28:24","date_gmt":"2023-09-13T20:28:24","guid":{"rendered":"https:\/\/florencia.edu.co\/portal\/v4\/?p=5542"},"modified":"2023-09-13T15:36:21","modified_gmt":"2023-09-13T20:36:21","slug":"socializacion-de-proyecto-mejoramiento-y-dotacion-de-la-infraestructura-de-la-institucion-educativa-divino-nino","status":"publish","type":"post","link":"https:\/\/florencia.edu.co\/portal\/v4\/socializacion-de-proyecto-mejoramiento-y-dotacion-de-la-infraestructura-de-la-institucion-educativa-divino-nino\/","title":{"rendered":"SOCIALIZACI\u00d3N DE PROYECTO MEJORAMIENTO Y DOTACI\u00d3N DE LA INFRAESTRUCTURA DE LA INSTITUCI\u00d3N EDUCATIVA DIVINO NI\u00d1O."},"content":{"rendered":"\n<div class=\"alignnormal\"><div id=\"metaslider-id-5549\" style=\"width: 100%; margin: 0 auto;\" class=\"ml-slider-3-108-0 metaslider metaslider-flex metaslider-5549 ml-slider ms-theme-default nav-hidden\" role=\"region\" aria-label=\"MEJORAMIENTO Y PRESENTACI\u00d3N PROYECTO DE DOTACI\u00d3N DE LA  INFRAESTRUCTURA  EDUCATIVA DIVINO NI\u00d1O,  MUNICIPIO DE FLORENCIA,  CAQUET\u00c1.\" data-height=\"400\" data-width=\"1600\">\n    <div id=\"metaslider_container_5549\">\n        <div id=\"metaslider_5549\" class=\"flexslider\">\n            <ul class='slides'>\n                <li style=\"display: block; width: 100%;\" class=\"slide-5560 ms-image \" aria-roledescription=\"slide\" data-date=\"2023-09-13 15:14:38\" data-filename=\"imagen10-730x182.jpg\" data-slide-type=\"image\"><img data-recalc-dims=\"1\" loading=\"lazy\" decoding=\"async\" src=\"https:\/\/i0.wp.com\/florencia.edu.co\/portal\/v4\/wp-content\/uploads\/imagen10.jpg?resize=1600%2C400&#038;ssl=1\" height=\"400\" width=\"1600\" alt=\"\" class=\"slider-5549 slide-5560 msDefaultImage\" title=\"imagen10\" \/><\/li>\n                <li style=\"display: none; width: 100%;\" class=\"slide-5561 ms-image \" aria-roledescription=\"slide\" data-date=\"2023-09-13 15:14:38\" data-filename=\"imagen09-727x181.jpg\" data-slide-type=\"image\"><img data-recalc-dims=\"1\" loading=\"lazy\" decoding=\"async\" src=\"https:\/\/i0.wp.com\/florencia.edu.co\/portal\/v4\/wp-content\/uploads\/imagen09.jpg?resize=1600%2C400&#038;ssl=1\" height=\"400\" width=\"1600\" alt=\"\" class=\"slider-5549 slide-5561 msDefaultImage\" title=\"imagen09\" \/><\/li>\n                <li style=\"display: none; width: 100%;\" class=\"slide-5562 ms-image \" aria-roledescription=\"slide\" data-date=\"2023-09-13 15:14:38\" data-filename=\"Imagen08-1600x400.jpeg\" data-slide-type=\"image\"><img data-recalc-dims=\"1\" loading=\"lazy\" decoding=\"async\" src=\"https:\/\/i0.wp.com\/florencia.edu.co\/portal\/v4\/wp-content\/uploads\/Imagen08.jpeg?resize=1600%2C400&#038;ssl=1\" height=\"400\" width=\"1600\" alt=\"\" class=\"slider-5549 slide-5562 msDefaultImage\" title=\"Imagen08\" \/><\/li>\n                <li style=\"display: none; width: 100%;\" class=\"slide-5563 ms-image \" aria-roledescription=\"slide\" data-date=\"2023-09-13 15:14:38\" data-filename=\"Imagen07-1600x400.jpeg\" data-slide-type=\"image\"><img data-recalc-dims=\"1\" loading=\"lazy\" decoding=\"async\" src=\"https:\/\/i0.wp.com\/florencia.edu.co\/portal\/v4\/wp-content\/uploads\/Imagen07.jpeg?resize=1600%2C400&#038;ssl=1\" height=\"400\" width=\"1600\" alt=\"\" class=\"slider-5549 slide-5563 msDefaultImage\" title=\"Imagen07\" \/><\/li>\n                <li style=\"display: none; width: 100%;\" class=\"slide-5564 ms-image \" aria-roledescription=\"slide\" data-date=\"2023-09-13 15:14:38\" data-filename=\"Imagen06-1600x400.jpeg\" data-slide-type=\"image\"><img data-recalc-dims=\"1\" loading=\"lazy\" decoding=\"async\" src=\"https:\/\/i0.wp.com\/florencia.edu.co\/portal\/v4\/wp-content\/uploads\/Imagen06.jpeg?resize=1600%2C400&#038;ssl=1\" height=\"400\" width=\"1600\" alt=\"\" class=\"slider-5549 slide-5564 msDefaultImage\" title=\"Imagen06\" \/><\/li>\n                <li style=\"display: none; width: 100%;\" class=\"slide-5565 ms-image \" aria-roledescription=\"slide\" data-date=\"2023-09-13 15:14:38\" data-filename=\"Imagen05-1600x400.jpeg\" data-slide-type=\"image\"><img data-recalc-dims=\"1\" loading=\"lazy\" decoding=\"async\" src=\"https:\/\/i0.wp.com\/florencia.edu.co\/portal\/v4\/wp-content\/uploads\/Imagen05.jpeg?resize=1600%2C400&#038;ssl=1\" height=\"400\" width=\"1600\" alt=\"\" class=\"slider-5549 slide-5565 msDefaultImage\" title=\"Imagen05\" \/><\/li>\n                <li style=\"display: none; width: 100%;\" class=\"slide-5566 ms-image \" aria-roledescription=\"slide\" data-date=\"2023-09-13 15:14:38\" data-filename=\"Imagen04-1600x400.jpeg\" data-slide-type=\"image\"><img data-recalc-dims=\"1\" loading=\"lazy\" decoding=\"async\" src=\"https:\/\/i0.wp.com\/florencia.edu.co\/portal\/v4\/wp-content\/uploads\/Imagen04.jpeg?resize=1600%2C400&#038;ssl=1\" height=\"400\" width=\"1600\" alt=\"\" class=\"slider-5549 slide-5566 msDefaultImage\" title=\"Imagen04\" \/><\/li>\n                <li style=\"display: none; width: 100%;\" class=\"slide-5567 ms-image \" aria-roledescription=\"slide\" data-date=\"2023-09-13 15:14:38\" data-filename=\"Imagen03-1600x400.jpeg\" data-slide-type=\"image\"><img data-recalc-dims=\"1\" loading=\"lazy\" decoding=\"async\" src=\"https:\/\/i0.wp.com\/florencia.edu.co\/portal\/v4\/wp-content\/uploads\/Imagen03.jpeg?resize=1600%2C400&#038;ssl=1\" height=\"400\" width=\"1600\" alt=\"\" class=\"slider-5549 slide-5567 msDefaultImage\" title=\"Imagen03\" \/><\/li>\n                <li style=\"display: none; width: 100%;\" class=\"slide-5568 ms-image \" aria-roledescription=\"slide\" data-date=\"2023-09-13 15:14:38\" data-filename=\"Imagen02-1024x256.jpeg\" data-slide-type=\"image\"><img data-recalc-dims=\"1\" loading=\"lazy\" decoding=\"async\" src=\"https:\/\/i0.wp.com\/florencia.edu.co\/portal\/v4\/wp-content\/uploads\/Imagen02.jpeg?resize=1600%2C400&#038;ssl=1\" height=\"400\" width=\"1600\" alt=\"\" class=\"slider-5549 slide-5568 msDefaultImage\" title=\"Imagen02\" \/><\/li>\n                <li style=\"display: none; width: 100%;\" class=\"slide-5569 ms-image \" aria-roledescription=\"slide\" data-date=\"2023-09-13 15:14:38\" data-filename=\"Imagen01-1024x256.jpeg\" data-slide-type=\"image\"><img data-recalc-dims=\"1\" loading=\"lazy\" decoding=\"async\" src=\"https:\/\/i0.wp.com\/florencia.edu.co\/portal\/v4\/wp-content\/uploads\/Imagen01.jpeg?resize=1600%2C400&#038;ssl=1\" height=\"400\" width=\"1600\" alt=\"\" class=\"slider-5549 slide-5569 msDefaultImage\" title=\"Imagen01\" \/><\/li>\n            <\/ul>\n        <\/div>\n        \n    <\/div>\n<\/div><\/div>\n\n\n\n<p><strong>Mejoramiento<\/strong><\/p>\n\n\n\n<ul class=\"wp-block-list\">\n<li>Zona Administrativa<\/li>\n\n\n\n<li>Bater\u00eda Sanitaria<\/li>\n\n\n\n<li>Aulas<\/li>\n\n\n\n<li>Cuartos segundo piso<\/li>\n\n\n\n<li>Cuarto Enfermer\u00eda y Psicolog\u00eda<\/li>\n\n\n\n<li>Acceso Peatonal  <\/li>\n<\/ul>\n\n\n\n<p><strong>Dotaci\u00f3n<\/strong><\/p>\n\n\n\n<ul class=\"wp-block-list\">\n<li>Muebles<\/li>\n\n\n\n<li>Tableros<\/li>\n<\/ul>\n\n\n\n<p class=\"has-text-align-left\"><br><\/p>\n\n\n\n<p>El proyecto se llevar\u00e1 a cabo en el Barrio Minuto de Dios del Municipio de Florencia, siendo este municipio el m\u00e1s poblado de la regi\u00f3n amaz\u00f3nica, por su n\u00famero de habitantes y es conocido como \u00abLa Puerta de Oro de la Amazonia Colombiana\u00bb en el Departamento del Caquet\u00e1.<br>Puntualmente, se localiza en la Instituci\u00f3n Educativa Divino Ni\u00f1o sede principal, la cual busca contribuir al desarrollo social, educativo, \u00e9tico y cultural de la comunidad educativa; as\u00ed como tambi\u00e9n, promover el desarrollo de competencias b\u00e1sicas, ciudadanas y laborales que posibiliten el desarrollo personal, acceso al conocimiento cient\u00edfico y tecnol\u00f3gico.<\/p>\n","protected":false},"excerpt":{"rendered":"<p>Mejoramiento Dotaci\u00f3n El proyecto se llevar\u00e1 a cabo en el Barrio Minuto de Dios del Municipio de Florencia, siendo este municipio el m\u00e1s poblado de la regi\u00f3n amaz\u00f3nica, por su n\u00famero de habitantes y es conocido como \u00abLa Puerta de Oro de la Amazonia Colombiana\u00bb en el Departamento del Caquet\u00e1.Puntualmente, se localiza en la Instituci\u00f3n [&hellip;]<\/p>\n","protected":false},"author":10,"featured_media":0,"comment_status":"closed","ping_status":"closed","sticky":false,"template":"","format":"standard","meta":{"advanced_seo_description":"","jetpack_seo_html_title":"","jetpack_seo_noindex":false,"_vp_format_video_url":"","_vp_image_focal_point":[],"_jetpack_memberships_contains_paid_content":false,"footnotes":""},"categories":[38,22],"tags":[],"class_list":["post-5542","post","type-post","status-publish","format-standard","hentry","category-noticia","category-planeacion-educativa"],"jetpack_featured_media_url":"","jetpack-related-posts":[{"id":8360,"url":"https:\/\/florencia.edu.co\/portal\/v4\/con-mas-de-10-mil-millones-de-pesos-la-alcaldia-de-florencia-a-traves-de-la-secretaria-de-educacion-gestiono-mediante-obras-por-impuesto-la-mejora-del-mobiliario-de-las-instituciones-educativas-in\/","url_meta":{"origin":5542,"position":0},"title":"Con m\u00e1s de $10 mil millones de pesos la Alcald\u00eda de Florencia a trav\u00e9s de la Secretar\u00eda de Educaci\u00f3n, gestion\u00f3 mediante OBRAS POR IMPUESTO, la mejora del mobiliario de las Instituciones Educativas, invirtiendo recursos importantes para dignificar los espacios donde aprenden los ni\u00f1os, ni\u00f1as y j\u00f3venes.","author":"SANDRA MILENA SALAZAR RAM\u00d3N","date":"17 mayo, 2025","format":false,"excerpt":"\u00a1Una educaci\u00f3n de calidad empieza en un aula bien dotada! La administraci\u00f3n municipal de Florencia, bajo el liderazgo del alcalde Marlon Monsalve y a trav\u00e9s de la Secretar\u00eda de Educaci\u00f3n, gestion\u00f3 la financiaci\u00f3n de dos proyectos clave mediante el mecanismo de Obras por Impuestos, orientados a renovar el mobiliario escolar\u2026","rel":"","context":"En \u00abCalidad Educativa\u00bb","block_context":{"text":"Calidad Educativa","link":"https:\/\/florencia.edu.co\/portal\/v4\/category\/calidad-educativa\/"},"img":{"alt_text":"","src":"https:\/\/i0.wp.com\/florencia.edu.co\/portal\/v4\/wp-content\/uploads\/25-1.jpeg?fit=1200%2C900&ssl=1&resize=350%2C200","width":350,"height":200,"srcset":"https:\/\/i0.wp.com\/florencia.edu.co\/portal\/v4\/wp-content\/uploads\/25-1.jpeg?fit=1200%2C900&ssl=1&resize=350%2C200 1x, https:\/\/i0.wp.com\/florencia.edu.co\/portal\/v4\/wp-content\/uploads\/25-1.jpeg?fit=1200%2C900&ssl=1&resize=525%2C300 1.5x, https:\/\/i0.wp.com\/florencia.edu.co\/portal\/v4\/wp-content\/uploads\/25-1.jpeg?fit=1200%2C900&ssl=1&resize=700%2C400 2x, https:\/\/i0.wp.com\/florencia.edu.co\/portal\/v4\/wp-content\/uploads\/25-1.jpeg?fit=1200%2C900&ssl=1&resize=1050%2C600 3x"},"classes":[]},{"id":4780,"url":"https:\/\/florencia.edu.co\/portal\/v4\/aviso-entrega-de-dotaciones-vigencia-2021-2022\/","url_meta":{"origin":5542,"position":1},"title":"\u00a1Aviso!  Entrega de dotaciones vigencia 2021-2022","author":"Mabiyiceth","date":"27 junio, 2023","format":false,"excerpt":"AVISO-DOTACIONESDescargar","rel":"","context":"En \u00abAdministrativa\u00bb","block_context":{"text":"Administrativa","link":"https:\/\/florencia.edu.co\/portal\/v4\/category\/administrativa\/"},"img":{"alt_text":"","src":"","width":0,"height":0},"classes":[]},{"id":6238,"url":"https:\/\/florencia.edu.co\/portal\/v4\/aclaratoria-citacion-entrega-dotacion-2023\/","url_meta":{"origin":5542,"position":2},"title":"ACLARATORIA CITACI\u00d3N ENTREGA DOTACI\u00d3N 2023.","author":"Miller","date":"27 diciembre, 2023","format":false,"excerpt":"ACLARATORIA-CITACION-DOTACION-2023Descargar","rel":"","context":"En \u00abCirculares\u00bb","block_context":{"text":"Circulares","link":"https:\/\/florencia.edu.co\/portal\/v4\/category\/administrativa\/circulares-administrativa\/"},"img":{"alt_text":"","src":"","width":0,"height":0},"classes":[]},{"id":6235,"url":"https:\/\/florencia.edu.co\/portal\/v4\/circular-no-2100-citacion-entrega-dotacion-2023\/","url_meta":{"origin":5542,"position":3},"title":"CIRCULAR No. 2100-CITACI\u00d3N ENTREGA DOTACI\u00d3N 2023.","author":"Miller","date":"27 diciembre, 2023","format":false,"excerpt":"CITACION-ENTREGA-DOTACION-DOCENTES-Y-CELADORESDescargar","rel":"","context":"En \u00abCirculares\u00bb","block_context":{"text":"Circulares","link":"https:\/\/florencia.edu.co\/portal\/v4\/category\/circulares\/"},"img":{"alt_text":"","src":"","width":0,"height":0},"classes":[]},{"id":5644,"url":"https:\/\/florencia.edu.co\/portal\/v4\/se-realizan-con-exito-las-ferias-culturales-empresariales-especialidades-gastronomica-y-el-english-day-de-las-instituciones-educativas-de-florencia\/","url_meta":{"origin":5542,"position":4},"title":"Se realizaron con \u00e9xito las Ferias Culturales, Empresariales, Especialidades, Gastron\u00f3mica y el English Day de las Instituciones Educativas de Florencia.","author":"Miller","date":"17 octubre, 2023","format":false,"excerpt":"Se desarrollo las ferias educativas empresariales en diversas Instituciones Educativas de la ciudad de Florencia, caracteriz\u00e1ndose por la l\u00fadica, creatividad y reconocimiento de las diversas culturas y tradiciones nacionales e internacionales. La Secretar\u00eda de Educaci\u00f3n Municipal apoya estos proyectos pedag\u00f3gicos y empresariales que son beneficio para los estudiantes y ayudan\u2026","rel":"","context":"En \u00abCalidad Educativa\u00bb","block_context":{"text":"Calidad Educativa","link":"https:\/\/florencia.edu.co\/portal\/v4\/category\/calidad-educativa\/"},"img":{"alt_text":"","src":"https:\/\/i0.wp.com\/florencia.edu.co\/portal\/v4\/wp-content\/uploads\/WhatsApp-Image-2023-10-09-at-8.34.19-AM.jpeg?fit=1200%2C1003&ssl=1&resize=350%2C200","width":350,"height":200,"srcset":"https:\/\/i0.wp.com\/florencia.edu.co\/portal\/v4\/wp-content\/uploads\/WhatsApp-Image-2023-10-09-at-8.34.19-AM.jpeg?fit=1200%2C1003&ssl=1&resize=350%2C200 1x, https:\/\/i0.wp.com\/florencia.edu.co\/portal\/v4\/wp-content\/uploads\/WhatsApp-Image-2023-10-09-at-8.34.19-AM.jpeg?fit=1200%2C1003&ssl=1&resize=525%2C300 1.5x, https:\/\/i0.wp.com\/florencia.edu.co\/portal\/v4\/wp-content\/uploads\/WhatsApp-Image-2023-10-09-at-8.34.19-AM.jpeg?fit=1200%2C1003&ssl=1&resize=700%2C400 2x, https:\/\/i0.wp.com\/florencia.edu.co\/portal\/v4\/wp-content\/uploads\/WhatsApp-Image-2023-10-09-at-8.34.19-AM.jpeg?fit=1200%2C1003&ssl=1&resize=1050%2C600 3x"},"classes":[]},{"id":2078,"url":"https:\/\/florencia.edu.co\/portal\/v4\/computadores-para-educar-convocatoria\/","url_meta":{"origin":5542,"position":5},"title":"Computadores Para Educar &#8211; Convocatoria","author":"Miller","date":"12 julio, 2021","format":false,"excerpt":"Las inscripciones para la cuarta edici\u00f3n de la\u00a0#HackathonCPE\u00a0de @CompuParaEducar ya est\u00e1n abiertas, ingresa ahora al formulario, completa los datos de tu equipo y prep\u00e1rate para convertir tus ideas en grandes soluciones:\u00a0http:\/\/educadigital2021.com.co\/.","rel":"","context":"En \u00abConvocatorias\u00bb","block_context":{"text":"Convocatorias","link":"https:\/\/florencia.edu.co\/portal\/v4\/category\/convocatorias\/"},"img":{"alt_text":"","src":"","width":0,"height":0},"classes":[]}],"jetpack_sharing_enabled":true,"_links":{"self":[{"href":"https:\/\/florencia.edu.co\/portal\/v4\/wp-json\/wp\/v2\/posts\/5542","targetHints":{"allow":["GET"]}}],"collection":[{"href":"https:\/\/florencia.edu.co\/portal\/v4\/wp-json\/wp\/v2\/posts"}],"about":[{"href":"https:\/\/florencia.edu.co\/portal\/v4\/wp-json\/wp\/v2\/types\/post"}],"author":[{"embeddable":true,"href":"https:\/\/florencia.edu.co\/portal\/v4\/wp-json\/wp\/v2\/users\/10"}],"replies":[{"embeddable":true,"href":"https:\/\/florencia.edu.co\/portal\/v4\/wp-json\/wp\/v2\/comments?post=5542"}],"version-history":[{"count":2,"href":"https:\/\/florencia.edu.co\/portal\/v4\/wp-json\/wp\/v2\/posts\/5542\/revisions"}],"predecessor-version":[{"id":5572,"href":"https:\/\/florencia.edu.co\/portal\/v4\/wp-json\/wp\/v2\/posts\/5542\/revisions\/5572"}],"wp:attachment":[{"href":"https:\/\/florencia.edu.co\/portal\/v4\/wp-json\/wp\/v2\/media?parent=5542"}],"wp:term":[{"taxonomy":"category","embeddable":true,"href":"https:\/\/florencia.edu.co\/portal\/v4\/wp-json\/wp\/v2\/categories?post=5542"},{"taxonomy":"post_tag","embeddable":true,"href":"https:\/\/florencia.edu.co\/portal\/v4\/wp-json\/wp\/v2\/tags?post=5542"}],"curies":[{"name":"wp","href":"https:\/\/api.w.org\/{rel}","templated":true}]}}