{"id":3621,"date":"2022-05-31T08:30:00","date_gmt":"2022-05-31T13:30:00","guid":{"rendered":"https:\/\/florencia.edu.co\/portal\/v4\/?p=3621"},"modified":"2022-06-08T07:32:07","modified_gmt":"2022-06-08T12:32:07","slug":"la-subsecretaria-administrativa-de-la-secretaria-de-educacion-municipal","status":"publish","type":"post","link":"https:\/\/florencia.edu.co\/portal\/v4\/la-subsecretaria-administrativa-de-la-secretaria-de-educacion-municipal\/","title":{"rendered":"LA SUBSECRETAR\u00cdA ADMINISTRATIVA DE LA SECRETAR\u00cdA DE EDUCACI\u00d3N MUNICIPAL"},"content":{"rendered":"\n<p class=\"has-text-align-justify\">Que en la ciudad de Florencia (Caquet\u00e1), a los 31 d\u00edas del mes de mayo de 2022 se procede a notificar por cartelera de la SEM y pagina web http:\/\/www.florencia.edu.co el presente aviso en cumplimiento del art\u00edculo 69 de la Ley 1437 de 2011, C.P.A.C.A, teniendo en cuenta que a la fecha no ha sido posible tener respuesta de notificaci\u00f3n del acto administrativo Resoluci\u00f3n Nro. FLORED2022000037 disponible en la plataforma HUMANO EN L\u00cdNEA desde el 20 de mayo de 2022, Por la cual se resuelve un recurso de reposici\u00f3n contra la Resoluci\u00f3n Nro. FLORED2022000032 de 28 de Abril de 2022 \u201c Con la presente se NIEGA el pago de Cesant\u00eda Definitiva \u201d, a la docente CAICEDO GUZMAN LILIA KATHERINNE identificado (a) con la C.C. No. 1117518037.<\/p>\n\n\n\n<p class=\"has-text-align-justify\">El acto administrativo, puede ser consultado ingresando a la p\u00e1gina web http:\/\/www.florencia.edu.co , opci\u00f3n DESPRENDIBLE DE PAGO (HUMANO EN L\u00cdNEA).<\/p>\n\n\n\n<p class=\"has-text-align-justify\">Contra la presente decisi\u00f3n, procede por medio escrito y debidamente sustentado el recurso de reposici\u00f3n interpuesto ante La Secretar\u00eda de Educaci\u00f3n, dentro de los (10) d\u00edas h\u00e1biles siguientes al quedar surtida la presente notificaci\u00f3n (Ley 1437 de 2011).<\/p>\n\n\n\n<p class=\"has-text-align-justify\">La notificaci\u00f3n se considera surtida al finalizar el d\u00eda siguiente de haber cumplido el tiempo de notificaci\u00f3n por aviso (5 d\u00edas h\u00e1biles).<\/p>\n\n\n\n<p>Constancia de fijaci\u00f3n:<\/p>\n\n\n\n<p class=\"has-text-align-justify\">Se fija el presente aviso en un lugar visible al p\u00fablico en la cartelera y p\u00e1gina web http:\/\/www.florencia.edu.co, por el t\u00e9rmino de cinco (05) d\u00edas h\u00e1biles.<\/p>\n\n\n\n<p>Hoy: 31\/05\/2022 a las 8:00 a.m<\/p>\n\n\n\n<div data-wp-interactive=\"core\/file\" class=\"wp-block-file\"><object data-wp-bind--hidden=\"!state.hasPdfPreview\" hidden class=\"wp-block-file__embed\" data=\"https:\/\/florencia.edu.co\/portal\/v4\/wp-content\/uploads\/NOTIFICACION-POR-AVISO-LILIA-KATHERINNE.pdf\" type=\"application\/pdf\" style=\"width:100%;height:244px\" aria-label=\"Incrustado de Incrustado de NOTIFICACION-POR-AVISO-LILIA-KATHERINNE..\"><\/object><a id=\"wp-block-file--media-b39786e1-952a-4b92-af62-19039a1d9cca\" href=\"https:\/\/florencia.edu.co\/portal\/v4\/wp-content\/uploads\/NOTIFICACION-POR-AVISO-LILIA-KATHERINNE.pdf\">NOTIFICACION-POR-AVISO-LILIA-KATHERINNE<\/a><a href=\"https:\/\/florencia.edu.co\/portal\/v4\/wp-content\/uploads\/NOTIFICACION-POR-AVISO-LILIA-KATHERINNE.pdf\" class=\"wp-block-file__button\" download aria-describedby=\"wp-block-file--media-b39786e1-952a-4b92-af62-19039a1d9cca\">Descargar<\/a><\/div>\n","protected":false},"excerpt":{"rendered":"<p>Que en la ciudad de Florencia (Caquet\u00e1), a los 31 d\u00edas del mes de mayo de 2022 se procede a notificar por cartelera de la SEM y pagina web http:\/\/www.florencia.edu.co el presente aviso en cumplimiento del art\u00edculo 69 de la Ley 1437 de 2011, C.P.A.C.A, teniendo en cuenta que a la fecha no ha sido [&hellip;]<\/p>\n","protected":false},"author":10,"featured_media":0,"comment_status":"closed","ping_status":"closed","sticky":false,"template":"","format":"standard","meta":{"advanced_seo_description":"","jetpack_seo_html_title":"","jetpack_seo_noindex":false,"_vp_format_video_url":"","_vp_image_focal_point":[],"_jetpack_memberships_contains_paid_content":false,"footnotes":""},"categories":[42,39],"tags":[],"class_list":["post-3621","post","type-post","status-publish","format-standard","hentry","category-avisos","category-fondo-de-prestaciones-sociales"],"jetpack_featured_media_url":"","jetpack-related-posts":[{"id":3625,"url":"https:\/\/florencia.edu.co\/portal\/v4\/constancia-de-desfijacion-de-notificacion-por-aviso-5\/","url_meta":{"origin":3621,"position":0},"title":"CONSTANCIA DE DESFIJACION DE NOTIFICACI\u00d3N POR AVISO","author":"Miller","date":"7 junio, 2022","format":false,"excerpt":"Se desfija NOTIFICACI\u00d3N POR AVISO, HOY 07 de junio de 2022 a las 4.00 p.m; Por cuanto permaneci\u00f3 publicada por un t\u00e9rmino de 5 d\u00edas h\u00e1biles en la p\u00e1gina web https:\/\/florencia.edu.co\/portal\/v4\/ y cartelera de la Secretar\u00eda de Educaci\u00f3n Municipal de Florencia, quedando surtida la notificaci\u00f3n por aviso del acto administrativo\u2026","rel":"","context":"En \u00abAVISOS\u00bb","block_context":{"text":"AVISOS","link":"https:\/\/florencia.edu.co\/portal\/v4\/category\/administrativa\/fondo-de-prestaciones-sociales\/avisos\/"},"img":{"alt_text":"","src":"","width":0,"height":0},"classes":[]},{"id":3125,"url":"https:\/\/florencia.edu.co\/portal\/v4\/publicacion-de-aviso\/","url_meta":{"origin":3621,"position":1},"title":"Publicaci\u00f3n de Aviso","author":"Miller","date":"17 febrero, 2022","format":false,"excerpt":"LA SUBSECRETAR\u00cdA ADMINISTRATIVA DE LA SECRETAR\u00cdA DE EDUCACI\u00d3N MUNICIPAL HACE SABER: Que en la ciudad de Florencia (Caquet\u00e1), a los 17 d\u00edas del mes de febrero de 2022 se procede a remitir el presente aviso en cumplimiento del art\u00edculo 69 de la Ley 1437 de 2011, C.P.A.C.A, teniendo en cuenta\u2026","rel":"","context":"En \u00abAdministrativa\u00bb","block_context":{"text":"Administrativa","link":"https:\/\/florencia.edu.co\/portal\/v4\/category\/administrativa\/"},"img":{"alt_text":"","src":"","width":0,"height":0},"classes":[]},{"id":3144,"url":"https:\/\/florencia.edu.co\/portal\/v4\/constancia-de-desfijacion-de-notificacion-por-aviso-2\/","url_meta":{"origin":3621,"position":2},"title":"CONSTANCIA DE DESFIJACION DE NOTIFICACI\u00d3N POR AVISO","author":"Miller","date":"28 febrero, 2022","format":false,"excerpt":"Se desfija NOTIFICACI\u00d3N POR AVISO, HOY 28 de febrero de 2022 a las 5:00 pm; Por cuanto permaneci\u00f3 publicada por un t\u00e9rmino de 5 d\u00edas h\u00e1biles en la p\u00e1gina web https:\/\/florencia.edu.co\/portal\/v4\/ y cartelera de la Secretar\u00eda de Educaci\u00f3n Municipal de Florencia, quedando surtida la notificaci\u00f3n por aviso del acto administrativo\u2026","rel":"","context":"En \u00abAdministrativa\u00bb","block_context":{"text":"Administrativa","link":"https:\/\/florencia.edu.co\/portal\/v4\/category\/administrativa\/"},"img":{"alt_text":"","src":"","width":0,"height":0},"classes":[]},{"id":3129,"url":"https:\/\/florencia.edu.co\/portal\/v4\/aviso-2\/","url_meta":{"origin":3621,"position":3},"title":"NOTIFICACI\u00d3N POR AVISO","author":"Miller","date":"23 febrero, 2022","format":false,"excerpt":"LA SUBSECRETAR\u00cdA ADMINISTRATIVA DE LA SECRETAR\u00cdA DE EDUCACI\u00d3N MUNICIPAL HACE SABER: Que en la ciudad de Florencia (Caquet\u00e1), a los 21 d\u00edas del mes de febrero de 2022 se procede a remitir el presente aviso en cumplimiento del art\u00edculo 69 de la Ley 1437 de 2011, C.P.A.C.A, teniendo en cuenta\u2026","rel":"","context":"En \u00abAdministrativa\u00bb","block_context":{"text":"Administrativa","link":"https:\/\/florencia.edu.co\/portal\/v4\/category\/administrativa\/"},"img":{"alt_text":"","src":"","width":0,"height":0},"classes":[]},{"id":3454,"url":"https:\/\/florencia.edu.co\/portal\/v4\/aviso-docente-caicedo-guzman-lilia-katherinne\/","url_meta":{"origin":3621,"position":4},"title":"AVISO &#8211; Docente CAICEDO GUZMAN LILIA KATHERINNE","author":"Miller","date":"5 mayo, 2022","format":false,"excerpt":"LA SUBSECRETAR\u00cdA ADMINISTRATIVA DE LA SECRETAR\u00cdA DE EDUCACI\u00d3N MUNICIPAL Que en la ciudad de Florencia (Caquet\u00e1), a los 05 d\u00edas del mes de mayo de 2022 se procede a notificar por cartelera de la SEM y pagina web http:\/\/www.florencia.edu.co el presente aviso en cumplimiento del art\u00edculo 69 de la Ley\u2026","rel":"","context":"En \u00abAVISOS\u00bb","block_context":{"text":"AVISOS","link":"https:\/\/florencia.edu.co\/portal\/v4\/category\/administrativa\/fondo-de-prestaciones-sociales\/avisos\/"},"img":{"alt_text":"","src":"","width":0,"height":0},"classes":[]},{"id":3091,"url":"https:\/\/florencia.edu.co\/portal\/v4\/aviso\/","url_meta":{"origin":3621,"position":5},"title":"AVISO","author":"Miller","date":"10 febrero, 2022","format":false,"excerpt":"LA SUBSECRETAR\u00cdA ADMINISTRATIVA DE LA SECRETAR\u00cdA DE EDUCACI\u00d3N MUNICIPAL HACE SABER: Que en la ciudad de Florencia (Caquet\u00e1), a los 10 d\u00edas del mes de febrero de 2022 se procede a remitir el presente aviso en cumplimiento del art\u00edculo 69 de la Ley 1437 de 2011, C.P.A.C.A, teniendo en cuenta\u2026","rel":"","context":"En \u00abAdministrativa\u00bb","block_context":{"text":"Administrativa","link":"https:\/\/florencia.edu.co\/portal\/v4\/category\/administrativa\/"},"img":{"alt_text":"","src":"","width":0,"height":0},"classes":[]}],"jetpack_sharing_enabled":true,"_links":{"self":[{"href":"https:\/\/florencia.edu.co\/portal\/v4\/wp-json\/wp\/v2\/posts\/3621","targetHints":{"allow":["GET"]}}],"collection":[{"href":"https:\/\/florencia.edu.co\/portal\/v4\/wp-json\/wp\/v2\/posts"}],"about":[{"href":"https:\/\/florencia.edu.co\/portal\/v4\/wp-json\/wp\/v2\/types\/post"}],"author":[{"embeddable":true,"href":"https:\/\/florencia.edu.co\/portal\/v4\/wp-json\/wp\/v2\/users\/10"}],"replies":[{"embeddable":true,"href":"https:\/\/florencia.edu.co\/portal\/v4\/wp-json\/wp\/v2\/comments?post=3621"}],"version-history":[{"count":2,"href":"https:\/\/florencia.edu.co\/portal\/v4\/wp-json\/wp\/v2\/posts\/3621\/revisions"}],"predecessor-version":[{"id":3624,"href":"https:\/\/florencia.edu.co\/portal\/v4\/wp-json\/wp\/v2\/posts\/3621\/revisions\/3624"}],"wp:attachment":[{"href":"https:\/\/florencia.edu.co\/portal\/v4\/wp-json\/wp\/v2\/media?parent=3621"}],"wp:term":[{"taxonomy":"category","embeddable":true,"href":"https:\/\/florencia.edu.co\/portal\/v4\/wp-json\/wp\/v2\/categories?post=3621"},{"taxonomy":"post_tag","embeddable":true,"href":"https:\/\/florencia.edu.co\/portal\/v4\/wp-json\/wp\/v2\/tags?post=3621"}],"curies":[{"name":"wp","href":"https:\/\/api.w.org\/{rel}","templated":true}]}}