{"id":2475,"date":"2021-09-28T17:48:41","date_gmt":"2021-09-28T22:48:41","guid":{"rendered":"https:\/\/florencia.edu.co\/portal\/v4\/?p=2475"},"modified":"2021-09-28T17:48:57","modified_gmt":"2021-09-28T22:48:57","slug":"primer-encuentro-de-experiencias-significativas-de-la-educacion-inicial","status":"publish","type":"post","link":"https:\/\/florencia.edu.co\/portal\/v4\/primer-encuentro-de-experiencias-significativas-de-la-educacion-inicial\/","title":{"rendered":"Primer encuentro de experiencias significativas de la Educaci\u00f3n Inicial"},"content":{"rendered":"\n<p class=\"has-text-align-justify\">La Alcald\u00eda de Florencia y la Secretaria de Educacion Municipal, los invita al Primer encuentro de experiencias significativas de la Educaci\u00f3n Inicial, en donde las maestras de transici\u00f3n, ni\u00f1os, ni\u00f1as y sus familias, transforman la educaci\u00f3n inicial y la vida de los ni\u00f1os \u00abContando y narrando es c\u00f3mo vamos transformando\u00bb.<\/p>\n\n\n\n<p class=\"has-text-align-justify\">Evento que se transmitir\u00e1 a trav\u00e9s del Facebook like, el 30 de septiembre 2021 inicia a las 7y30 a.m.<\/p>\n","protected":false},"excerpt":{"rendered":"<p>La Alcald\u00eda de Florencia y la Secretaria de Educacion Municipal, los invita al Primer encuentro de experiencias significativas de la Educaci\u00f3n Inicial, en donde las maestras de transici\u00f3n, ni\u00f1os, ni\u00f1as y sus familias, transforman la educaci\u00f3n inicial y la vida de los ni\u00f1os \u00abContando y narrando es c\u00f3mo vamos transformando\u00bb. Evento que se transmitir\u00e1 a [&hellip;]<\/p>\n","protected":false},"author":10,"featured_media":2476,"comment_status":"closed","ping_status":"closed","sticky":false,"template":"","format":"standard","meta":{"advanced_seo_description":"","jetpack_seo_html_title":"","jetpack_seo_noindex":false,"_vp_format_video_url":"","_vp_image_focal_point":[],"_jetpack_memberships_contains_paid_content":false,"footnotes":""},"categories":[11],"tags":[],"class_list":["post-2475","post","type-post","status-publish","format-standard","has-post-thumbnail","hentry","category-calidad-educativa"],"jetpack_featured_media_url":"https:\/\/i0.wp.com\/florencia.edu.co\/portal\/v4\/wp-content\/uploads\/IMG_6660.jpg?fit=828%2C1254&ssl=1","jetpack-related-posts":[{"id":8748,"url":"https:\/\/florencia.edu.co\/portal\/v4\/con-la-participacion-de-12-instituciones-educativas-realizamos-el-4-encuentro-de-proyectos-ambientales-de-educacion-inicial-prae-nivel-preescolar\/","url_meta":{"origin":2475,"position":0},"title":"Con la participaci\u00f3n de 12 Instituciones Educativas, realizamos el 4\u00b0 Encuentro de Proyectos Ambientales de Educaci\u00f3n Inicial PRAE -Nivel PREESCOLAR.","author":"SANDRA MILENA SALAZAR RAM\u00d3N","date":"8 septiembre, 2025","format":false,"excerpt":"Al reunir a los peque\u00f1os en un espacio donde puedan interactuar, explorar y aprender juntos, se promueve un ambiente enriquecedor que estimula su curiosidad natural y su deseo de aprender y compartir sus saberes estrechando el v\u00ednculo entre la familia y la escuela puesto que se hace necesario el acompa\u00f1amiento\u2026","rel":"","context":"En \u00abEventos\u00bb","block_context":{"text":"Eventos","link":"https:\/\/florencia.edu.co\/portal\/v4\/category\/eventos\/"},"img":{"alt_text":"","src":"https:\/\/i0.wp.com\/florencia.edu.co\/portal\/v4\/wp-content\/uploads\/12-7.jpeg?fit=1200%2C800&ssl=1&resize=350%2C200","width":350,"height":200,"srcset":"https:\/\/i0.wp.com\/florencia.edu.co\/portal\/v4\/wp-content\/uploads\/12-7.jpeg?fit=1200%2C800&ssl=1&resize=350%2C200 1x, https:\/\/i0.wp.com\/florencia.edu.co\/portal\/v4\/wp-content\/uploads\/12-7.jpeg?fit=1200%2C800&ssl=1&resize=525%2C300 1.5x, https:\/\/i0.wp.com\/florencia.edu.co\/portal\/v4\/wp-content\/uploads\/12-7.jpeg?fit=1200%2C800&ssl=1&resize=700%2C400 2x, https:\/\/i0.wp.com\/florencia.edu.co\/portal\/v4\/wp-content\/uploads\/12-7.jpeg?fit=1200%2C800&ssl=1&resize=1050%2C600 3x"},"classes":[]},{"id":6940,"url":"https:\/\/florencia.edu.co\/portal\/v4\/en-el-marco-de-la-cop-16-la-secretaria-de-educacion-de-florencia-presente-en-el-tercer-encuentro-pedagogico-de-proyectos-ambientales-de-educacion-inicial-que-se-llevo-a-cabo-en-la-institucion-educati\/","url_meta":{"origin":2475,"position":1},"title":"En el Marco de la COP-16 La Secretar\u00eda de Educaci\u00f3n de Florencia, presente en el Tercer Encuentro Pedag\u00f3gico de Proyectos Ambientales de Educaci\u00f3n Inicial que se llev\u00f3 a cabo en la Instituci\u00f3n Educativa Avenida el Cara\u00f1o, en su versi\u00f3n \u201cEnam\u00f3rate de la Manigua\u201d","author":"SANDRA MILENA SALAZAR RAM\u00d3N","date":"23 agosto, 2024","format":false,"excerpt":"Con la participaci\u00f3n de las Instituciones Educativas, y en presencia del Secretario de Educaci\u00f3n de Florencia, Fener de Los R\u00edos Barrera, se dio apertura al Tercer Encuentro PRAE , donde las ni\u00f1as y los ni\u00f1os, fueron los protagonistas, como \u00a0ponentes de experiencias significativas sobre el cuidado del medio ambiente desde\u2026","rel":"","context":"En \u00abEventos\u00bb","block_context":{"text":"Eventos","link":"https:\/\/florencia.edu.co\/portal\/v4\/category\/eventos\/"},"img":{"alt_text":"","src":"https:\/\/i0.wp.com\/florencia.edu.co\/portal\/v4\/wp-content\/uploads\/5-1.jpg?fit=1200%2C900&ssl=1&resize=350%2C200","width":350,"height":200,"srcset":"https:\/\/i0.wp.com\/florencia.edu.co\/portal\/v4\/wp-content\/uploads\/5-1.jpg?fit=1200%2C900&ssl=1&resize=350%2C200 1x, https:\/\/i0.wp.com\/florencia.edu.co\/portal\/v4\/wp-content\/uploads\/5-1.jpg?fit=1200%2C900&ssl=1&resize=525%2C300 1.5x, https:\/\/i0.wp.com\/florencia.edu.co\/portal\/v4\/wp-content\/uploads\/5-1.jpg?fit=1200%2C900&ssl=1&resize=700%2C400 2x, https:\/\/i0.wp.com\/florencia.edu.co\/portal\/v4\/wp-content\/uploads\/5-1.jpg?fit=1200%2C900&ssl=1&resize=1050%2C600 3x"},"classes":[]},{"id":7274,"url":"https:\/\/florencia.edu.co\/portal\/v4\/la-secretaria-de-educacion-realiza-cierre-de-la-implementacion-de-la-estrategia-de-educacion-inicial-rural-dispersa-con-los-maestros-y-maestras-itinerantes-que-brindan-acompanamiento-pedagogico-a-lo\/","url_meta":{"origin":2475,"position":2},"title":"La Secretar\u00eda de Educaci\u00f3n realiza cierre de la implementaci\u00f3n de la Estrategia de EDUCACI\u00d3N INICIAL RURAL DISPERSA &#8211; con los maestros y maestras itinerantes que brindan acompa\u00f1amiento pedag\u00f3gico a los ni\u00f1os y ni\u00f1as en las comunidades rurales de dif\u00edcil acceso.","author":"SANDRA MILENA SALAZAR RAM\u00d3N","date":"19 noviembre, 2024","format":false,"excerpt":"\u201cEs un cierre de a\u00f1o muy significativo, ya que una de nuestras prioridades es garantizar el derecho a la educaci\u00f3n en la primera infancia, especialmente en las zonas rurales\u201d Como parte de las acciones para cerrar las brechas en educaci\u00f3n, la Secretar\u00eda de Educaci\u00f3n impulsa la \"Estrategia de Metodolog\u00eda Flexible\"\u2026","rel":"","context":"En \u00abCalidad Educativa\u00bb","block_context":{"text":"Calidad Educativa","link":"https:\/\/florencia.edu.co\/portal\/v4\/category\/calidad-educativa\/"},"img":{"alt_text":"","src":"https:\/\/i0.wp.com\/florencia.edu.co\/portal\/v4\/wp-content\/uploads\/15-5.jpg?resize=350%2C200&ssl=1","width":350,"height":200,"srcset":"https:\/\/i0.wp.com\/florencia.edu.co\/portal\/v4\/wp-content\/uploads\/15-5.jpg?resize=350%2C200&ssl=1 1x, https:\/\/i0.wp.com\/florencia.edu.co\/portal\/v4\/wp-content\/uploads\/15-5.jpg?resize=525%2C300&ssl=1 1.5x, https:\/\/i0.wp.com\/florencia.edu.co\/portal\/v4\/wp-content\/uploads\/15-5.jpg?resize=700%2C400&ssl=1 2x, https:\/\/i0.wp.com\/florencia.edu.co\/portal\/v4\/wp-content\/uploads\/15-5.jpg?resize=1050%2C600&ssl=1 3x"},"classes":[]},{"id":7149,"url":"https:\/\/florencia.edu.co\/portal\/v4\/la-secretaria-de-educacion-realizo-con-exito-el-foro-educativo-2024-somos-amazonia-transformamos-desde-la-educacion-16-establecimientos-educativos-rurales-y-urbanos-presentaron-sus-experiencias\/","url_meta":{"origin":2475,"position":3},"title":"La Secretar\u00eda de Educaci\u00f3n realiz\u00f3 con \u00e9xito el Foro Educativo 2024  \u00abSomos Amazonia, transformamos desde la Educaci\u00f3n\u00bb 16 establecimientos educativos, rurales y urbanos presentaron sus experiencias significativas.","author":"SANDRA MILENA SALAZAR RAM\u00d3N","date":"17 octubre, 2024","format":false,"excerpt":"Las experiencias ganadoras, tendr\u00e1n la oportunidad de representar a Florencia en el Foro Nacional. Ganadora IE Jos\u00e9 Antonio Gal\u00e1n, con la Experiencia \" La Escuela como Escenario para Construir Paz\" Ganadora IE Los Andes, con la experiencia \"Sembrar Convivencia, es Cosechar Paz\" En el marco de la COP16, y con\u2026","rel":"","context":"En \u00abEventos\u00bb","block_context":{"text":"Eventos","link":"https:\/\/florencia.edu.co\/portal\/v4\/category\/eventos\/"},"img":{"alt_text":"","src":"https:\/\/i0.wp.com\/florencia.edu.co\/portal\/v4\/wp-content\/uploads\/21-1.jpg?fit=1200%2C900&ssl=1&resize=350%2C200","width":350,"height":200,"srcset":"https:\/\/i0.wp.com\/florencia.edu.co\/portal\/v4\/wp-content\/uploads\/21-1.jpg?fit=1200%2C900&ssl=1&resize=350%2C200 1x, https:\/\/i0.wp.com\/florencia.edu.co\/portal\/v4\/wp-content\/uploads\/21-1.jpg?fit=1200%2C900&ssl=1&resize=525%2C300 1.5x, https:\/\/i0.wp.com\/florencia.edu.co\/portal\/v4\/wp-content\/uploads\/21-1.jpg?fit=1200%2C900&ssl=1&resize=700%2C400 2x, https:\/\/i0.wp.com\/florencia.edu.co\/portal\/v4\/wp-content\/uploads\/21-1.jpg?fit=1200%2C900&ssl=1&resize=1050%2C600 3x"},"classes":[]},{"id":7083,"url":"https:\/\/florencia.edu.co\/portal\/v4\/en-el-marco-de-la-cop16-la-secretaria-de-educacion-de-florencia-invita-a-participar-del-foro-educativo-municipal-experiencias-significativas-2024-somos-amazonia-transformamos-desde-la-educacion\/","url_meta":{"origin":2475,"position":4},"title":"En el marco de la COP16 La Secretar\u00eda de Educaci\u00f3n de Florencia,  invita a participar del Foro Educativo Municipal &#8211; Experiencias Significativas 2024 \u00abSomos Amazonia, transformamos desde la educaci\u00f3n\u00bb","author":"SANDRA MILENA SALAZAR RAM\u00d3N","date":"30 septiembre, 2024","format":false,"excerpt":"Las experiencias ganadoras participar\u00e1n en el Foro Nacional FEN en la ciudad de Bogot\u00e1 D.C en noviembre 2024. La Secretar\u00eda de Educaci\u00f3n Municipal, invita a participar del Foro Educativo- Experiencias Significativas 2024 \u2705\ud83d\udd21 denominado \" Somos Amazonia, transformamos desde la educaci\u00f3n\"\ud83e\udde9\u2618\ufe0f\ud83d\udcddEn este contexto tendremos presentaci\u00f3n de 18 experiencias en sus\u2026","rel":"","context":"En \u00abEventos\u00bb","block_context":{"text":"Eventos","link":"https:\/\/florencia.edu.co\/portal\/v4\/category\/eventos\/"},"img":{"alt_text":"","src":"https:\/\/i0.wp.com\/florencia.edu.co\/portal\/v4\/wp-content\/uploads\/Flyer-Foro-educativo-041024.jpeg?fit=675%2C1200&ssl=1&resize=350%2C200","width":350,"height":200,"srcset":"https:\/\/i0.wp.com\/florencia.edu.co\/portal\/v4\/wp-content\/uploads\/Flyer-Foro-educativo-041024.jpeg?fit=675%2C1200&ssl=1&resize=350%2C200 1x, https:\/\/i0.wp.com\/florencia.edu.co\/portal\/v4\/wp-content\/uploads\/Flyer-Foro-educativo-041024.jpeg?fit=675%2C1200&ssl=1&resize=525%2C300 1.5x"},"classes":[]},{"id":6934,"url":"https:\/\/florencia.edu.co\/portal\/v4\/la-alcaldia-municipal-de-florencia-a-traves-de-la-secretaria-de-educacion-invita-a-todos-los-colegios-de-la-ciudad-a-participar-en-el-foro-educativo-2024-somos-amazonia-transformamos-desde\/","url_meta":{"origin":2475,"position":5},"title":"La Alcald\u00eda Municipal de Florencia, a trav\u00e9s de la Secretar\u00eda de Educaci\u00f3n, invita a todos los colegios de la ciudad a participar en el Foro Educativo 2024 \u201cSomos Amazon\u00eda, transformamos desde la Educaci\u00f3n\u201d","author":"SANDRA MILENA SALAZAR RAM\u00d3N","date":"21 agosto, 2024","format":false,"excerpt":"Este evento busca reconocer y valorar las innovadoras pr\u00e1cticas pedag\u00f3gicas que se est\u00e1n llevando a cabo en las aulas de clase. Los docentes de todos los niveles educativos (preescolar, b\u00e1sica y media) tienen la oportunidad de compartir sus experiencias significativas y aprender de las estrategias de sus colegios. \u00bfC\u00f3mo participar?\u2026","rel":"","context":"En \u00abResoluciones\u00bb","block_context":{"text":"Resoluciones","link":"https:\/\/florencia.edu.co\/portal\/v4\/category\/resoluciones\/"},"img":{"alt_text":"","src":"https:\/\/i0.wp.com\/florencia.edu.co\/portal\/v4\/wp-content\/uploads\/3-4.jpeg?fit=1200%2C900&ssl=1&resize=350%2C200","width":350,"height":200,"srcset":"https:\/\/i0.wp.com\/florencia.edu.co\/portal\/v4\/wp-content\/uploads\/3-4.jpeg?fit=1200%2C900&ssl=1&resize=350%2C200 1x, https:\/\/i0.wp.com\/florencia.edu.co\/portal\/v4\/wp-content\/uploads\/3-4.jpeg?fit=1200%2C900&ssl=1&resize=525%2C300 1.5x, https:\/\/i0.wp.com\/florencia.edu.co\/portal\/v4\/wp-content\/uploads\/3-4.jpeg?fit=1200%2C900&ssl=1&resize=700%2C400 2x, https:\/\/i0.wp.com\/florencia.edu.co\/portal\/v4\/wp-content\/uploads\/3-4.jpeg?fit=1200%2C900&ssl=1&resize=1050%2C600 3x"},"classes":[]}],"jetpack_sharing_enabled":true,"_links":{"self":[{"href":"https:\/\/florencia.edu.co\/portal\/v4\/wp-json\/wp\/v2\/posts\/2475","targetHints":{"allow":["GET"]}}],"collection":[{"href":"https:\/\/florencia.edu.co\/portal\/v4\/wp-json\/wp\/v2\/posts"}],"about":[{"href":"https:\/\/florencia.edu.co\/portal\/v4\/wp-json\/wp\/v2\/types\/post"}],"author":[{"embeddable":true,"href":"https:\/\/florencia.edu.co\/portal\/v4\/wp-json\/wp\/v2\/users\/10"}],"replies":[{"embeddable":true,"href":"https:\/\/florencia.edu.co\/portal\/v4\/wp-json\/wp\/v2\/comments?post=2475"}],"version-history":[{"count":2,"href":"https:\/\/florencia.edu.co\/portal\/v4\/wp-json\/wp\/v2\/posts\/2475\/revisions"}],"predecessor-version":[{"id":2478,"href":"https:\/\/florencia.edu.co\/portal\/v4\/wp-json\/wp\/v2\/posts\/2475\/revisions\/2478"}],"wp:featuredmedia":[{"embeddable":true,"href":"https:\/\/florencia.edu.co\/portal\/v4\/wp-json\/wp\/v2\/media\/2476"}],"wp:attachment":[{"href":"https:\/\/florencia.edu.co\/portal\/v4\/wp-json\/wp\/v2\/media?parent=2475"}],"wp:term":[{"taxonomy":"category","embeddable":true,"href":"https:\/\/florencia.edu.co\/portal\/v4\/wp-json\/wp\/v2\/categories?post=2475"},{"taxonomy":"post_tag","embeddable":true,"href":"https:\/\/florencia.edu.co\/portal\/v4\/wp-json\/wp\/v2\/tags?post=2475"}],"curies":[{"name":"wp","href":"https:\/\/api.w.org\/{rel}","templated":true}]}}