{"id":2469,"date":"2021-09-28T12:42:45","date_gmt":"2021-09-28T17:42:45","guid":{"rendered":"https:\/\/florencia.edu.co\/portal\/v4\/?p=2469"},"modified":"2021-09-28T12:45:21","modified_gmt":"2021-09-28T17:45:21","slug":"el-ministerio-de-educacion-y-la-unidad-alimentos-para-aprender-lanzan-paestar-al-dia-una-herramienta-digital-que-apuesta-por-el-fortalecimiento-del-control-social-del-pae","status":"publish","type":"post","link":"https:\/\/florencia.edu.co\/portal\/v4\/el-ministerio-de-educacion-y-la-unidad-alimentos-para-aprender-lanzan-paestar-al-dia-una-herramienta-digital-que-apuesta-por-el-fortalecimiento-del-control-social-del-pae\/","title":{"rendered":"El Ministerio de Educaci\u00f3n y la Unidad Alimentos para Aprender lanzan PAEstar al d\u00eda, una herramienta digital que apuesta por el fortalecimiento del control social del PAE"},"content":{"rendered":"\n<p><\/p>\n\n\n\n<p><\/p>\n\n\n\n<p><strong><em>Esta herramienta estar\u00e1 disponible para la consulta por parte de toda la comunidad educativa en versiones web y APP. Su operaci\u00f3n no necesita acceso a Internet y con su uso se contribuye a la participaci\u00f3n de la ciudadan\u00eda y el control social sobre el Programa de Alimentaci\u00f3n Escolar (PAE).<\/em><\/strong><\/p>\n\n\n\n<p><\/p>\n\n\n\n<p><\/p>\n\n\n\n<p>Con el fin de fortalecer las acciones de veedur\u00eda ciudadana y control social sobre el Programa de Alimentaci\u00f3n Escolar (PAE), el Ministerio de Educaci\u00f3n y la Unidad Alimentos para Aprender ponen en marcha el nuevo Sistema de Informaci\u00f3n del PAE (SiPAE), que se constituye en una de las principales apuestas para fomentar la transparencia, la calidad y la pertinencia del Programa de Alimentaci\u00f3n Escolar PAE.<\/p>\n\n\n\n<p>Uno de los principales avances de esta herramienta es la p\u00e1gina Web y App PAEstar al d\u00eda (www.paestaraldia.gov.co) , que permitir\u00e1 a l\u00edderes del PAE de las Entidades Territoriales Certificadas en Educaci\u00f3n, rectores, docentes y directivos docentes de los establecimientos educativos oficiales del pa\u00eds y al personal manipulador de alimentos acceder con perfiles de usuario y contrase\u00f1a para hacer seguimiento en tiempo real al avance del Programa.<\/p>\n\n\n\n<p>Los distintos usuarios de la plataforma o la aplicaci\u00f3n podr\u00e1n registrarse para acceder a encuestas y notificaciones personalizadas relacionadas con la implementaci\u00f3n del PAE. Asimismo, para los casos de usuarios como docentes, rectores, directivos docentes, personal manipulador y representantes de los operadores, PAEstar al d\u00eda permite diligenciar la caracterizaci\u00f3n de las condiciones de operaci\u00f3n del PAE en cada establecimiento educativo.<\/p>\n\n\n\n<p>PAEstar al d\u00eda permite la recolecci\u00f3n de informaci\u00f3n sin necesidad de estar conectado a Internet y garantiza la recopilaci\u00f3n de datos de forma segura y en cumplimiento de las normas de protecci\u00f3n de datos personales en el pa\u00eds. Tambi\u00e9n permite la georreferenciaci\u00f3n de los establecimientos educativos y est\u00e1 pensada como una plataforma din\u00e1mica, en constante mejora, en la que se ir\u00e1n a\u00f1adiendo nuevas funcionalidades en el tiempo.<\/p>\n\n\n\n<p>Durante esta primera etapa de implementaci\u00f3n de la herramienta la meta ser\u00e1 lograr que el mayor n\u00famero de padres de familia quede inscrito, por esta raz\u00f3n invitamos a las familias a ingresar a\u00a0<strong><a href=\"http:\/\/www.paestaraldia.gov.co\/\">www.paestaraldia.gov.co<\/a><\/strong>\u00a0para que realicen el proceso de inscripci\u00f3n y conozcan todos los beneficios que ofrece esta iniciativa.<\/p>\n\n\n\n<p><\/p>\n\n\n\n<p>Comunicado tomado de, la pagina oficial del Ministerio de Educaci\u00f3n.<\/p>\n\n\n\n<p><a href=\"https:\/\/www.mineducacion.gov.co\/portal\/\">htt<strong>ps<\/strong><\/a><a href=\"https:\/\/www.mineducacion.gov.co\/portal\/\" target=\"_blank\" rel=\"noreferrer noopener\">:\/\/www.mineducacion.gov.co\/portal\/<\/a><\/p>\n","protected":false},"excerpt":{"rendered":"<p>Esta herramienta estar\u00e1 disponible para la consulta por parte de toda la comunidad educativa en versiones web y APP. Su operaci\u00f3n no necesita acceso a Internet y con su uso se contribuye a la participaci\u00f3n de la ciudadan\u00eda y el control social sobre el Programa de Alimentaci\u00f3n Escolar (PAE). Con el fin de fortalecer las [&hellip;]<\/p>\n","protected":false},"author":3,"featured_media":2470,"comment_status":"closed","ping_status":"closed","sticky":false,"template":"","format":"standard","meta":{"advanced_seo_description":"","jetpack_seo_html_title":"","jetpack_seo_noindex":false,"_vp_format_video_url":"","_vp_image_focal_point":[],"_jetpack_memberships_contains_paid_content":false,"footnotes":""},"categories":[37],"tags":[],"class_list":["post-2469","post","type-post","status-publish","format-standard","has-post-thumbnail","hentry","category-programa-de-alimentacion-escolar-pae"],"jetpack_featured_media_url":"https:\/\/i0.wp.com\/florencia.edu.co\/portal\/v4\/wp-content\/uploads\/herramienta-pae.gif?fit=900%2C700&ssl=1","jetpack-related-posts":[{"id":2160,"url":"https:\/\/florencia.edu.co\/portal\/v4\/paestar-al-dia-una-herramienta-que-fortalece-el-control-social-del-pae\/","url_meta":{"origin":2469,"position":0},"title":"PAEstar al d\u00eda, una herramienta que fortalece el control social del PAE","author":"Mabiyiceth","date":"5 agosto, 2021","format":false,"excerpt":"Esta plataforma en versiones web y APP facilita la participaci\u00f3n de la ciudadan\u00eda y el control social del Programa de Alimentaci\u00f3n Escolar (PAE). \u00a1Con\u00f3zcala! PAEstar al d\u00eda\u00a0es uno de los componentes principales del nuevo Sistema de Informaci\u00f3n del PAE (SiPAE) que se constituye una de las principales apuestas de la\u2026","rel":"","context":"En \u00abPrograma de Alimentaci\u00f3n Escolar (PAE)\u00bb","block_context":{"text":"Programa de Alimentaci\u00f3n Escolar (PAE)","link":"https:\/\/florencia.edu.co\/portal\/v4\/category\/programa-de-alimentacion-escolar-pae\/"},"img":{"alt_text":"","src":"https:\/\/i0.wp.com\/florencia.edu.co\/portal\/v4\/wp-content\/uploads\/590_lanzamiento-paestar-al-dia_1024x600.png?fit=778%2C600&ssl=1&resize=350%2C200","width":350,"height":200,"srcset":"https:\/\/i0.wp.com\/florencia.edu.co\/portal\/v4\/wp-content\/uploads\/590_lanzamiento-paestar-al-dia_1024x600.png?fit=778%2C600&ssl=1&resize=350%2C200 1x, https:\/\/i0.wp.com\/florencia.edu.co\/portal\/v4\/wp-content\/uploads\/590_lanzamiento-paestar-al-dia_1024x600.png?fit=778%2C600&ssl=1&resize=525%2C300 1.5x, https:\/\/i0.wp.com\/florencia.edu.co\/portal\/v4\/wp-content\/uploads\/590_lanzamiento-paestar-al-dia_1024x600.png?fit=778%2C600&ssl=1&resize=700%2C400 2x"},"classes":[]},{"id":6207,"url":"https:\/\/florencia.edu.co\/portal\/v4\/vuelve-la-escuela-pae-por-el-fortalecimiento-del-programa-de-alimentacion-escolar-en-los-territorios\/","url_meta":{"origin":2469,"position":1},"title":"Vuelve la Escuela PAE por el fortalecimiento del Programa de Alimentaci\u00f3n Escolar en los territorios","author":"Mabiyiceth","date":"10 noviembre, 2023","format":false,"excerpt":"La Unidad Alimentos para Aprender (UApA) y el SENA se unen para desarrollar procesos de capacitaci\u00f3n a los diferentes actores institucionales y comunitarios del Programa de Alimentaci\u00f3n Escolar (PAE). La meta de la Escuela PAE es fortalecer en el territorio el Programa de Alimentaci\u00f3n Escolar, capacitando a m\u00e1s de 10\u2026","rel":"","context":"En \u00abPrograma de Alimentaci\u00f3n Escolar (PAE)\u00bb","block_context":{"text":"Programa de Alimentaci\u00f3n Escolar (PAE)","link":"https:\/\/florencia.edu.co\/portal\/v4\/category\/programa-de-alimentacion-escolar-pae\/"},"img":{"alt_text":"","src":"https:\/\/i0.wp.com\/florencia.edu.co\/portal\/v4\/wp-content\/uploads\/17580_vuelve-la-escuela-pae-por-el-fortalecimiento-del-programa_1024x600.jpg?fit=898%2C600&ssl=1&resize=350%2C200","width":350,"height":200,"srcset":"https:\/\/i0.wp.com\/florencia.edu.co\/portal\/v4\/wp-content\/uploads\/17580_vuelve-la-escuela-pae-por-el-fortalecimiento-del-programa_1024x600.jpg?fit=898%2C600&ssl=1&resize=350%2C200 1x, https:\/\/i0.wp.com\/florencia.edu.co\/portal\/v4\/wp-content\/uploads\/17580_vuelve-la-escuela-pae-por-el-fortalecimiento-del-programa_1024x600.jpg?fit=898%2C600&ssl=1&resize=525%2C300 1.5x, https:\/\/i0.wp.com\/florencia.edu.co\/portal\/v4\/wp-content\/uploads\/17580_vuelve-la-escuela-pae-por-el-fortalecimiento-del-programa_1024x600.jpg?fit=898%2C600&ssl=1&resize=700%2C400 2x"},"classes":[]},{"id":2562,"url":"https:\/\/florencia.edu.co\/portal\/v4\/teniendo-en-cuenta-el-retorno-a-la-presencialidad-escolar-desde-la-unidad-de-alimentos-para-aprender-se-comparten\/","url_meta":{"origin":2469,"position":2},"title":"Teniendo en cuenta el retorno a la presencialidad escolar, desde la Unidad de Alimentos para Aprender se comparten&#8230;","author":"Mabiyiceth","date":"12 octubre, 2021","format":false,"excerpt":"Recomendaciones para el manejo y conservaci\u00f3n de frutas en el marco de la operaci\u00f3n del Programa de Alimentaci\u00f3n Escolar (PAE). A continuaci\u00f3n en el siguiente enlace https:\/\/acortar.link\/fNwEXr Tomado de... la red social de facebook\/ Alimentos para Aprender","rel":"","context":"En \u00abPrograma de Alimentaci\u00f3n Escolar (PAE)\u00bb","block_context":{"text":"Programa de Alimentaci\u00f3n Escolar (PAE)","link":"https:\/\/florencia.edu.co\/portal\/v4\/category\/programa-de-alimentacion-escolar-pae\/"},"img":{"alt_text":"","src":"https:\/\/i0.wp.com\/florencia.edu.co\/portal\/v4\/wp-content\/uploads\/245359500_275081744474088_5645087765865709757_n.jpg?fit=900%2C600&ssl=1&resize=350%2C200","width":350,"height":200,"srcset":"https:\/\/i0.wp.com\/florencia.edu.co\/portal\/v4\/wp-content\/uploads\/245359500_275081744474088_5645087765865709757_n.jpg?fit=900%2C600&ssl=1&resize=350%2C200 1x, https:\/\/i0.wp.com\/florencia.edu.co\/portal\/v4\/wp-content\/uploads\/245359500_275081744474088_5645087765865709757_n.jpg?fit=900%2C600&ssl=1&resize=525%2C300 1.5x, https:\/\/i0.wp.com\/florencia.edu.co\/portal\/v4\/wp-content\/uploads\/245359500_275081744474088_5645087765865709757_n.jpg?fit=900%2C600&ssl=1&resize=700%2C400 2x"},"classes":[]},{"id":8441,"url":"https:\/\/florencia.edu.co\/portal\/v4\/la-contraloria-general-de-la-republica-realizo-audiencia-de-seguimiento-al-programa-de-alimentacion-escolar-pae\/","url_meta":{"origin":2469,"position":3},"title":"La Contralor\u00eda General de la Rep\u00fablica, realiz\u00f3 Audiencia de seguimiento al Programa de Alimentaci\u00f3n Escolar PAE.","author":"SANDRA MILENA SALAZAR RAM\u00d3N","date":"27 mayo, 2025","format":false,"excerpt":"Reafirmamos nuestro compromiso con la eficiente implementaci\u00f3n del programa y la oportuna atenci\u00f3n de los requerimientos formulados por el \u00f3rgano de control. La Administraci\u00f3n Municipal de Florencia, a trav\u00e9s de la Secretar\u00eda de Educaci\u00f3n Municipal, atiende al llamado de la Contralor\u00eda General de la Rep\u00fablica a una Audiencia de Seguimiento\u2026","rel":"","context":"En \u00abPrograma de Alimentaci\u00f3n Escolar (PAE)\u00bb","block_context":{"text":"Programa de Alimentaci\u00f3n Escolar (PAE)","link":"https:\/\/florencia.edu.co\/portal\/v4\/category\/programa-de-alimentacion-escolar-pae\/"},"img":{"alt_text":"","src":"https:\/\/i0.wp.com\/florencia.edu.co\/portal\/v4\/wp-content\/uploads\/51-2.jpeg?fit=1200%2C900&ssl=1&resize=350%2C200","width":350,"height":200,"srcset":"https:\/\/i0.wp.com\/florencia.edu.co\/portal\/v4\/wp-content\/uploads\/51-2.jpeg?fit=1200%2C900&ssl=1&resize=350%2C200 1x, https:\/\/i0.wp.com\/florencia.edu.co\/portal\/v4\/wp-content\/uploads\/51-2.jpeg?fit=1200%2C900&ssl=1&resize=525%2C300 1.5x, https:\/\/i0.wp.com\/florencia.edu.co\/portal\/v4\/wp-content\/uploads\/51-2.jpeg?fit=1200%2C900&ssl=1&resize=700%2C400 2x, https:\/\/i0.wp.com\/florencia.edu.co\/portal\/v4\/wp-content\/uploads\/51-2.jpeg?fit=1200%2C900&ssl=1&resize=1050%2C600 3x"},"classes":[]},{"id":4536,"url":"https:\/\/florencia.edu.co\/portal\/v4\/con-exito-se-llevo-a-cabo-la-1-a-mesa-publica-municipal-del-pae-2023\/","url_meta":{"origin":2469,"position":4},"title":"Con \u00e9xito se llev\u00f3 a cabo la 1ra Mesa P\u00fablica Municipal del PAE 2023.","author":"Mabiyiceth","date":"17 abril, 2023","format":false,"excerpt":"La Secretar\u00eda de Educaci\u00f3n de Florencia realiz\u00f3 el pasado 13 de abril la 1ra Mesa P\u00fablica Municipal del Programa de Alimentaci\u00f3n Escolar PAE , en el auditorio de la Universidad Nacional y Distancia UNAD .A la mesa asistieron padres de familia, entidades de control, concejales, estudiantes, delegados del operador del\u2026","rel":"","context":"En \u00abPrograma de Alimentaci\u00f3n Escolar (PAE)\u00bb","block_context":{"text":"Programa de Alimentaci\u00f3n Escolar (PAE)","link":"https:\/\/florencia.edu.co\/portal\/v4\/category\/programa-de-alimentacion-escolar-pae\/"},"img":{"alt_text":"","src":"https:\/\/i0.wp.com\/florencia.edu.co\/portal\/v4\/wp-content\/uploads\/1ra-MESA-PUBLICA-MUNICIPAL-PAE-ETC-FLORENCIA-18.jpeg?resize=350%2C200&ssl=1","width":350,"height":200,"srcset":"https:\/\/i0.wp.com\/florencia.edu.co\/portal\/v4\/wp-content\/uploads\/1ra-MESA-PUBLICA-MUNICIPAL-PAE-ETC-FLORENCIA-18.jpeg?resize=350%2C200&ssl=1 1x, https:\/\/i0.wp.com\/florencia.edu.co\/portal\/v4\/wp-content\/uploads\/1ra-MESA-PUBLICA-MUNICIPAL-PAE-ETC-FLORENCIA-18.jpeg?resize=525%2C300&ssl=1 1.5x, https:\/\/i0.wp.com\/florencia.edu.co\/portal\/v4\/wp-content\/uploads\/1ra-MESA-PUBLICA-MUNICIPAL-PAE-ETC-FLORENCIA-18.jpeg?resize=700%2C400&ssl=1 2x, https:\/\/i0.wp.com\/florencia.edu.co\/portal\/v4\/wp-content\/uploads\/1ra-MESA-PUBLICA-MUNICIPAL-PAE-ETC-FLORENCIA-18.jpeg?resize=1050%2C600&ssl=1 3x"},"classes":[]},{"id":6213,"url":"https:\/\/florencia.edu.co\/portal\/v4\/escuela-pae\/","url_meta":{"origin":2469,"position":5},"title":"Escuela PAE","author":"Mabiyiceth","date":"14 diciembre, 2023","format":false,"excerpt":"La Unidad\u00a0#AlimentosParaAprender\u00a0y el\u00a0@senacomunica presentan\u00a0#EscuelaPAE, una alianza estrat\u00e9gica para fortalecer el Programa de Alimentaci\u00f3n Escolar que capacitar\u00e1 a \u2795 de 10 mil personas, incluyendo manipuladores de alimentos, padres de familia, tenderos y colaboradores\u00a0#PAE. Fuente: https:\/\/www.instagram.com\/alim_aprender\/","rel":"","context":"En \u00abPrograma de Alimentaci\u00f3n Escolar (PAE)\u00bb","block_context":{"text":"Programa de Alimentaci\u00f3n Escolar (PAE)","link":"https:\/\/florencia.edu.co\/portal\/v4\/category\/programa-de-alimentacion-escolar-pae\/"},"img":{"alt_text":"","src":"https:\/\/i0.wp.com\/florencia.edu.co\/portal\/v4\/wp-content\/uploads\/ESCUELA-PAE-1.jpeg?resize=350%2C200","width":350,"height":200,"srcset":"https:\/\/i0.wp.com\/florencia.edu.co\/portal\/v4\/wp-content\/uploads\/ESCUELA-PAE-1.jpeg?resize=350%2C200 1x, https:\/\/i0.wp.com\/florencia.edu.co\/portal\/v4\/wp-content\/uploads\/ESCUELA-PAE-1.jpeg?resize=525%2C300 1.5x, https:\/\/i0.wp.com\/florencia.edu.co\/portal\/v4\/wp-content\/uploads\/ESCUELA-PAE-1.jpeg?resize=700%2C400 2x, https:\/\/i0.wp.com\/florencia.edu.co\/portal\/v4\/wp-content\/uploads\/ESCUELA-PAE-1.jpeg?resize=1050%2C600 3x"},"classes":[]}],"jetpack_sharing_enabled":true,"_links":{"self":[{"href":"https:\/\/florencia.edu.co\/portal\/v4\/wp-json\/wp\/v2\/posts\/2469","targetHints":{"allow":["GET"]}}],"collection":[{"href":"https:\/\/florencia.edu.co\/portal\/v4\/wp-json\/wp\/v2\/posts"}],"about":[{"href":"https:\/\/florencia.edu.co\/portal\/v4\/wp-json\/wp\/v2\/types\/post"}],"author":[{"embeddable":true,"href":"https:\/\/florencia.edu.co\/portal\/v4\/wp-json\/wp\/v2\/users\/3"}],"replies":[{"embeddable":true,"href":"https:\/\/florencia.edu.co\/portal\/v4\/wp-json\/wp\/v2\/comments?post=2469"}],"version-history":[{"count":2,"href":"https:\/\/florencia.edu.co\/portal\/v4\/wp-json\/wp\/v2\/posts\/2469\/revisions"}],"predecessor-version":[{"id":2473,"href":"https:\/\/florencia.edu.co\/portal\/v4\/wp-json\/wp\/v2\/posts\/2469\/revisions\/2473"}],"wp:featuredmedia":[{"embeddable":true,"href":"https:\/\/florencia.edu.co\/portal\/v4\/wp-json\/wp\/v2\/media\/2470"}],"wp:attachment":[{"href":"https:\/\/florencia.edu.co\/portal\/v4\/wp-json\/wp\/v2\/media?parent=2469"}],"wp:term":[{"taxonomy":"category","embeddable":true,"href":"https:\/\/florencia.edu.co\/portal\/v4\/wp-json\/wp\/v2\/categories?post=2469"},{"taxonomy":"post_tag","embeddable":true,"href":"https:\/\/florencia.edu.co\/portal\/v4\/wp-json\/wp\/v2\/tags?post=2469"}],"curies":[{"name":"wp","href":"https:\/\/api.w.org\/{rel}","templated":true}]}}