{"id":2421,"date":"2021-09-17T11:38:56","date_gmt":"2021-09-17T16:38:56","guid":{"rendered":"https:\/\/florencia.edu.co\/portal\/v4\/?p=2421"},"modified":"2021-09-17T12:40:52","modified_gmt":"2021-09-17T17:40:52","slug":"nueva-herramienta-de-participacion-ciudadana-paestaraldia-que-diseno-la-unidad-de-alimentacion-escolar","status":"publish","type":"post","link":"https:\/\/florencia.edu.co\/portal\/v4\/nueva-herramienta-de-participacion-ciudadana-paestaraldia-que-diseno-la-unidad-de-alimentacion-escolar\/","title":{"rendered":"Nueva herramienta de participaci\u00f3n ciudadana   PAEstaraldia, que dise\u00f1\u00f3 la Unidad de Alimentaci\u00f3n Escolar."},"content":{"rendered":"\n<p><\/p>\n\n\n\n<p>Compartimos la herramienta de participaci\u00f3n ciudadana \u201cPAEstar al d\u00eda\u201d , dise\u00f1ada por la Unidad de Alimentaci\u00f3n Escolar, con el fin de estimular la participaci\u00f3n de docentes y padres de familia beneficiarios del PAE.<\/p>\n\n\n\n<p><strong>La instrucci\u00f3n general<\/strong> es que tanto padres de familia como docentes ingresen a&nbsp;<a rel=\"noreferrer noopener\" href=\"http:\/\/www.paestaraldia.gov.co\/\" target=\"_blank\">www.PAEstaraldia.gov.co<\/a>&nbsp; &nbsp;o descarguen el APP&nbsp;<strong>PAEstar al d\u00eda en sus equipos m\u00f3viles<\/strong>, y seguir los pasos descritos en la opci\u00f3n \u201cReg\u00edstrese aqu\u00ed\u201d para posteriormente dar respuesta a la encuesta.<\/p>\n\n\n\n<div class=\"wp-block-columns is-layout-flex wp-container-core-columns-is-layout-9d6595d7 wp-block-columns-is-layout-flex\">\n<div class=\"wp-block-column is-layout-flow wp-block-column-is-layout-flow\" style=\"flex-basis:100%\">\n<figure class=\"wp-block-gallery columns-2 is-cropped wp-block-gallery-1 is-layout-flex wp-block-gallery-is-layout-flex\"><ul class=\"blocks-gallery-grid\"><li class=\"blocks-gallery-item\"><figure><img data-recalc-dims=\"1\" loading=\"lazy\" decoding=\"async\" width=\"725\" height=\"1024\" src=\"https:\/\/i0.wp.com\/florencia.edu.co\/portal\/v4\/wp-content\/uploads\/591_como-registrarse-y-participar-en-paestar-al-dia_1024x600-2.png?resize=725%2C1024&#038;ssl=1\" alt=\"\" data-id=\"2424\" data-full-url=\"https:\/\/florencia.edu.co\/portal\/v4\/wp-content\/uploads\/591_como-registrarse-y-participar-en-paestar-al-dia_1024x600-2.png\" data-link=\"https:\/\/florencia.edu.co\/portal\/v4\/?attachment_id=2424\" class=\"wp-image-2424\" srcset=\"https:\/\/i0.wp.com\/florencia.edu.co\/portal\/v4\/wp-content\/uploads\/591_como-registrarse-y-participar-en-paestar-al-dia_1024x600-2.png?resize=725%2C1024&amp;ssl=1 725w, https:\/\/i0.wp.com\/florencia.edu.co\/portal\/v4\/wp-content\/uploads\/591_como-registrarse-y-participar-en-paestar-al-dia_1024x600-2.png?resize=212%2C300&amp;ssl=1 212w, https:\/\/i0.wp.com\/florencia.edu.co\/portal\/v4\/wp-content\/uploads\/591_como-registrarse-y-participar-en-paestar-al-dia_1024x600-2.png?resize=768%2C1085&amp;ssl=1 768w, https:\/\/i0.wp.com\/florencia.edu.co\/portal\/v4\/wp-content\/uploads\/591_como-registrarse-y-participar-en-paestar-al-dia_1024x600-2.png?resize=500%2C706&amp;ssl=1 500w, https:\/\/i0.wp.com\/florencia.edu.co\/portal\/v4\/wp-content\/uploads\/591_como-registrarse-y-participar-en-paestar-al-dia_1024x600-2.png?resize=800%2C1130&amp;ssl=1 800w, https:\/\/i0.wp.com\/florencia.edu.co\/portal\/v4\/wp-content\/uploads\/591_como-registrarse-y-participar-en-paestar-al-dia_1024x600-2.png?w=1024&amp;ssl=1 1024w\" sizes=\"auto, (max-width: 725px) 100vw, 725px\" \/><\/figure><\/li><li class=\"blocks-gallery-item\"><figure><img data-recalc-dims=\"1\" loading=\"lazy\" decoding=\"async\" width=\"725\" height=\"1024\" src=\"https:\/\/i0.wp.com\/florencia.edu.co\/portal\/v4\/wp-content\/uploads\/592_microsoftteamsimage-1_1024x600-2.png?resize=725%2C1024&#038;ssl=1\" alt=\"\" data-id=\"2425\" data-full-url=\"https:\/\/florencia.edu.co\/portal\/v4\/wp-content\/uploads\/592_microsoftteamsimage-1_1024x600-2.png\" data-link=\"https:\/\/florencia.edu.co\/portal\/v4\/?attachment_id=2425\" class=\"wp-image-2425\" srcset=\"https:\/\/i0.wp.com\/florencia.edu.co\/portal\/v4\/wp-content\/uploads\/592_microsoftteamsimage-1_1024x600-2.png?resize=725%2C1024&amp;ssl=1 725w, https:\/\/i0.wp.com\/florencia.edu.co\/portal\/v4\/wp-content\/uploads\/592_microsoftteamsimage-1_1024x600-2.png?resize=212%2C300&amp;ssl=1 212w, https:\/\/i0.wp.com\/florencia.edu.co\/portal\/v4\/wp-content\/uploads\/592_microsoftteamsimage-1_1024x600-2.png?resize=768%2C1085&amp;ssl=1 768w, https:\/\/i0.wp.com\/florencia.edu.co\/portal\/v4\/wp-content\/uploads\/592_microsoftteamsimage-1_1024x600-2.png?resize=500%2C706&amp;ssl=1 500w, https:\/\/i0.wp.com\/florencia.edu.co\/portal\/v4\/wp-content\/uploads\/592_microsoftteamsimage-1_1024x600-2.png?resize=800%2C1130&amp;ssl=1 800w, https:\/\/i0.wp.com\/florencia.edu.co\/portal\/v4\/wp-content\/uploads\/592_microsoftteamsimage-1_1024x600-2.png?w=1024&amp;ssl=1 1024w\" sizes=\"auto, (max-width: 725px) 100vw, 725px\" \/><\/figure><\/li><\/ul><\/figure>\n<\/div>\n<\/div>\n","protected":false},"excerpt":{"rendered":"<p>Compartimos la herramienta de participaci\u00f3n ciudadana \u201cPAEstar al d\u00eda\u201d , dise\u00f1ada por la Unidad de Alimentaci\u00f3n Escolar, con el fin de estimular la participaci\u00f3n de docentes y padres de familia beneficiarios del PAE. La instrucci\u00f3n general es que tanto padres de familia como docentes ingresen a&nbsp;www.PAEstaraldia.gov.co&nbsp; &nbsp;o descarguen el APP&nbsp;PAEstar al d\u00eda en sus equipos [&hellip;]<\/p>\n","protected":false},"author":3,"featured_media":2427,"comment_status":"closed","ping_status":"closed","sticky":false,"template":"","format":"standard","meta":{"advanced_seo_description":"","jetpack_seo_html_title":"","jetpack_seo_noindex":false,"_vp_format_video_url":"","_vp_image_focal_point":{"x":0.5500000000000000444089209850062616169452667236328125,"y":0.56999999999999995115018691649311222136020660400390625},"_jetpack_memberships_contains_paid_content":false,"footnotes":""},"categories":[37],"tags":[],"class_list":["post-2421","post","type-post","status-publish","format-standard","has-post-thumbnail","hentry","category-programa-de-alimentacion-escolar-pae"],"jetpack_featured_media_url":"https:\/\/i0.wp.com\/florencia.edu.co\/portal\/v4\/wp-content\/uploads\/PAEstar-Al-Dia.jpeg?fit=1280%2C720&ssl=1","jetpack-related-posts":[{"id":2469,"url":"https:\/\/florencia.edu.co\/portal\/v4\/el-ministerio-de-educacion-y-la-unidad-alimentos-para-aprender-lanzan-paestar-al-dia-una-herramienta-digital-que-apuesta-por-el-fortalecimiento-del-control-social-del-pae\/","url_meta":{"origin":2421,"position":0},"title":"El Ministerio de Educaci\u00f3n y la Unidad Alimentos para Aprender lanzan PAEstar al d\u00eda, una herramienta digital que apuesta por el fortalecimiento del control social del PAE","author":"Mabiyiceth","date":"28 septiembre, 2021","format":false,"excerpt":"Esta herramienta estar\u00e1 disponible para la consulta por parte de toda la comunidad educativa en versiones web y APP. Su operaci\u00f3n no necesita acceso a Internet y con su uso se contribuye a la participaci\u00f3n de la ciudadan\u00eda y el control social sobre el Programa de Alimentaci\u00f3n Escolar (PAE). Con\u2026","rel":"","context":"En \u00abPrograma de Alimentaci\u00f3n Escolar (PAE)\u00bb","block_context":{"text":"Programa de Alimentaci\u00f3n Escolar (PAE)","link":"https:\/\/florencia.edu.co\/portal\/v4\/category\/programa-de-alimentacion-escolar-pae\/"},"img":{"alt_text":"","src":"https:\/\/i0.wp.com\/florencia.edu.co\/portal\/v4\/wp-content\/uploads\/herramienta-pae.gif?fit=900%2C700&ssl=1&resize=350%2C200","width":350,"height":200,"srcset":"https:\/\/i0.wp.com\/florencia.edu.co\/portal\/v4\/wp-content\/uploads\/herramienta-pae.gif?fit=900%2C700&ssl=1&resize=350%2C200 1x, https:\/\/i0.wp.com\/florencia.edu.co\/portal\/v4\/wp-content\/uploads\/herramienta-pae.gif?fit=900%2C700&ssl=1&resize=525%2C300 1.5x, https:\/\/i0.wp.com\/florencia.edu.co\/portal\/v4\/wp-content\/uploads\/herramienta-pae.gif?fit=900%2C700&ssl=1&resize=700%2C400 2x"},"classes":[]},{"id":1968,"url":"https:\/\/florencia.edu.co\/portal\/v4\/lanzamiento-paestar-al-dia\/","url_meta":{"origin":2421,"position":1},"title":"Lanzamiento PAEstar al D\u00eda","author":"Mabiyiceth","date":"18 junio, 2021","format":false,"excerpt":"Herramienta de Participaci\u00f3n Ciudadana del Programa de Alimentaci\u00f3n Escolar (PAE) https:\/\/www.youtube.com\/watch?v=SXYa4yJLfEE https:\/\/www.paestaraldia.gov.co\/ Tomado de la pagina oficial Unidad Administrativa Especial De Alimentaci\u00f3n Escolar","rel":"","context":"En \u00abPrograma de Alimentaci\u00f3n Escolar (PAE)\u00bb","block_context":{"text":"Programa de Alimentaci\u00f3n Escolar (PAE)","link":"https:\/\/florencia.edu.co\/portal\/v4\/category\/programa-de-alimentacion-escolar-pae\/"},"img":{"alt_text":"","src":"https:\/\/i0.wp.com\/florencia.edu.co\/portal\/v4\/wp-content\/uploads\/590_lanzamiento-paestar-al-dia_1024x600.png?fit=778%2C600&ssl=1&resize=350%2C200","width":350,"height":200,"srcset":"https:\/\/i0.wp.com\/florencia.edu.co\/portal\/v4\/wp-content\/uploads\/590_lanzamiento-paestar-al-dia_1024x600.png?fit=778%2C600&ssl=1&resize=350%2C200 1x, https:\/\/i0.wp.com\/florencia.edu.co\/portal\/v4\/wp-content\/uploads\/590_lanzamiento-paestar-al-dia_1024x600.png?fit=778%2C600&ssl=1&resize=525%2C300 1.5x, https:\/\/i0.wp.com\/florencia.edu.co\/portal\/v4\/wp-content\/uploads\/590_lanzamiento-paestar-al-dia_1024x600.png?fit=778%2C600&ssl=1&resize=700%2C400 2x"},"classes":[]},{"id":2160,"url":"https:\/\/florencia.edu.co\/portal\/v4\/paestar-al-dia-una-herramienta-que-fortalece-el-control-social-del-pae\/","url_meta":{"origin":2421,"position":2},"title":"PAEstar al d\u00eda, una herramienta que fortalece el control social del PAE","author":"Mabiyiceth","date":"5 agosto, 2021","format":false,"excerpt":"Esta plataforma en versiones web y APP facilita la participaci\u00f3n de la ciudadan\u00eda y el control social del Programa de Alimentaci\u00f3n Escolar (PAE). \u00a1Con\u00f3zcala! PAEstar al d\u00eda\u00a0es uno de los componentes principales del nuevo Sistema de Informaci\u00f3n del PAE (SiPAE) que se constituye una de las principales apuestas de la\u2026","rel":"","context":"En \u00abPrograma de Alimentaci\u00f3n Escolar (PAE)\u00bb","block_context":{"text":"Programa de Alimentaci\u00f3n Escolar (PAE)","link":"https:\/\/florencia.edu.co\/portal\/v4\/category\/programa-de-alimentacion-escolar-pae\/"},"img":{"alt_text":"","src":"https:\/\/i0.wp.com\/florencia.edu.co\/portal\/v4\/wp-content\/uploads\/590_lanzamiento-paestar-al-dia_1024x600.png?fit=778%2C600&ssl=1&resize=350%2C200","width":350,"height":200,"srcset":"https:\/\/i0.wp.com\/florencia.edu.co\/portal\/v4\/wp-content\/uploads\/590_lanzamiento-paestar-al-dia_1024x600.png?fit=778%2C600&ssl=1&resize=350%2C200 1x, https:\/\/i0.wp.com\/florencia.edu.co\/portal\/v4\/wp-content\/uploads\/590_lanzamiento-paestar-al-dia_1024x600.png?fit=778%2C600&ssl=1&resize=525%2C300 1.5x, https:\/\/i0.wp.com\/florencia.edu.co\/portal\/v4\/wp-content\/uploads\/590_lanzamiento-paestar-al-dia_1024x600.png?fit=778%2C600&ssl=1&resize=700%2C400 2x"},"classes":[]},{"id":1977,"url":"https:\/\/florencia.edu.co\/portal\/v4\/como-registrarse-y-participar-en-paestar-al-dia\/","url_meta":{"origin":2421,"position":3},"title":"Como registrarse  en PAEstar al D\u00eda","author":"Mabiyiceth","date":"18 junio, 2021","format":false,"excerpt":"https:\/\/www.paestaraldia.gov.co\/","rel":"","context":"En \u00abPrograma de Alimentaci\u00f3n Escolar (PAE)\u00bb","block_context":{"text":"Programa de Alimentaci\u00f3n Escolar (PAE)","link":"https:\/\/florencia.edu.co\/portal\/v4\/category\/programa-de-alimentacion-escolar-pae\/"},"img":{"alt_text":"","src":"https:\/\/i0.wp.com\/florencia.edu.co\/portal\/v4\/wp-content\/uploads\/591_como-registrarse-y-participar-en-paestar-al-dia_1024x600.png?fit=850%2C1200&ssl=1&resize=350%2C200","width":350,"height":200,"srcset":"https:\/\/i0.wp.com\/florencia.edu.co\/portal\/v4\/wp-content\/uploads\/591_como-registrarse-y-participar-en-paestar-al-dia_1024x600.png?fit=850%2C1200&ssl=1&resize=350%2C200 1x, https:\/\/i0.wp.com\/florencia.edu.co\/portal\/v4\/wp-content\/uploads\/591_como-registrarse-y-participar-en-paestar-al-dia_1024x600.png?fit=850%2C1200&ssl=1&resize=525%2C300 1.5x, https:\/\/i0.wp.com\/florencia.edu.co\/portal\/v4\/wp-content\/uploads\/591_como-registrarse-y-participar-en-paestar-al-dia_1024x600.png?fit=850%2C1200&ssl=1&resize=700%2C400 2x"},"classes":[]},{"id":3171,"url":"https:\/\/florencia.edu.co\/portal\/v4\/la-i-mesa-publica-2022\/","url_meta":{"origin":2421,"position":4},"title":"I Mesa P\u00fablica Municipal  PAE 2022.","author":"Mabiyiceth","date":"11 marzo, 2022","format":false,"excerpt":"La Alcald\u00eda de Florencia a trav\u00e9s de la Secretaria Municipal- PAE ,\u00a0invita a participar de la I Mesa P\u00fablica 2022. En donde se socializar\u00e1n las generalidades del PAE\u00a0, se espera la participaci\u00f3n de todos los actores del programa. \u00a0Est\u00e1n convocados los Rectores, Directores, Docentes, Los representantes de los Comit\u00e9s de\u2026","rel":"","context":"En \u00abPrograma de Alimentaci\u00f3n Escolar (PAE)\u00bb","block_context":{"text":"Programa de Alimentaci\u00f3n Escolar (PAE)","link":"https:\/\/florencia.edu.co\/portal\/v4\/category\/programa-de-alimentacion-escolar-pae\/"},"img":{"alt_text":"","src":"https:\/\/i0.wp.com\/florencia.edu.co\/portal\/v4\/wp-content\/uploads\/I-MESA-MESA-PUBLICA.gif?fit=1080%2C1080&ssl=1&resize=350%2C200","width":350,"height":200,"srcset":"https:\/\/i0.wp.com\/florencia.edu.co\/portal\/v4\/wp-content\/uploads\/I-MESA-MESA-PUBLICA.gif?fit=1080%2C1080&ssl=1&resize=350%2C200 1x, https:\/\/i0.wp.com\/florencia.edu.co\/portal\/v4\/wp-content\/uploads\/I-MESA-MESA-PUBLICA.gif?fit=1080%2C1080&ssl=1&resize=525%2C300 1.5x, https:\/\/i0.wp.com\/florencia.edu.co\/portal\/v4\/wp-content\/uploads\/I-MESA-MESA-PUBLICA.gif?fit=1080%2C1080&ssl=1&resize=700%2C400 2x, https:\/\/i0.wp.com\/florencia.edu.co\/portal\/v4\/wp-content\/uploads\/I-MESA-MESA-PUBLICA.gif?fit=1080%2C1080&ssl=1&resize=1050%2C600 3x"},"classes":[]},{"id":4536,"url":"https:\/\/florencia.edu.co\/portal\/v4\/con-exito-se-llevo-a-cabo-la-1-a-mesa-publica-municipal-del-pae-2023\/","url_meta":{"origin":2421,"position":5},"title":"Con \u00e9xito se llev\u00f3 a cabo la 1ra Mesa P\u00fablica Municipal del PAE 2023.","author":"Mabiyiceth","date":"17 abril, 2023","format":false,"excerpt":"La Secretar\u00eda de Educaci\u00f3n de Florencia realiz\u00f3 el pasado 13 de abril la 1ra Mesa P\u00fablica Municipal del Programa de Alimentaci\u00f3n Escolar PAE , en el auditorio de la Universidad Nacional y Distancia UNAD .A la mesa asistieron padres de familia, entidades de control, concejales, estudiantes, delegados del operador del\u2026","rel":"","context":"En \u00abPrograma de Alimentaci\u00f3n Escolar (PAE)\u00bb","block_context":{"text":"Programa de Alimentaci\u00f3n Escolar (PAE)","link":"https:\/\/florencia.edu.co\/portal\/v4\/category\/programa-de-alimentacion-escolar-pae\/"},"img":{"alt_text":"","src":"https:\/\/i0.wp.com\/florencia.edu.co\/portal\/v4\/wp-content\/uploads\/1ra-MESA-PUBLICA-MUNICIPAL-PAE-ETC-FLORENCIA-18.jpeg?resize=350%2C200&ssl=1","width":350,"height":200,"srcset":"https:\/\/i0.wp.com\/florencia.edu.co\/portal\/v4\/wp-content\/uploads\/1ra-MESA-PUBLICA-MUNICIPAL-PAE-ETC-FLORENCIA-18.jpeg?resize=350%2C200&ssl=1 1x, https:\/\/i0.wp.com\/florencia.edu.co\/portal\/v4\/wp-content\/uploads\/1ra-MESA-PUBLICA-MUNICIPAL-PAE-ETC-FLORENCIA-18.jpeg?resize=525%2C300&ssl=1 1.5x, https:\/\/i0.wp.com\/florencia.edu.co\/portal\/v4\/wp-content\/uploads\/1ra-MESA-PUBLICA-MUNICIPAL-PAE-ETC-FLORENCIA-18.jpeg?resize=700%2C400&ssl=1 2x, https:\/\/i0.wp.com\/florencia.edu.co\/portal\/v4\/wp-content\/uploads\/1ra-MESA-PUBLICA-MUNICIPAL-PAE-ETC-FLORENCIA-18.jpeg?resize=1050%2C600&ssl=1 3x"},"classes":[]}],"jetpack_sharing_enabled":true,"_links":{"self":[{"href":"https:\/\/florencia.edu.co\/portal\/v4\/wp-json\/wp\/v2\/posts\/2421","targetHints":{"allow":["GET"]}}],"collection":[{"href":"https:\/\/florencia.edu.co\/portal\/v4\/wp-json\/wp\/v2\/posts"}],"about":[{"href":"https:\/\/florencia.edu.co\/portal\/v4\/wp-json\/wp\/v2\/types\/post"}],"author":[{"embeddable":true,"href":"https:\/\/florencia.edu.co\/portal\/v4\/wp-json\/wp\/v2\/users\/3"}],"replies":[{"embeddable":true,"href":"https:\/\/florencia.edu.co\/portal\/v4\/wp-json\/wp\/v2\/comments?post=2421"}],"version-history":[{"count":4,"href":"https:\/\/florencia.edu.co\/portal\/v4\/wp-json\/wp\/v2\/posts\/2421\/revisions"}],"predecessor-version":[{"id":2433,"href":"https:\/\/florencia.edu.co\/portal\/v4\/wp-json\/wp\/v2\/posts\/2421\/revisions\/2433"}],"wp:featuredmedia":[{"embeddable":true,"href":"https:\/\/florencia.edu.co\/portal\/v4\/wp-json\/wp\/v2\/media\/2427"}],"wp:attachment":[{"href":"https:\/\/florencia.edu.co\/portal\/v4\/wp-json\/wp\/v2\/media?parent=2421"}],"wp:term":[{"taxonomy":"category","embeddable":true,"href":"https:\/\/florencia.edu.co\/portal\/v4\/wp-json\/wp\/v2\/categories?post=2421"},{"taxonomy":"post_tag","embeddable":true,"href":"https:\/\/florencia.edu.co\/portal\/v4\/wp-json\/wp\/v2\/tags?post=2421"}],"curies":[{"name":"wp","href":"https:\/\/api.w.org\/{rel}","templated":true}]}}