{"id":2325,"date":"2021-09-06T15:21:16","date_gmt":"2021-09-06T20:21:16","guid":{"rendered":"https:\/\/florencia.edu.co\/portal\/v4\/?p=2325"},"modified":"2021-09-06T15:24:13","modified_gmt":"2021-09-06T20:24:13","slug":"registrate-en-el-rupei","status":"publish","type":"post","link":"https:\/\/florencia.edu.co\/portal\/v4\/registrate-en-el-rupei\/","title":{"rendered":"REG\u00cdSTRATE EN EL RUPEI"},"content":{"rendered":"\n<figure class=\"wp-block-image size-large is-style-default\"><img data-recalc-dims=\"1\" loading=\"lazy\" decoding=\"async\" width=\"730\" height=\"1024\" src=\"https:\/\/i0.wp.com\/florencia.edu.co\/portal\/v4\/wp-content\/uploads\/FLORENCIA.jpg?resize=730%2C1024&#038;ssl=1\" alt=\"\" class=\"wp-image-2329\" srcset=\"https:\/\/i0.wp.com\/florencia.edu.co\/portal\/v4\/wp-content\/uploads\/FLORENCIA.jpg?resize=730%2C1024&amp;ssl=1 730w, https:\/\/i0.wp.com\/florencia.edu.co\/portal\/v4\/wp-content\/uploads\/FLORENCIA.jpg?resize=214%2C300&amp;ssl=1 214w, https:\/\/i0.wp.com\/florencia.edu.co\/portal\/v4\/wp-content\/uploads\/FLORENCIA.jpg?resize=768%2C1078&amp;ssl=1 768w, https:\/\/i0.wp.com\/florencia.edu.co\/portal\/v4\/wp-content\/uploads\/FLORENCIA.jpg?resize=500%2C702&amp;ssl=1 500w, https:\/\/i0.wp.com\/florencia.edu.co\/portal\/v4\/wp-content\/uploads\/FLORENCIA.jpg?resize=800%2C1123&amp;ssl=1 800w, https:\/\/i0.wp.com\/florencia.edu.co\/portal\/v4\/wp-content\/uploads\/FLORENCIA.jpg?w=912&amp;ssl=1 912w\" sizes=\"auto, (max-width: 730px) 100vw, 730px\" \/><\/figure>\n","protected":false},"excerpt":{"rendered":"","protected":false},"author":10,"featured_media":2326,"comment_status":"closed","ping_status":"closed","sticky":false,"template":"","format":"standard","meta":{"advanced_seo_description":"","jetpack_seo_html_title":"","jetpack_seo_noindex":false,"_vp_format_video_url":"","_vp_image_focal_point":[],"_jetpack_memberships_contains_paid_content":false,"footnotes":""},"categories":[20],"tags":[],"class_list":["post-2325","post","type-post","status-publish","format-standard","has-post-thumbnail","hentry","category-cobertura-educativa"],"jetpack_featured_media_url":"https:\/\/i0.wp.com\/florencia.edu.co\/portal\/v4\/wp-content\/uploads\/RUPEI-ES.jpg?fit=912%2C1280&ssl=1","jetpack-related-posts":[{"id":2182,"url":"https:\/\/florencia.edu.co\/portal\/v4\/inscripcion-de-prestadores-de-educacion-inicial-al-rupei\/","url_meta":{"origin":2325,"position":0},"title":"INSCRIPCI\u00d3N DE PRESTADORES DE EDUCACI\u00d3N INICIAL AL RUPEI","author":"Miller","date":"15 julio, 2021","format":false,"excerpt":"Si eres un Prestador Privado de Educaci\u00f3n Inicial, que ofrece servicios de p\u00e1rvulos, caminadores o salacunas, puedes iniciar tu registro al RUPEI\u00a0(Registro\u00a0\u00danico de Prestadores de Educaci\u00f3n Inicial).\u00a0 Con este registro, puedes tener los siguientes beneficios: \u00a0 \u00a0 \u00a0 \u00a0 \u00a0 \u00a0 \u00a0 \u00a0 \u00a0 \u00a0 \u00a0 \u00a0 \u00a0 \u00a0 \u00a0\u2026","rel":"","context":"En \u00abCalidad Educativa\u00bb","block_context":{"text":"Calidad Educativa","link":"https:\/\/florencia.edu.co\/portal\/v4\/category\/calidad-educativa\/"},"img":{"alt_text":"","src":"","width":0,"height":0},"classes":[]},{"id":9780,"url":"https:\/\/florencia.edu.co\/portal\/v4\/resolucion-gestion-de-la-cobertura-educativa-n-20260249-del-07-abril-de-2026\/","url_meta":{"origin":2325,"position":1},"title":"RESOLUCI\u00d3N GESTI\u00d3N DE LA COBERTURA EDUCATIVA N\u00b0 20260249 DEL 07 ABRIL DE 2026","author":"Miller","date":"21 abril, 2026","format":false,"excerpt":"RESOLUCI\u00d3N No. 20260249 Descargar","rel":"","context":"En \u00abCobertura Educativa\u00bb","block_context":{"text":"Cobertura Educativa","link":"https:\/\/florencia.edu.co\/portal\/v4\/category\/cobertura-educativa\/"},"img":{"alt_text":"","src":"","width":0,"height":0},"classes":[]},{"id":197,"url":"https:\/\/florencia.edu.co\/portal\/v4\/proceso-de-cobertura-educativa\/","url_meta":{"origin":2325,"position":2},"title":"Proceso de Cobertura Educativa","author":"wpmanager","date":"7 marzo, 2020","format":false,"excerpt":"Conjunto de actividades que apoya la pol\u00edtica de cobertura, que incluyen acciones en acceso y permanencia, y que permite organizar y garantizar la continuidad de los alumnos antiguos y el ingreso de alumnos nuevos, en el Sistema de Educaci\u00f3n Oficial del Pa\u00eds. OBJETIVO GENERAL Garantizar las condiciones t\u00e9cnico administrativas para\u2026","rel":"","context":"En \u00abInformaci\u00f3n General\u00bb","block_context":{"text":"Informaci\u00f3n General","link":"https:\/\/florencia.edu.co\/portal\/v4\/category\/informacion-general\/"},"img":{"alt_text":"","src":"https:\/\/i0.wp.com\/florencia.edu.co\/portal\/v4\/wp-content\/uploads\/2020\/03\/proceso-de-cobertura-educativa.jpg?fit=1200%2C300&ssl=1&resize=350%2C200","width":350,"height":200,"srcset":"https:\/\/i0.wp.com\/florencia.edu.co\/portal\/v4\/wp-content\/uploads\/2020\/03\/proceso-de-cobertura-educativa.jpg?fit=1200%2C300&ssl=1&resize=350%2C200 1x, https:\/\/i0.wp.com\/florencia.edu.co\/portal\/v4\/wp-content\/uploads\/2020\/03\/proceso-de-cobertura-educativa.jpg?fit=1200%2C300&ssl=1&resize=525%2C300 1.5x, https:\/\/i0.wp.com\/florencia.edu.co\/portal\/v4\/wp-content\/uploads\/2020\/03\/proceso-de-cobertura-educativa.jpg?fit=1200%2C300&ssl=1&resize=700%2C400 2x, https:\/\/i0.wp.com\/florencia.edu.co\/portal\/v4\/wp-content\/uploads\/2020\/03\/proceso-de-cobertura-educativa.jpg?fit=1200%2C300&ssl=1&resize=1050%2C600 3x"},"classes":[]},{"id":8129,"url":"https:\/\/florencia.edu.co\/portal\/v4\/resolucion-no-20250283\/","url_meta":{"origin":2325,"position":3},"title":"RESOLUCI\u00d3N No. 20250283","author":"Miller","date":"29 abril, 2025","format":false,"excerpt":"Por la cual se establece las Pol\u00edticas, procedimientos y el cronograma del proceso de Gesti\u00f3n de la Cobertura Educativa para el a\u00f1o escolar 2026 en los niveles preescolar, b\u00e1sica y media para el municipio de Florencia y se dictan otras disposiciones. RESOLUCION N 20250283Descargar","rel":"","context":"En \u00abCobertura Educativa\u00bb","block_context":{"text":"Cobertura Educativa","link":"https:\/\/florencia.edu.co\/portal\/v4\/category\/cobertura-educativa\/"},"img":{"alt_text":"","src":"","width":0,"height":0},"classes":[]},{"id":4234,"url":"https:\/\/florencia.edu.co\/portal\/v4\/semana-del-liderazgo-en-institucion-educativa-la-esperanza\/","url_meta":{"origin":2325,"position":4},"title":"SEMANA DEL LIDERAZGO EN LA INSTITUCI\u00d3N EDUCATIVA  LA ESPERANZA","author":"Mabiyiceth","date":"6 octubre, 2022","format":false,"excerpt":"","rel":"","context":"En \u00abCobertura Educativa\u00bb","block_context":{"text":"Cobertura Educativa","link":"https:\/\/florencia.edu.co\/portal\/v4\/category\/cobertura-educativa\/"},"img":{"alt_text":"","src":"","width":0,"height":0},"classes":[]},{"id":4363,"url":"https:\/\/florencia.edu.co\/portal\/v4\/institucion-educativa-rural-bajo-caldas\/","url_meta":{"origin":2325,"position":5},"title":"Instituci\u00f3n Educativa  Rural Bajo Caldas","author":"Mabiyiceth","date":"17 enero, 2023","format":false,"excerpt":"\u00a1CUPOS DISPONIBLES!","rel":"","context":"En \u00abCobertura Educativa\u00bb","block_context":{"text":"Cobertura Educativa","link":"https:\/\/florencia.edu.co\/portal\/v4\/category\/cobertura-educativa\/"},"img":{"alt_text":"","src":"https:\/\/i0.wp.com\/florencia.edu.co\/portal\/v4\/wp-content\/uploads\/325651932_748653089611296_1148267041558400013_n.jpg?fit=600%2C503&ssl=1&resize=350%2C200","width":350,"height":200,"srcset":"https:\/\/i0.wp.com\/florencia.edu.co\/portal\/v4\/wp-content\/uploads\/325651932_748653089611296_1148267041558400013_n.jpg?fit=600%2C503&ssl=1&resize=350%2C200 1x, https:\/\/i0.wp.com\/florencia.edu.co\/portal\/v4\/wp-content\/uploads\/325651932_748653089611296_1148267041558400013_n.jpg?fit=600%2C503&ssl=1&resize=525%2C300 1.5x"},"classes":[]}],"jetpack_sharing_enabled":true,"_links":{"self":[{"href":"https:\/\/florencia.edu.co\/portal\/v4\/wp-json\/wp\/v2\/posts\/2325","targetHints":{"allow":["GET"]}}],"collection":[{"href":"https:\/\/florencia.edu.co\/portal\/v4\/wp-json\/wp\/v2\/posts"}],"about":[{"href":"https:\/\/florencia.edu.co\/portal\/v4\/wp-json\/wp\/v2\/types\/post"}],"author":[{"embeddable":true,"href":"https:\/\/florencia.edu.co\/portal\/v4\/wp-json\/wp\/v2\/users\/10"}],"replies":[{"embeddable":true,"href":"https:\/\/florencia.edu.co\/portal\/v4\/wp-json\/wp\/v2\/comments?post=2325"}],"version-history":[{"count":2,"href":"https:\/\/florencia.edu.co\/portal\/v4\/wp-json\/wp\/v2\/posts\/2325\/revisions"}],"predecessor-version":[{"id":2330,"href":"https:\/\/florencia.edu.co\/portal\/v4\/wp-json\/wp\/v2\/posts\/2325\/revisions\/2330"}],"wp:featuredmedia":[{"embeddable":true,"href":"https:\/\/florencia.edu.co\/portal\/v4\/wp-json\/wp\/v2\/media\/2326"}],"wp:attachment":[{"href":"https:\/\/florencia.edu.co\/portal\/v4\/wp-json\/wp\/v2\/media?parent=2325"}],"wp:term":[{"taxonomy":"category","embeddable":true,"href":"https:\/\/florencia.edu.co\/portal\/v4\/wp-json\/wp\/v2\/categories?post=2325"},{"taxonomy":"post_tag","embeddable":true,"href":"https:\/\/florencia.edu.co\/portal\/v4\/wp-json\/wp\/v2\/tags?post=2325"}],"curies":[{"name":"wp","href":"https:\/\/api.w.org\/{rel}","templated":true}]}}