{"id":2316,"date":"2021-09-04T19:39:49","date_gmt":"2021-09-05T00:39:49","guid":{"rendered":"https:\/\/florencia.edu.co\/portal\/v4\/?p=2316"},"modified":"2021-09-08T07:51:04","modified_gmt":"2021-09-08T12:51:04","slug":"padres-de-familia-o-acudientes-que-no-reclamaron-la-6-a-racion-para-preparar-en-casa-de-sus-hijos-podran-hacerlo-en-dias-adicionales","status":"publish","type":"post","link":"https:\/\/florencia.edu.co\/portal\/v4\/padres-de-familia-o-acudientes-que-no-reclamaron-la-6-a-racion-para-preparar-en-casa-de-sus-hijos-podran-hacerlo-en-dias-adicionales\/","title":{"rendered":"Padres de familia o acudientes que no reclamaron la 6.\u00aa   raci\u00f3n para preparar en casa RPC de los beneficiarios, podr\u00e1n hacerlo en d\u00edas adicionales."},"content":{"rendered":"\n<p><\/p>\n\n\n\n<p><\/p>\n\n\n\n<p>La secretaria de Educaci\u00f3n municipal, Cobertura educativa y la ETC de Florencia &#8211; PAE Municipal, Invitan a padres de familia o acudientes que no reclamaron la 6<strong>.\u00aa<\/strong> Raci\u00f3n para Preparar en Casa, con el fin de hacer entrega de la totalidad de las raciones del Programa de Alimentaci\u00f3n Escolar, los d\u00edas domingo 05, lunes 06 y martes 07 de septiembre, en las instalaciones de la instituci\u00f3n educativa Jorge Eliecer Gait\u00e1n, en los horarios estipulados en el poster<\/p>\n\n\n\n<p>Tenga en cuenta:<\/p>\n\n\n\n<ul class=\"wp-block-list\"><li>Llevar documentos originales del beneficiario y padre de familia o acudiente.<\/li><li>Si va a reclamar la raci\u00f3n un tercero, debe llevar documentos originales del padre de familia o acudiente y el beneficiario<\/li><li>Uso adecuado del tapabocas<\/li><li>Mantener distanciamiento social m\u00ednimo de 1 metro<\/li><li>Asistir a la hora de citaci\u00f3n<\/li><\/ul>\n","protected":false},"excerpt":{"rendered":"<p>La secretaria de Educaci\u00f3n municipal, Cobertura educativa y la ETC de Florencia &#8211; PAE Municipal, Invitan a padres de familia o acudientes que no reclamaron la 6.\u00aa Raci\u00f3n para Preparar en Casa, con el fin de hacer entrega de la totalidad de las raciones del Programa de Alimentaci\u00f3n Escolar, los d\u00edas domingo 05, lunes 06 [&hellip;]<\/p>\n","protected":false},"author":3,"featured_media":2319,"comment_status":"closed","ping_status":"closed","sticky":false,"template":"","format":"standard","meta":{"advanced_seo_description":"","jetpack_seo_html_title":"","jetpack_seo_noindex":false,"_vp_format_video_url":"","_vp_image_focal_point":[],"_jetpack_memberships_contains_paid_content":false,"footnotes":""},"categories":[37],"tags":[],"class_list":["post-2316","post","type-post","status-publish","format-standard","has-post-thumbnail","hentry","category-programa-de-alimentacion-escolar-pae"],"jetpack_featured_media_url":"https:\/\/i0.wp.com\/florencia.edu.co\/portal\/v4\/wp-content\/uploads\/Adicionales-6.gif?fit=988%2C788&ssl=1","jetpack-related-posts":[{"id":1732,"url":"https:\/\/florencia.edu.co\/portal\/v4\/desde-el-26-de-abril-inicia-3-y-4-entrega-de-rpc-del-programa-alimentacion-escolar-pae\/","url_meta":{"origin":2316,"position":0},"title":"26 de Abril, inicia 3 y 4 Entrega de (RPC) del Programa Alimentaci\u00f3n Escolar PAE","author":"Mabiyiceth","date":"23 abril, 2021","format":false,"excerpt":"A partir del 26 de abril comenzar\u00e1 la entrega de raciones alimentarias para preparar en casa\u00a0\u00a0\u00a0\u00a0en las instituciones educativas del municipio de Florencia, confirm\u00f3 la secretaria de educaci\u00f3n, Floralba Zambrano Morillo. Para la primera semana de entrega, se estableci\u00f3 un cronograma que comenzar\u00e1 en las Instituciones Educativas Juan Bautista Migani\u2026","rel":"","context":"En \u00abPrograma de Alimentaci\u00f3n Escolar (PAE)\u00bb","block_context":{"text":"Programa de Alimentaci\u00f3n Escolar (PAE)","link":"https:\/\/florencia.edu.co\/portal\/v4\/category\/programa-de-alimentacion-escolar-pae\/"},"img":{"alt_text":"","src":"https:\/\/i0.wp.com\/florencia.edu.co\/portal\/v4\/wp-content\/uploads\/EL-26-DE-ABRIL-COMIENZA-ENTREGA-DE-RACION-PARA-PREPARAR-EN-CASA-DEL-PROGRAMA-PAE..jpeg?fit=1200%2C675&ssl=1&resize=350%2C200","width":350,"height":200,"srcset":"https:\/\/i0.wp.com\/florencia.edu.co\/portal\/v4\/wp-content\/uploads\/EL-26-DE-ABRIL-COMIENZA-ENTREGA-DE-RACION-PARA-PREPARAR-EN-CASA-DEL-PROGRAMA-PAE..jpeg?fit=1200%2C675&ssl=1&resize=350%2C200 1x, https:\/\/i0.wp.com\/florencia.edu.co\/portal\/v4\/wp-content\/uploads\/EL-26-DE-ABRIL-COMIENZA-ENTREGA-DE-RACION-PARA-PREPARAR-EN-CASA-DEL-PROGRAMA-PAE..jpeg?fit=1200%2C675&ssl=1&resize=525%2C300 1.5x, https:\/\/i0.wp.com\/florencia.edu.co\/portal\/v4\/wp-content\/uploads\/EL-26-DE-ABRIL-COMIENZA-ENTREGA-DE-RACION-PARA-PREPARAR-EN-CASA-DEL-PROGRAMA-PAE..jpeg?fit=1200%2C675&ssl=1&resize=700%2C400 2x, https:\/\/i0.wp.com\/florencia.edu.co\/portal\/v4\/wp-content\/uploads\/EL-26-DE-ABRIL-COMIENZA-ENTREGA-DE-RACION-PARA-PREPARAR-EN-CASA-DEL-PROGRAMA-PAE..jpeg?fit=1200%2C675&ssl=1&resize=1050%2C600 3x"},"classes":[]},{"id":2206,"url":"https:\/\/florencia.edu.co\/portal\/v4\/la-secretaria-de-educacion-de-la-etc-florencia-en-alistamiento-para-la-entrega-de-la-6-a-racion-para-preparar-en-casa-del-programa-de-alimentacion-escolar-pae\/","url_meta":{"origin":2316,"position":1},"title":"Alistamiento para la  6.\u00aa Entrega  Raci\u00f3n para preparar en casa","author":"Mabiyiceth","date":"13 agosto, 2021","format":false,"excerpt":"La Secretaria de Educaci\u00f3n de la ETC Florencia , En alistamiento para la Entrega de la 6.\u00aa Raci\u00f3n para preparar en casa, del Programa de Alimentaci\u00f3n Escolar PAE.","rel":"","context":"En \u00abPrograma de Alimentaci\u00f3n Escolar (PAE)\u00bb","block_context":{"text":"Programa de Alimentaci\u00f3n Escolar (PAE)","link":"https:\/\/florencia.edu.co\/portal\/v4\/category\/programa-de-alimentacion-escolar-pae\/"},"img":{"alt_text":"","src":"https:\/\/i0.wp.com\/florencia.edu.co\/portal\/v4\/wp-content\/uploads\/Empaque-6-Entrega.jpg?fit=998%2C778&ssl=1&resize=350%2C200","width":350,"height":200,"srcset":"https:\/\/i0.wp.com\/florencia.edu.co\/portal\/v4\/wp-content\/uploads\/Empaque-6-Entrega.jpg?fit=998%2C778&ssl=1&resize=350%2C200 1x, https:\/\/i0.wp.com\/florencia.edu.co\/portal\/v4\/wp-content\/uploads\/Empaque-6-Entrega.jpg?fit=998%2C778&ssl=1&resize=525%2C300 1.5x, https:\/\/i0.wp.com\/florencia.edu.co\/portal\/v4\/wp-content\/uploads\/Empaque-6-Entrega.jpg?fit=998%2C778&ssl=1&resize=700%2C400 2x"},"classes":[]},{"id":2361,"url":"https:\/\/florencia.edu.co\/portal\/v4\/alistamiento-para-la-7-a-entrega-racion-para-preparar-en-casa\/","url_meta":{"origin":2316,"position":2},"title":"Alistamiento para la  7.\u00aa Entrega  Raci\u00f3n para preparar en casa","author":"Mabiyiceth","date":"10 septiembre, 2021","format":false,"excerpt":"La Secretaria de Educaci\u00f3n de la ETC Florencia , en alistamiento para la entrega de la 7.\u00aa raci\u00f3n para preparar en casa (RPC), del Programa de Alimentaci\u00f3n Escolar PAE.","rel":"","context":"En \u00abPrograma de Alimentaci\u00f3n Escolar (PAE)\u00bb","block_context":{"text":"Programa de Alimentaci\u00f3n Escolar (PAE)","link":"https:\/\/florencia.edu.co\/portal\/v4\/category\/programa-de-alimentacion-escolar-pae\/"},"img":{"alt_text":"","src":"https:\/\/i0.wp.com\/florencia.edu.co\/portal\/v4\/wp-content\/uploads\/7-alistamiento.jpg?fit=988%2C788&ssl=1&resize=350%2C200","width":350,"height":200,"srcset":"https:\/\/i0.wp.com\/florencia.edu.co\/portal\/v4\/wp-content\/uploads\/7-alistamiento.jpg?fit=988%2C788&ssl=1&resize=350%2C200 1x, https:\/\/i0.wp.com\/florencia.edu.co\/portal\/v4\/wp-content\/uploads\/7-alistamiento.jpg?fit=988%2C788&ssl=1&resize=525%2C300 1.5x, https:\/\/i0.wp.com\/florencia.edu.co\/portal\/v4\/wp-content\/uploads\/7-alistamiento.jpg?fit=988%2C788&ssl=1&resize=700%2C400 2x"},"classes":[]},{"id":2160,"url":"https:\/\/florencia.edu.co\/portal\/v4\/paestar-al-dia-una-herramienta-que-fortalece-el-control-social-del-pae\/","url_meta":{"origin":2316,"position":3},"title":"PAEstar al d\u00eda, una herramienta que fortalece el control social del PAE","author":"Mabiyiceth","date":"5 agosto, 2021","format":false,"excerpt":"Esta plataforma en versiones web y APP facilita la participaci\u00f3n de la ciudadan\u00eda y el control social del Programa de Alimentaci\u00f3n Escolar (PAE). \u00a1Con\u00f3zcala! PAEstar al d\u00eda\u00a0es uno de los componentes principales del nuevo Sistema de Informaci\u00f3n del PAE (SiPAE) que se constituye una de las principales apuestas de la\u2026","rel":"","context":"En \u00abPrograma de Alimentaci\u00f3n Escolar (PAE)\u00bb","block_context":{"text":"Programa de Alimentaci\u00f3n Escolar (PAE)","link":"https:\/\/florencia.edu.co\/portal\/v4\/category\/programa-de-alimentacion-escolar-pae\/"},"img":{"alt_text":"","src":"https:\/\/i0.wp.com\/florencia.edu.co\/portal\/v4\/wp-content\/uploads\/590_lanzamiento-paestar-al-dia_1024x600.png?fit=778%2C600&ssl=1&resize=350%2C200","width":350,"height":200,"srcset":"https:\/\/i0.wp.com\/florencia.edu.co\/portal\/v4\/wp-content\/uploads\/590_lanzamiento-paestar-al-dia_1024x600.png?fit=778%2C600&ssl=1&resize=350%2C200 1x, https:\/\/i0.wp.com\/florencia.edu.co\/portal\/v4\/wp-content\/uploads\/590_lanzamiento-paestar-al-dia_1024x600.png?fit=778%2C600&ssl=1&resize=525%2C300 1.5x, https:\/\/i0.wp.com\/florencia.edu.co\/portal\/v4\/wp-content\/uploads\/590_lanzamiento-paestar-al-dia_1024x600.png?fit=778%2C600&ssl=1&resize=700%2C400 2x"},"classes":[]},{"id":7424,"url":"https:\/\/florencia.edu.co\/portal\/v4\/secretaria-de-educacion-a-traves-del-equipo-del-programa-de-alimentacion-escolar-pae-continua-las-visitas-de-verificacion-seguimiento-y-control-en-las-sedes-educativas-urbanas-y-rurales-de-florenci\/","url_meta":{"origin":2316,"position":4},"title":"Secretar\u00eda de Educaci\u00f3n a trav\u00e9s del equipo del Programa de Alimentaci\u00f3n Escolar PAE,  contin\u00faa las Visitas de Verificaci\u00f3n, Seguimiento y Control en las sedes educativas urbanas y rurales de Florencia.","author":"SANDRA MILENA SALAZAR RAM\u00d3N","date":"4 marzo, 2025","format":false,"excerpt":"Con la entrega del complemento alimentario, aseguramos permanencia escolar, h\u00e1bitos saludables y desarrollo integral en los ni\u00f1os, ni\u00f1as y j\u00f3venes. Con el objetivo de garantizar el adecuado funcionamiento del servicio y la calidad de los alimentos proporcionados a los estudiantes, el equipo interdisciplinario PAE contin\u00faa realizando las visitas de verificaci\u00f3n,\u2026","rel":"","context":"En \u00abPrograma de Alimentaci\u00f3n Escolar (PAE)\u00bb","block_context":{"text":"Programa de Alimentaci\u00f3n Escolar (PAE)","link":"https:\/\/florencia.edu.co\/portal\/v4\/category\/programa-de-alimentacion-escolar-pae\/"},"img":{"alt_text":"","src":"https:\/\/i0.wp.com\/florencia.edu.co\/portal\/v4\/wp-content\/uploads\/CONSUMO.jpeg?fit=1200%2C900&ssl=1&resize=350%2C200","width":350,"height":200,"srcset":"https:\/\/i0.wp.com\/florencia.edu.co\/portal\/v4\/wp-content\/uploads\/CONSUMO.jpeg?fit=1200%2C900&ssl=1&resize=350%2C200 1x, https:\/\/i0.wp.com\/florencia.edu.co\/portal\/v4\/wp-content\/uploads\/CONSUMO.jpeg?fit=1200%2C900&ssl=1&resize=525%2C300 1.5x, https:\/\/i0.wp.com\/florencia.edu.co\/portal\/v4\/wp-content\/uploads\/CONSUMO.jpeg?fit=1200%2C900&ssl=1&resize=700%2C400 2x, https:\/\/i0.wp.com\/florencia.edu.co\/portal\/v4\/wp-content\/uploads\/CONSUMO.jpeg?fit=1200%2C900&ssl=1&resize=1050%2C600 3x"},"classes":[]},{"id":3054,"url":"https:\/\/florencia.edu.co\/portal\/v4\/adjudicado-pae-en-la-etc-florencia\/","url_meta":{"origin":2316,"position":5},"title":"Adjudicado PAE en la ETC Florencia","author":"Mabiyiceth","date":"2 febrero, 2022","format":false,"excerpt":"El pasado 31 de enero del 2022 finaliz\u00f3 el proceso de licitaci\u00f3n p\u00fablica LPOAJC - 2022 Programa de Alimentaci\u00f3n Escolar PAE, vigencia 2022. Mediante la resoluci\u00f3n No 0061 del 31 enero 2022 se adjudic\u00f3 a la fundaci\u00f3n ecol\u00f3gica y social La Esperanza FUNDASE, quien tendr\u00e1 de su cargo la operaci\u00f3n\u2026","rel":"","context":"En \u00abPrograma de Alimentaci\u00f3n Escolar (PAE)\u00bb","block_context":{"text":"Programa de Alimentaci\u00f3n Escolar (PAE)","link":"https:\/\/florencia.edu.co\/portal\/v4\/category\/programa-de-alimentacion-escolar-pae\/"},"img":{"alt_text":"","src":"https:\/\/i0.wp.com\/florencia.edu.co\/portal\/v4\/wp-content\/uploads\/reapertura.jpg?fit=1200%2C900&ssl=1&resize=350%2C200","width":350,"height":200,"srcset":"https:\/\/i0.wp.com\/florencia.edu.co\/portal\/v4\/wp-content\/uploads\/reapertura.jpg?fit=1200%2C900&ssl=1&resize=350%2C200 1x, https:\/\/i0.wp.com\/florencia.edu.co\/portal\/v4\/wp-content\/uploads\/reapertura.jpg?fit=1200%2C900&ssl=1&resize=525%2C300 1.5x, https:\/\/i0.wp.com\/florencia.edu.co\/portal\/v4\/wp-content\/uploads\/reapertura.jpg?fit=1200%2C900&ssl=1&resize=700%2C400 2x, https:\/\/i0.wp.com\/florencia.edu.co\/portal\/v4\/wp-content\/uploads\/reapertura.jpg?fit=1200%2C900&ssl=1&resize=1050%2C600 3x"},"classes":[]}],"jetpack_sharing_enabled":true,"_links":{"self":[{"href":"https:\/\/florencia.edu.co\/portal\/v4\/wp-json\/wp\/v2\/posts\/2316","targetHints":{"allow":["GET"]}}],"collection":[{"href":"https:\/\/florencia.edu.co\/portal\/v4\/wp-json\/wp\/v2\/posts"}],"about":[{"href":"https:\/\/florencia.edu.co\/portal\/v4\/wp-json\/wp\/v2\/types\/post"}],"author":[{"embeddable":true,"href":"https:\/\/florencia.edu.co\/portal\/v4\/wp-json\/wp\/v2\/users\/3"}],"replies":[{"embeddable":true,"href":"https:\/\/florencia.edu.co\/portal\/v4\/wp-json\/wp\/v2\/comments?post=2316"}],"version-history":[{"count":4,"href":"https:\/\/florencia.edu.co\/portal\/v4\/wp-json\/wp\/v2\/posts\/2316\/revisions"}],"predecessor-version":[{"id":2332,"href":"https:\/\/florencia.edu.co\/portal\/v4\/wp-json\/wp\/v2\/posts\/2316\/revisions\/2332"}],"wp:featuredmedia":[{"embeddable":true,"href":"https:\/\/florencia.edu.co\/portal\/v4\/wp-json\/wp\/v2\/media\/2319"}],"wp:attachment":[{"href":"https:\/\/florencia.edu.co\/portal\/v4\/wp-json\/wp\/v2\/media?parent=2316"}],"wp:term":[{"taxonomy":"category","embeddable":true,"href":"https:\/\/florencia.edu.co\/portal\/v4\/wp-json\/wp\/v2\/categories?post=2316"},{"taxonomy":"post_tag","embeddable":true,"href":"https:\/\/florencia.edu.co\/portal\/v4\/wp-json\/wp\/v2\/tags?post=2316"}],"curies":[{"name":"wp","href":"https:\/\/api.w.org\/{rel}","templated":true}]}}