{"id":2287,"date":"2021-08-21T08:36:19","date_gmt":"2021-08-21T13:36:19","guid":{"rendered":"https:\/\/florencia.edu.co\/portal\/v4\/?p=2287"},"modified":"2021-08-21T10:02:25","modified_gmt":"2021-08-21T15:02:25","slug":"cobertura-educactiva-programa-de-alementacion-escolar-pae-informan","status":"publish","type":"post","link":"https:\/\/florencia.edu.co\/portal\/v4\/cobertura-educactiva-programa-de-alementacion-escolar-pae-informan\/","title":{"rendered":"Comunicado del Programa de Alimentaci\u00f3n Escolar."},"content":{"rendered":"","protected":false},"excerpt":{"rendered":"","protected":false},"author":3,"featured_media":2290,"comment_status":"closed","ping_status":"closed","sticky":false,"template":"","format":"standard","meta":{"advanced_seo_description":"","jetpack_seo_html_title":"","jetpack_seo_noindex":false,"_vp_format_video_url":"","_vp_image_focal_point":{"x":0.409999999999999975575093458246556110680103302001953125,"y":0.36999999999999999555910790149937383830547332763671875},"_jetpack_memberships_contains_paid_content":false,"footnotes":""},"categories":[37],"tags":[],"class_list":["post-2287","post","type-post","status-publish","format-standard","has-post-thumbnail","hentry","category-programa-de-alimentacion-escolar-pae"],"jetpack_featured_media_url":"https:\/\/florencia.edu.co\/portal\/v4\/wp-content\/uploads\/Informacion-PAE-1-pdf.jpg","jetpack-related-posts":[{"id":2153,"url":"https:\/\/florencia.edu.co\/portal\/v4\/programa-de-alimentacion-escolar-pae-informa\/","url_meta":{"origin":2287,"position":0},"title":"Programa de Alimentaci\u00f3n escolar PAE informa&#8230;","author":"Mabiyiceth","date":"2 agosto, 2021","format":false,"excerpt":"","rel":"","context":"En \u00abPrograma de Alimentaci\u00f3n Escolar (PAE)\u00bb","block_context":{"text":"Programa de Alimentaci\u00f3n Escolar (PAE)","link":"https:\/\/florencia.edu.co\/portal\/v4\/category\/programa-de-alimentacion-escolar-pae\/"},"img":{"alt_text":"","src":"https:\/\/i0.wp.com\/florencia.edu.co\/portal\/v4\/wp-content\/uploads\/5-Entrega.jpeg?fit=766%2C1024&ssl=1&resize=350%2C200","width":350,"height":200,"srcset":"https:\/\/i0.wp.com\/florencia.edu.co\/portal\/v4\/wp-content\/uploads\/5-Entrega.jpeg?fit=766%2C1024&ssl=1&resize=350%2C200 1x, https:\/\/i0.wp.com\/florencia.edu.co\/portal\/v4\/wp-content\/uploads\/5-Entrega.jpeg?fit=766%2C1024&ssl=1&resize=525%2C300 1.5x, https:\/\/i0.wp.com\/florencia.edu.co\/portal\/v4\/wp-content\/uploads\/5-Entrega.jpeg?fit=766%2C1024&ssl=1&resize=700%2C400 2x"},"classes":[]},{"id":2807,"url":"https:\/\/florencia.edu.co\/portal\/v4\/circular-no-0064-programa-de-alimentacion-escolar-pae\/","url_meta":{"origin":2287,"position":1},"title":"CIRCULAR   No. 0064 Programa de Alimentaci\u00f3n Escolar PAE","author":"Mabiyiceth","date":"18 noviembre, 2021","format":false,"excerpt":"0064Descargar","rel":"","context":"En \u00abPrograma de Alimentaci\u00f3n Escolar (PAE)\u00bb","block_context":{"text":"Programa de Alimentaci\u00f3n Escolar (PAE)","link":"https:\/\/florencia.edu.co\/portal\/v4\/category\/programa-de-alimentacion-escolar-pae\/"},"img":{"alt_text":"","src":"","width":0,"height":0},"classes":[]},{"id":2435,"url":"https:\/\/florencia.edu.co\/portal\/v4\/dias-adicionales-para-la-7-a-entrega-del-programa-de-alimentacion-escolar-pae\/","url_meta":{"origin":2287,"position":2},"title":"D\u00edas adicionales para la 7.\u00aa entrega del Programa de Alimentaci\u00f3n Escolar PAE","author":"Mabiyiceth","date":"27 septiembre, 2021","format":false,"excerpt":"","rel":"","context":"En \u00abPrograma de Alimentaci\u00f3n Escolar (PAE)\u00bb","block_context":{"text":"Programa de Alimentaci\u00f3n Escolar (PAE)","link":"https:\/\/florencia.edu.co\/portal\/v4\/category\/programa-de-alimentacion-escolar-pae\/"},"img":{"alt_text":"","src":"https:\/\/i0.wp.com\/florencia.edu.co\/portal\/v4\/wp-content\/uploads\/para-comunicado-web.gif?fit=900%2C700&ssl=1&resize=350%2C200","width":350,"height":200,"srcset":"https:\/\/i0.wp.com\/florencia.edu.co\/portal\/v4\/wp-content\/uploads\/para-comunicado-web.gif?fit=900%2C700&ssl=1&resize=350%2C200 1x, https:\/\/i0.wp.com\/florencia.edu.co\/portal\/v4\/wp-content\/uploads\/para-comunicado-web.gif?fit=900%2C700&ssl=1&resize=525%2C300 1.5x, https:\/\/i0.wp.com\/florencia.edu.co\/portal\/v4\/wp-content\/uploads\/para-comunicado-web.gif?fit=900%2C700&ssl=1&resize=700%2C400 2x"},"classes":[]},{"id":4185,"url":"https:\/\/florencia.edu.co\/portal\/v4\/charla-de-habitos-y-estilos-de-vida-saludable-a-manipuladoras-del-programa-de-alimentacion-escolar-pae\/","url_meta":{"origin":2287,"position":3},"title":"H\u00c1BITOS Y ESTILOS DE VIDA SALUDABLE DIRIGIDA A PERSONAL MANIPULADOR DEL PAE","author":"Mabiyiceth","date":"23 agosto, 2022","format":false,"excerpt":"Profesional del equipo del Programa de Alimentaci\u00f3n Escolar, realiza charla dirigida a manipuladoras del Programa de Alimentaci\u00f3n Escolar, generando conciencia en buenos h\u00e1bitos y estilos de vida saludable para implementar en el restaurante escolar. Capacitaci\u00f3n a cargo del eje de alimentaci\u00f3n saludable y sostenible.","rel":"","context":"En \u00abPrograma de Alimentaci\u00f3n Escolar (PAE)\u00bb","block_context":{"text":"Programa de Alimentaci\u00f3n Escolar (PAE)","link":"https:\/\/florencia.edu.co\/portal\/v4\/category\/programa-de-alimentacion-escolar-pae\/"},"img":{"alt_text":"","src":"https:\/\/i0.wp.com\/florencia.edu.co\/portal\/v4\/wp-content\/uploads\/HABITOS-Y-ESTILOS-DE-VIDA-SALUDABLE-6.jpeg?fit=1200%2C900&ssl=1&resize=350%2C200","width":350,"height":200,"srcset":"https:\/\/i0.wp.com\/florencia.edu.co\/portal\/v4\/wp-content\/uploads\/HABITOS-Y-ESTILOS-DE-VIDA-SALUDABLE-6.jpeg?fit=1200%2C900&ssl=1&resize=350%2C200 1x, https:\/\/i0.wp.com\/florencia.edu.co\/portal\/v4\/wp-content\/uploads\/HABITOS-Y-ESTILOS-DE-VIDA-SALUDABLE-6.jpeg?fit=1200%2C900&ssl=1&resize=525%2C300 1.5x, https:\/\/i0.wp.com\/florencia.edu.co\/portal\/v4\/wp-content\/uploads\/HABITOS-Y-ESTILOS-DE-VIDA-SALUDABLE-6.jpeg?fit=1200%2C900&ssl=1&resize=700%2C400 2x, https:\/\/i0.wp.com\/florencia.edu.co\/portal\/v4\/wp-content\/uploads\/HABITOS-Y-ESTILOS-DE-VIDA-SALUDABLE-6.jpeg?fit=1200%2C900&ssl=1&resize=1050%2C600 3x"},"classes":[]},{"id":2133,"url":"https:\/\/florencia.edu.co\/portal\/v4\/5-a-entrega-rpc-beneficiarios-del-programa-de-alimentacion-escolar-pae-2021\/","url_meta":{"origin":2287,"position":4},"title":"5.\u00aa Entrega (RPC) Beneficiarios del Programa De Alimentaci\u00f3n Escolar PAE 2021","author":"Mabiyiceth","date":"19 julio, 2021","format":false,"excerpt":"Consultar por documento","rel":"","context":"En \u00abPrograma de Alimentaci\u00f3n Escolar (PAE)\u00bb","block_context":{"text":"Programa de Alimentaci\u00f3n Escolar (PAE)","link":"https:\/\/florencia.edu.co\/portal\/v4\/category\/programa-de-alimentacion-escolar-pae\/"},"img":{"alt_text":"","src":"https:\/\/i0.wp.com\/florencia.edu.co\/portal\/v4\/wp-content\/uploads\/post-public-5-Entrega.jpg?fit=1200%2C1200&ssl=1&resize=350%2C200","width":350,"height":200,"srcset":"https:\/\/i0.wp.com\/florencia.edu.co\/portal\/v4\/wp-content\/uploads\/post-public-5-Entrega.jpg?fit=1200%2C1200&ssl=1&resize=350%2C200 1x, https:\/\/i0.wp.com\/florencia.edu.co\/portal\/v4\/wp-content\/uploads\/post-public-5-Entrega.jpg?fit=1200%2C1200&ssl=1&resize=525%2C300 1.5x, https:\/\/i0.wp.com\/florencia.edu.co\/portal\/v4\/wp-content\/uploads\/post-public-5-Entrega.jpg?fit=1200%2C1200&ssl=1&resize=700%2C400 2x, https:\/\/i0.wp.com\/florencia.edu.co\/portal\/v4\/wp-content\/uploads\/post-public-5-Entrega.jpg?fit=1200%2C1200&ssl=1&resize=1050%2C600 3x"},"classes":[]},{"id":2268,"url":"https:\/\/florencia.edu.co\/portal\/v4\/6-a-entrega-rpc-beneficiarios-del-programa-de-alimentacion-escolar-pae-2021\/","url_meta":{"origin":2287,"position":5},"title":"6.\u00aa Entrega (RPC) Beneficiarios del Programa De Alimentaci\u00f3n Escolar PAE 2021","author":"Mabiyiceth","date":"14 agosto, 2021","format":false,"excerpt":"Consultar por documento","rel":"","context":"En \u00abPrograma de Alimentaci\u00f3n Escolar (PAE)\u00bb","block_context":{"text":"Programa de Alimentaci\u00f3n Escolar (PAE)","link":"https:\/\/florencia.edu.co\/portal\/v4\/category\/programa-de-alimentacion-escolar-pae\/"},"img":{"alt_text":"","src":"https:\/\/i0.wp.com\/florencia.edu.co\/portal\/v4\/wp-content\/uploads\/CRONOGRAMA-6-ENTREGA-AJUSTADO.jpeg?fit=940%2C788&ssl=1&resize=350%2C200","width":350,"height":200,"srcset":"https:\/\/i0.wp.com\/florencia.edu.co\/portal\/v4\/wp-content\/uploads\/CRONOGRAMA-6-ENTREGA-AJUSTADO.jpeg?fit=940%2C788&ssl=1&resize=350%2C200 1x, https:\/\/i0.wp.com\/florencia.edu.co\/portal\/v4\/wp-content\/uploads\/CRONOGRAMA-6-ENTREGA-AJUSTADO.jpeg?fit=940%2C788&ssl=1&resize=525%2C300 1.5x, https:\/\/i0.wp.com\/florencia.edu.co\/portal\/v4\/wp-content\/uploads\/CRONOGRAMA-6-ENTREGA-AJUSTADO.jpeg?fit=940%2C788&ssl=1&resize=700%2C400 2x"},"classes":[]}],"jetpack_sharing_enabled":true,"_links":{"self":[{"href":"https:\/\/florencia.edu.co\/portal\/v4\/wp-json\/wp\/v2\/posts\/2287","targetHints":{"allow":["GET"]}}],"collection":[{"href":"https:\/\/florencia.edu.co\/portal\/v4\/wp-json\/wp\/v2\/posts"}],"about":[{"href":"https:\/\/florencia.edu.co\/portal\/v4\/wp-json\/wp\/v2\/types\/post"}],"author":[{"embeddable":true,"href":"https:\/\/florencia.edu.co\/portal\/v4\/wp-json\/wp\/v2\/users\/3"}],"replies":[{"embeddable":true,"href":"https:\/\/florencia.edu.co\/portal\/v4\/wp-json\/wp\/v2\/comments?post=2287"}],"version-history":[{"count":5,"href":"https:\/\/florencia.edu.co\/portal\/v4\/wp-json\/wp\/v2\/posts\/2287\/revisions"}],"predecessor-version":[{"id":2304,"href":"https:\/\/florencia.edu.co\/portal\/v4\/wp-json\/wp\/v2\/posts\/2287\/revisions\/2304"}],"wp:featuredmedia":[{"embeddable":true,"href":"https:\/\/florencia.edu.co\/portal\/v4\/wp-json\/wp\/v2\/media\/2290"}],"wp:attachment":[{"href":"https:\/\/florencia.edu.co\/portal\/v4\/wp-json\/wp\/v2\/media?parent=2287"}],"wp:term":[{"taxonomy":"category","embeddable":true,"href":"https:\/\/florencia.edu.co\/portal\/v4\/wp-json\/wp\/v2\/categories?post=2287"},{"taxonomy":"post_tag","embeddable":true,"href":"https:\/\/florencia.edu.co\/portal\/v4\/wp-json\/wp\/v2\/tags?post=2287"}],"curies":[{"name":"wp","href":"https:\/\/api.w.org\/{rel}","templated":true}]}}