{"id":2284,"date":"2021-08-18T14:50:00","date_gmt":"2021-08-18T19:50:00","guid":{"rendered":"https:\/\/florencia.edu.co\/portal\/v4\/?p=2284"},"modified":"2021-08-19T14:53:08","modified_gmt":"2021-08-19T19:53:08","slug":"convocatoria-de-minciencias-para-la-ctei","status":"publish","type":"post","link":"https:\/\/florencia.edu.co\/portal\/v4\/convocatoria-de-minciencias-para-la-ctei\/","title":{"rendered":"Convocatoria de MINCIENCIAS para la CTeI"},"content":{"rendered":"\n<p>De acuerdo con la convocatoria de MINCIENCIAS frente a la asignaci\u00f3n para la CTeI del SGR para la apropiaci\u00f3n social del conocimiento en el marco de la CTeI y vocaciones cient\u00edficas para la consolidaci\u00f3n de una sociedad del conocimiento de los territorios, la cual fue compartida previamente, nos permitimos realizar las siguientes precisiones con el prop\u00f3sito de facilitar la postulaci\u00f3n en la misma:<\/p>\n\n\n\n<p class=\"has-text-align-justify\">Las propuestas para el fortalecimiento de la CTeI en el marco de la Jornada \u00danica corresponden al mecanismo de participaci\u00f3n 2 denominado \u201cPropuestas de proyectos con enfoque en el fomento de vocaciones en Ciencia, Tecnolog\u00eda e Innovacio\u00ecn\u201d, por lo que recomendamos revisar las orientaciones en el documento correspondiente.<\/p>\n\n\n\n<p class=\"has-text-align-justify\">Recuerde realizar el pre-registro de las entidades participantes en el proyecto con la informaci\u00f3n solicitada. Posterior a ello, MINCIENCIAS en un periodo de 2 di\u00ecas ha\u00ecbiles remitir\u00e1 al correo electr\u00f3nico de contacto las credenciales de acceso para el ingreso al sistema de registro de entidades.<\/p>\n\n\n\n<p class=\"has-text-align-justify\">Se requiere el diligenciamiento del anexo 11 y del anexo 2 a\u00fan si contiene informaci\u00f3n similar. Es necesario diligenciar cada formato.<\/p>\n\n\n\n<p class=\"has-text-align-justify\">Es necesario tener definido un presupuesto que debe ser registrado en el anexo 3. De manera particular, diligenciar la hoja 3 \u201cCapacitaci\u00f3n y eventos\u201d; hoja 5 \u201cMateriales, insumos y documentaci\u00f3n\u201d; y hoja 8 \u201c Infraestructura\u201d, del formato propuesto.<\/p>\n\n\n\n<p class=\"has-text-align-justify\">La entidad postulante (Alcald\u00eda, Gobernaci\u00f3n, etc) debera\u00ec demostrar experiencia en la gestio\u00ecn o ejecucio\u00ecn de mi\u00ecnimo tres (3) proyectos de Ciencia, Tecnologi\u00eca e Innovacio\u00ecn en los u\u00ecltimos cinco (5) an\u00deos o debera\u00ecn demostrar mi\u00ecnimo un (1) proyecto de CTeI aprobado con recursos de CTeI del SGR. Lo anterior, debera\u00ec estar debidamente diligenciado en el formato \u201cProyectos de CTeI gestionados, ejecutados o en ejecucio\u00ecn\u201d (Anexo 5). Se pueden referenciar proyectos relacionados con mejoramiento de conexiones e infraestructura tecnol\u00f3gica, dotaciones e insumos tecnol\u00f3gicos, entre otros, en la tabla uno del anexo en menci\u00f3n.<\/p>\n\n\n\n<p class=\"has-text-align-justify\">Recomendamos realizar el proceso de aplicativo a la convocatoria de la mano con el \u00e1rea de planeaci\u00f3n de la secretar\u00eda o la secretar\u00eda de planeaci\u00f3n de la entidad territorial.<\/p>\n\n\n\n<p class=\"has-text-align-justify\">En caso que se contemple la presentaci\u00f3n de propuestas desde alianzas con las que cuente la entidad, por favor hacer la revisi\u00f3n correspondiente de los t\u00e9rminos de referencia, pues tal proceso incluye unos aspectos y formatos adicionales que deben ser tenidos en cuenta en la postulaci\u00f3n en el marco de la convocatoria.<\/p>\n\n\n\n<p>De igual modo, sugerimos revisar al detalle la informaci\u00f3n alojada en el siguiente link donde podr\u00e1n encontrar otros aspectos a tener en cuenta:<\/p>\n\n\n\n<p><a href=\"https:\/\/minciencias.gov.co\/convocatorias\/plan-convocatorias-asctei-2021-2022\/convocatoria-la-asignacion-para-la-ctei-del-sgr-1.\">https:\/\/minciencias.gov.co\/convocatorias\/plan-convocatorias-asctei-2021-2022\/convocatoria-la-asignacion-para-la-ctei-del-sgr-1<\/a><\/p>\n","protected":false},"excerpt":{"rendered":"<p>De acuerdo con la convocatoria de MINCIENCIAS frente a la asignaci\u00f3n para la CTeI del SGR para la apropiaci\u00f3n social del conocimiento en el marco de la CTeI y vocaciones cient\u00edficas para la consolidaci\u00f3n de una sociedad del conocimiento de los territorios, la cual fue compartida previamente, nos permitimos realizar las siguientes precisiones con el [&hellip;]<\/p>\n","protected":false},"author":10,"featured_media":0,"comment_status":"closed","ping_status":"closed","sticky":false,"template":"","format":"standard","meta":{"advanced_seo_description":"","jetpack_seo_html_title":"","jetpack_seo_noindex":false,"_vp_format_video_url":"","_vp_image_focal_point":[],"_jetpack_memberships_contains_paid_content":false,"footnotes":""},"categories":[11],"tags":[],"class_list":["post-2284","post","type-post","status-publish","format-standard","hentry","category-calidad-educativa"],"jetpack_featured_media_url":"","jetpack-related-posts":[{"id":2892,"url":"https:\/\/florencia.edu.co\/portal\/v4\/de-la-institucion-educativa-juan-bautista-migani-del-municipio-de-florencia-caqueta\/","url_meta":{"origin":2284,"position":0},"title":"Estudiante de Preescolar de la IE Juan Bautista Migani y su docente invitadas al lanzamiento del Programa Ondas Colciencias en San Andr\u00e9s y Providencia.","author":"Mabiyiceth","date":"15 diciembre, 2021","format":false,"excerpt":"Nikol Yulieth Piamba Mart\u00ednez integrante del grupo de investigaci\u00f3n \u201c Club de ni\u00f1os cuidadores del planeta Tierra\u201d \u00a0y su docente Marina Vela Escand\u00f3n de la IE Juan Bautista Migani del municipio de Florencia participar\u00e1n\u00a0 \u00a0en representaci\u00f3n del Programa Ondas Minciencias Caquet\u00e1 y de su grupo de investigaci\u00f3n como invitadas especiales\u2026","rel":"","context":"En \u00abCalidad Educativa\u00bb","block_context":{"text":"Calidad Educativa","link":"https:\/\/florencia.edu.co\/portal\/v4\/category\/calidad-educativa\/"},"img":{"alt_text":"","src":"https:\/\/i0.wp.com\/florencia.edu.co\/portal\/v4\/wp-content\/uploads\/WhatsApp-Image-2021-12-15-at-6.20.51-PM.jpeg?fit=1042%2C720&ssl=1&resize=350%2C200","width":350,"height":200,"srcset":"https:\/\/i0.wp.com\/florencia.edu.co\/portal\/v4\/wp-content\/uploads\/WhatsApp-Image-2021-12-15-at-6.20.51-PM.jpeg?fit=1042%2C720&ssl=1&resize=350%2C200 1x, https:\/\/i0.wp.com\/florencia.edu.co\/portal\/v4\/wp-content\/uploads\/WhatsApp-Image-2021-12-15-at-6.20.51-PM.jpeg?fit=1042%2C720&ssl=1&resize=525%2C300 1.5x, https:\/\/i0.wp.com\/florencia.edu.co\/portal\/v4\/wp-content\/uploads\/WhatsApp-Image-2021-12-15-at-6.20.51-PM.jpeg?fit=1042%2C720&ssl=1&resize=700%2C400 2x"},"classes":[]},{"id":3118,"url":"https:\/\/florencia.edu.co\/portal\/v4\/%f0%9f%91%a7%f0%9f%8f%bb%f0%9f%94%adnikol-piamba-es-una-nina-cientifica-de-florencia-caqueta-desde-los-9-anos-desperto-su-gusto-por-la-ciencia-y-el-amor-por-el-planeta-%f0%9f%8c%8f-esto-la-llevo\/","url_meta":{"origin":2284,"position":1},"title":"\ud83d\udc67\ud83c\udffb\ud83d\udd2dNikol Piamba, es una ni\u00f1a cient\u00edfica de Florencia, Caquet\u00e1. Desde los 9 a\u00f1os, despert\u00f3 su gusto por la ciencia y el amor por el planeta, \ud83c\udf0f esto la llev\u00f3 a crear el \u201cClub de ni\u00f1os cuidadores del planeta tierra\u201d.","author":"Mabiyiceth","date":"21 febrero, 2022","format":false,"excerpt":"Fuente: Minciencias Colombia https:\/\/twitter.com\/MincienciasCo","rel":"","context":"En \u00abCalidad Educativa\u00bb","block_context":{"text":"Calidad Educativa","link":"https:\/\/florencia.edu.co\/portal\/v4\/category\/calidad-educativa\/"},"img":{"alt_text":"","src":"https:\/\/i0.wp.com\/florencia.edu.co\/portal\/v4\/wp-content\/uploads\/piamba.jpg?fit=675%2C900&ssl=1&resize=350%2C200","width":350,"height":200,"srcset":"https:\/\/i0.wp.com\/florencia.edu.co\/portal\/v4\/wp-content\/uploads\/piamba.jpg?fit=675%2C900&ssl=1&resize=350%2C200 1x, https:\/\/i0.wp.com\/florencia.edu.co\/portal\/v4\/wp-content\/uploads\/piamba.jpg?fit=675%2C900&ssl=1&resize=525%2C300 1.5x"},"classes":[]},{"id":3379,"url":"https:\/\/florencia.edu.co\/portal\/v4\/oferta-institucional-mintic-pnn\/","url_meta":{"origin":2284,"position":2},"title":"OFERTA INSTITUCIONAL MINTIC &#8211; PNN","author":"Miller","date":"8 abril, 2022","format":false,"excerpt":"La convocatoria \u201cProgramaci\u00f3n para Ni\u00f1os y Ni\u00f1as\u201d que tiene como objetivo conformar un banco de docentes elegibles de instituciones educativas oficiales y privadas para realizar un proceso de formaci\u00f3n en temas de pensamiento computacional y programaci\u00f3n del micro:bit, que busca que los docentes transfieran sus conocimientos a sus estudiantes e\u2026","rel":"","context":"En \u00abConvocatorias\u00bb","block_context":{"text":"Convocatorias","link":"https:\/\/florencia.edu.co\/portal\/v4\/category\/convocatorias\/"},"img":{"alt_text":"","src":"","width":0,"height":0},"classes":[]},{"id":9488,"url":"https:\/\/florencia.edu.co\/portal\/v4\/convocatoria-proyectos-pedagogicos-productivos-vigencia-2026\/","url_meta":{"origin":2284,"position":3},"title":"CONVOCATORIA PROYECTOS PEDAGOGICOS PRODUCTIVOS VIGENCIA 2026","author":"Miller","date":"17 febrero, 2026","format":false,"excerpt":"Mediante la Circular No. 20230011, la Secretar\u00eda de Educaci\u00f3n Municipal de Florencia realiz\u00f3 la convocatoria para la presentaci\u00f3n de Proyectos Pedag\u00f3gicos Productivos, correspondiente a la vigencia 2026, con el prop\u00f3sito de fortalecer los procesos educativos institucionales y promover el desarrollo de competencias pedag\u00f3gicas, productivas y sociales en la comunidad educativa.\u2026","rel":"","context":"En \u00abCalidad Educativa\u00bb","block_context":{"text":"Calidad Educativa","link":"https:\/\/florencia.edu.co\/portal\/v4\/category\/calidad-educativa\/"},"img":{"alt_text":"","src":"","width":0,"height":0},"classes":[]},{"id":9170,"url":"https:\/\/florencia.edu.co\/portal\/v4\/convocatorias-docentes-ptafi\/","url_meta":{"origin":2284,"position":4},"title":"Convocatorias \u2013 Docentes PTAFI","author":"Miller","date":"14 enero, 2026","format":false,"excerpt":"Convocatorias dirigidas a docentes en el marco del Programa de Tutor\u00edas para el Aprendizaje y la Formaci\u00f3n Integral \u2013 PTAFI, conforme a los lineamientos establecidos y a las necesidades del servicio educativo identificadas por esta Secretar\u00eda. Convocatoria 1 PTADescargar Convocatoria 2 PTADescargar","rel":"","context":"En \u00abAdministrativa\u00bb","block_context":{"text":"Administrativa","link":"https:\/\/florencia.edu.co\/portal\/v4\/category\/administrativa\/"},"img":{"alt_text":"","src":"","width":0,"height":0},"classes":[]},{"id":41,"url":"https:\/\/florencia.edu.co\/portal\/v4\/convocatoria-programa-ondas\/","url_meta":{"origin":2284,"position":5},"title":"Convocatoria Programa Ondas","author":"Miller","date":"7 noviembre, 2019","format":false,"excerpt":"Desde la secretaria de educaci\u00f3n apoyamos las alianzas para fomentar la participaci\u00f3n de ni\u00f1os, ni\u00f1as y j\u00f3venes, en emprender procesos de investigaci\u00f3n acompa\u00f1ados por maestros que pertenecen a Establecimientos Educativos Oficiales y rurales adscritos a la secretaria de educaci\u00f3n municipal. T\u00e9rminos de Referencia Convocatoria Proyectos Ondas Caquet\u00e1 Ver PDF Bit\u00e1cora\u2026","rel":"","context":"En \u00abConvocatorias\u00bb","block_context":{"text":"Convocatorias","link":"https:\/\/florencia.edu.co\/portal\/v4\/category\/convocatorias\/"},"img":{"alt_text":"","src":"https:\/\/i0.wp.com\/florencia.edu.co\/portal\/v4\/wp-content\/uploads\/2020\/03\/BANNER_ONDAS_2020.jpg?resize=350%2C200&ssl=1","width":350,"height":200,"srcset":"https:\/\/i0.wp.com\/florencia.edu.co\/portal\/v4\/wp-content\/uploads\/2020\/03\/BANNER_ONDAS_2020.jpg?resize=350%2C200&ssl=1 1x, https:\/\/i0.wp.com\/florencia.edu.co\/portal\/v4\/wp-content\/uploads\/2020\/03\/BANNER_ONDAS_2020.jpg?resize=525%2C300&ssl=1 1.5x, https:\/\/i0.wp.com\/florencia.edu.co\/portal\/v4\/wp-content\/uploads\/2020\/03\/BANNER_ONDAS_2020.jpg?resize=700%2C400&ssl=1 2x"},"classes":[]}],"jetpack_sharing_enabled":true,"_links":{"self":[{"href":"https:\/\/florencia.edu.co\/portal\/v4\/wp-json\/wp\/v2\/posts\/2284","targetHints":{"allow":["GET"]}}],"collection":[{"href":"https:\/\/florencia.edu.co\/portal\/v4\/wp-json\/wp\/v2\/posts"}],"about":[{"href":"https:\/\/florencia.edu.co\/portal\/v4\/wp-json\/wp\/v2\/types\/post"}],"author":[{"embeddable":true,"href":"https:\/\/florencia.edu.co\/portal\/v4\/wp-json\/wp\/v2\/users\/10"}],"replies":[{"embeddable":true,"href":"https:\/\/florencia.edu.co\/portal\/v4\/wp-json\/wp\/v2\/comments?post=2284"}],"version-history":[{"count":1,"href":"https:\/\/florencia.edu.co\/portal\/v4\/wp-json\/wp\/v2\/posts\/2284\/revisions"}],"predecessor-version":[{"id":2285,"href":"https:\/\/florencia.edu.co\/portal\/v4\/wp-json\/wp\/v2\/posts\/2284\/revisions\/2285"}],"wp:attachment":[{"href":"https:\/\/florencia.edu.co\/portal\/v4\/wp-json\/wp\/v2\/media?parent=2284"}],"wp:term":[{"taxonomy":"category","embeddable":true,"href":"https:\/\/florencia.edu.co\/portal\/v4\/wp-json\/wp\/v2\/categories?post=2284"},{"taxonomy":"post_tag","embeddable":true,"href":"https:\/\/florencia.edu.co\/portal\/v4\/wp-json\/wp\/v2\/tags?post=2284"}],"curies":[{"name":"wp","href":"https:\/\/api.w.org\/{rel}","templated":true}]}}