{"id":2280,"date":"2021-08-19T11:55:09","date_gmt":"2021-08-19T16:55:09","guid":{"rendered":"https:\/\/florencia.edu.co\/portal\/v4\/?p=2280"},"modified":"2021-08-21T08:58:06","modified_gmt":"2021-08-21T13:58:06","slug":"inscripciones-abiertas-al-proyecto-territorial-de-alfabetizacion-clei-i","status":"publish","type":"post","link":"https:\/\/florencia.edu.co\/portal\/v4\/inscripciones-abiertas-al-proyecto-territorial-de-alfabetizacion-clei-i\/","title":{"rendered":"Inscripciones Abiertas al Proyecto Territorial de Alfabetizaci\u00f3n &#8211; CLEI I"},"content":{"rendered":"\n<figure class=\"wp-block-gallery columns-0 is-cropped wp-block-gallery-1 is-layout-flex wp-block-gallery-is-layout-flex\"><ul class=\"blocks-gallery-grid\"><\/ul><\/figure>\n","protected":false},"excerpt":{"rendered":"","protected":false},"author":10,"featured_media":2298,"comment_status":"closed","ping_status":"closed","sticky":false,"template":"","format":"standard","meta":{"advanced_seo_description":"","jetpack_seo_html_title":"","jetpack_seo_noindex":false,"_vp_format_video_url":"","_vp_image_focal_point":{"x":0.520000000000000017763568394002504646778106689453125,"y":0.330000000000000015543122344752191565930843353271484375},"_jetpack_memberships_contains_paid_content":false,"footnotes":""},"categories":[20],"tags":[],"class_list":["post-2280","post","type-post","status-publish","format-standard","has-post-thumbnail","hentry","category-cobertura-educativa"],"jetpack_featured_media_url":"https:\/\/i0.wp.com\/florencia.edu.co\/portal\/v4\/wp-content\/uploads\/CELI-1-PAGINA-WEB.jpg?fit=988%2C788&ssl=1","jetpack-related-posts":[{"id":3630,"url":"https:\/\/florencia.edu.co\/portal\/v4\/invitacion-a-acto-de-clausura-del-proyecto-territorial-de-alfabetizacion-clei-1\/","url_meta":{"origin":2280,"position":0},"title":"Invitaci\u00f3n a Acto de Clausura del Proyecto Territorial de Alfabetizaci\u00f3n CLEI 1","author":"Mabiyiceth","date":"8 junio, 2022","format":false,"excerpt":"La Secretaria de Educacion de la Administraci\u00f3n, Florencia Biodiversidad para todos, invita al acto de clausura del Proyecto Territorial de Alfabetizaci\u00f3n CLEI 1 ; proyecto desarrollado con el apoyo del Ministerio de Educacion Nacional en el marco del convenio suscrito entre la Alcald\u00eda de Florencia y la Universidad de la\u2026","rel":"","context":"En \u00abSin categor\u00eda\u00bb","block_context":{"text":"Sin categor\u00eda","link":"https:\/\/florencia.edu.co\/portal\/v4\/category\/sin-categoria\/"},"img":{"alt_text":"","src":"https:\/\/i0.wp.com\/florencia.edu.co\/portal\/v4\/wp-content\/uploads\/IMG-20220607-WA0025.jpg?fit=902%2C1200&ssl=1&resize=350%2C200","width":350,"height":200,"srcset":"https:\/\/i0.wp.com\/florencia.edu.co\/portal\/v4\/wp-content\/uploads\/IMG-20220607-WA0025.jpg?fit=902%2C1200&ssl=1&resize=350%2C200 1x, https:\/\/i0.wp.com\/florencia.edu.co\/portal\/v4\/wp-content\/uploads\/IMG-20220607-WA0025.jpg?fit=902%2C1200&ssl=1&resize=525%2C300 1.5x, https:\/\/i0.wp.com\/florencia.edu.co\/portal\/v4\/wp-content\/uploads\/IMG-20220607-WA0025.jpg?fit=902%2C1200&ssl=1&resize=700%2C400 2x"},"classes":[]},{"id":4397,"url":"https:\/\/florencia.edu.co\/portal\/v4\/mineducacion-recuerda-la-importancia-de-registrar-los-estudiantes-en-el-sistema-integrado-de-matriculas-simat\/","url_meta":{"origin":2280,"position":1},"title":"Mineducaci\u00f3n recuerda la importancia de registrar los estudiantes en el Sistema Integrado de Matriculas &#8211; SIMAT","author":"Mabiyiceth","date":"7 febrero, 2023","format":false,"excerpt":"El Ministerio de Educaci\u00f3n Nacional hace un llamado para que los rectores de los colegios del pa\u00eds reporten los ni\u00f1os, ni\u00f1as y j\u00f3venes en el Sistema Integrado de Matr\u00edculas \u2013 SIMAT, con el fin de tener organizado y controlado el proceso de matr\u00edcula de todos los estudiantes vinculados al sistema\u2026","rel":"","context":"En \u00abCobertura Educativa\u00bb","block_context":{"text":"Cobertura Educativa","link":"https:\/\/florencia.edu.co\/portal\/v4\/category\/cobertura-educativa\/"},"img":{"alt_text":"","src":"https:\/\/i0.wp.com\/florencia.edu.co\/portal\/v4\/wp-content\/uploads\/11999_mineducacion-recuerda-la-importancia-de-registrar-los_1024x600.jpg?fit=740%2C444&ssl=1&resize=350%2C200","width":350,"height":200,"srcset":"https:\/\/i0.wp.com\/florencia.edu.co\/portal\/v4\/wp-content\/uploads\/11999_mineducacion-recuerda-la-importancia-de-registrar-los_1024x600.jpg?fit=740%2C444&ssl=1&resize=350%2C200 1x, https:\/\/i0.wp.com\/florencia.edu.co\/portal\/v4\/wp-content\/uploads\/11999_mineducacion-recuerda-la-importancia-de-registrar-los_1024x600.jpg?fit=740%2C444&ssl=1&resize=525%2C300 1.5x, https:\/\/i0.wp.com\/florencia.edu.co\/portal\/v4\/wp-content\/uploads\/11999_mineducacion-recuerda-la-importancia-de-registrar-los_1024x600.jpg?fit=740%2C444&ssl=1&resize=700%2C400 2x"},"classes":[]},{"id":7054,"url":"https:\/\/florencia.edu.co\/portal\/v4\/ninas-y-ninos-por-primera-vez-a-estudiar-inscripciones-abiertas-estudiantes-nuevos-para-la-primera-infancia-cupos-vigencia-2025\/","url_meta":{"origin":2280,"position":2},"title":"\u00a1Ni\u00f1as y Ni\u00f1os por primera vez a estudiar! Inscripciones abiertas,  estudiantes nuevos para la primera infancia. Cupos vigencia 2025","author":"SANDRA MILENA SALAZAR RAM\u00d3N","date":"20 septiembre, 2024","format":false,"excerpt":"Cupos disponibles para los grados de Pre Jard\u00edn, Jard\u00edn y Transici\u00f3n, cierre de inscripciones hasta el 31 de octubre, a\u00f1o 2024 Asegura el cupo a\u00f1o 2025 en la Instituci\u00f3n Educativa m\u00e1s cercana. La Secretar\u00eda de Educaci\u00f3n de Florencia, abre las inscripciones para ni\u00f1as y ni\u00f1os que nunca han estado en\u2026","rel":"","context":"En \u00abSin categor\u00eda\u00bb","block_context":{"text":"Sin categor\u00eda","link":"https:\/\/florencia.edu.co\/portal\/v4\/category\/sin-categoria\/"},"img":{"alt_text":"","src":"https:\/\/i0.wp.com\/florencia.edu.co\/portal\/v4\/wp-content\/uploads\/IE8-3.jpeg?resize=350%2C200&ssl=1","width":350,"height":200,"srcset":"https:\/\/i0.wp.com\/florencia.edu.co\/portal\/v4\/wp-content\/uploads\/IE8-3.jpeg?resize=350%2C200&ssl=1 1x, https:\/\/i0.wp.com\/florencia.edu.co\/portal\/v4\/wp-content\/uploads\/IE8-3.jpeg?resize=525%2C300&ssl=1 1.5x, https:\/\/i0.wp.com\/florencia.edu.co\/portal\/v4\/wp-content\/uploads\/IE8-3.jpeg?resize=700%2C400&ssl=1 2x, https:\/\/i0.wp.com\/florencia.edu.co\/portal\/v4\/wp-content\/uploads\/IE8-3.jpeg?resize=1050%2C600&ssl=1 3x"},"classes":[]},{"id":2078,"url":"https:\/\/florencia.edu.co\/portal\/v4\/computadores-para-educar-convocatoria\/","url_meta":{"origin":2280,"position":3},"title":"Computadores Para Educar &#8211; Convocatoria","author":"Miller","date":"12 julio, 2021","format":false,"excerpt":"Las inscripciones para la cuarta edici\u00f3n de la\u00a0#HackathonCPE\u00a0de @CompuParaEducar ya est\u00e1n abiertas, ingresa ahora al formulario, completa los datos de tu equipo y prep\u00e1rate para convertir tus ideas en grandes soluciones:\u00a0http:\/\/educadigital2021.com.co\/.","rel":"","context":"En \u00abConvocatorias\u00bb","block_context":{"text":"Convocatorias","link":"https:\/\/florencia.edu.co\/portal\/v4\/category\/convocatorias\/"},"img":{"alt_text":"","src":"","width":0,"height":0},"classes":[]},{"id":4299,"url":"https:\/\/florencia.edu.co\/portal\/v4\/primer-festival-artistico-y-cultural-i-e-la-salle\/","url_meta":{"origin":2280,"position":4},"title":"Primer Festival Art\u00edstico y Cultural &#8211; I.E La Salle","author":"Mabiyiceth","date":"26 octubre, 2022","format":false,"excerpt":"","rel":"","context":"En \u00abCobertura Educativa\u00bb","block_context":{"text":"Cobertura Educativa","link":"https:\/\/florencia.edu.co\/portal\/v4\/category\/cobertura-educativa\/"},"img":{"alt_text":"","src":"https:\/\/i0.wp.com\/florencia.edu.co\/portal\/v4\/wp-content\/uploads\/WhatsApp-Image-2022-10-26-at-12.57.38-PM-1.jpeg?fit=845%2C1200&ssl=1&resize=350%2C200","width":350,"height":200,"srcset":"https:\/\/i0.wp.com\/florencia.edu.co\/portal\/v4\/wp-content\/uploads\/WhatsApp-Image-2022-10-26-at-12.57.38-PM-1.jpeg?fit=845%2C1200&ssl=1&resize=350%2C200 1x, https:\/\/i0.wp.com\/florencia.edu.co\/portal\/v4\/wp-content\/uploads\/WhatsApp-Image-2022-10-26-at-12.57.38-PM-1.jpeg?fit=845%2C1200&ssl=1&resize=525%2C300 1.5x, https:\/\/i0.wp.com\/florencia.edu.co\/portal\/v4\/wp-content\/uploads\/WhatsApp-Image-2022-10-26-at-12.57.38-PM-1.jpeg?fit=845%2C1200&ssl=1&resize=700%2C400 2x"},"classes":[]},{"id":4438,"url":"https:\/\/florencia.edu.co\/portal\/v4\/invitacion-a-sector-productivo-y-egresado-i-e-a-a-buinaima\/","url_meta":{"origin":2280,"position":5},"title":"Comunicado I.E BUINAIMA","author":"Mabiyiceth","date":"27 febrero, 2023","format":false,"excerpt":"INVITACION-A-SECTOR-PRODUCTIVO-Y-EGRESADOSDescargar","rel":"","context":"En \u00abCobertura Educativa\u00bb","block_context":{"text":"Cobertura Educativa","link":"https:\/\/florencia.edu.co\/portal\/v4\/category\/cobertura-educativa\/"},"img":{"alt_text":"","src":"","width":0,"height":0},"classes":[]}],"jetpack_sharing_enabled":true,"_links":{"self":[{"href":"https:\/\/florencia.edu.co\/portal\/v4\/wp-json\/wp\/v2\/posts\/2280","targetHints":{"allow":["GET"]}}],"collection":[{"href":"https:\/\/florencia.edu.co\/portal\/v4\/wp-json\/wp\/v2\/posts"}],"about":[{"href":"https:\/\/florencia.edu.co\/portal\/v4\/wp-json\/wp\/v2\/types\/post"}],"author":[{"embeddable":true,"href":"https:\/\/florencia.edu.co\/portal\/v4\/wp-json\/wp\/v2\/users\/10"}],"replies":[{"embeddable":true,"href":"https:\/\/florencia.edu.co\/portal\/v4\/wp-json\/wp\/v2\/comments?post=2280"}],"version-history":[{"count":2,"href":"https:\/\/florencia.edu.co\/portal\/v4\/wp-json\/wp\/v2\/posts\/2280\/revisions"}],"predecessor-version":[{"id":2296,"href":"https:\/\/florencia.edu.co\/portal\/v4\/wp-json\/wp\/v2\/posts\/2280\/revisions\/2296"}],"wp:featuredmedia":[{"embeddable":true,"href":"https:\/\/florencia.edu.co\/portal\/v4\/wp-json\/wp\/v2\/media\/2298"}],"wp:attachment":[{"href":"https:\/\/florencia.edu.co\/portal\/v4\/wp-json\/wp\/v2\/media?parent=2280"}],"wp:term":[{"taxonomy":"category","embeddable":true,"href":"https:\/\/florencia.edu.co\/portal\/v4\/wp-json\/wp\/v2\/categories?post=2280"},{"taxonomy":"post_tag","embeddable":true,"href":"https:\/\/florencia.edu.co\/portal\/v4\/wp-json\/wp\/v2\/tags?post=2280"}],"curies":[{"name":"wp","href":"https:\/\/api.w.org\/{rel}","templated":true}]}}