{"id":2268,"date":"2021-08-14T21:04:30","date_gmt":"2021-08-15T02:04:30","guid":{"rendered":"https:\/\/florencia.edu.co\/portal\/v4\/?p=2268"},"modified":"2021-08-29T13:40:57","modified_gmt":"2021-08-29T18:40:57","slug":"6-a-entrega-rpc-beneficiarios-del-programa-de-alimentacion-escolar-pae-2021","status":"publish","type":"post","link":"https:\/\/florencia.edu.co\/portal\/v4\/6-a-entrega-rpc-beneficiarios-del-programa-de-alimentacion-escolar-pae-2021\/","title":{"rendered":"6.\u00aa Entrega (RPC) Beneficiarios del Programa De Alimentaci\u00f3n Escolar PAE 2021"},"content":{"rendered":"\n<div class=\"wp-block-buttons is-layout-flex wp-block-buttons-is-layout-flex\">\n<div class=\"wp-block-button is-style-fill\"><a class=\"wp-block-button__link has-background\" href=\"https:\/\/florencia.edu.co\/portal\/consulta\/registro.php\" style=\"background-color:#5ac919\" target=\"_blank\" rel=\"noreferrer noopener\"><span class=\"has-inline-color has-white-color\">Consultar por documento<\/span><\/a><\/div>\n<\/div>\n","protected":false},"excerpt":{"rendered":"","protected":false},"author":3,"featured_media":2310,"comment_status":"closed","ping_status":"closed","sticky":false,"template":"","format":"standard","meta":{"advanced_seo_description":"","jetpack_seo_html_title":"","jetpack_seo_noindex":false,"_vp_format_video_url":"","_vp_image_focal_point":[],"_jetpack_memberships_contains_paid_content":false,"footnotes":""},"categories":[37],"tags":[],"class_list":["post-2268","post","type-post","status-publish","format-standard","has-post-thumbnail","hentry","category-programa-de-alimentacion-escolar-pae"],"jetpack_featured_media_url":"https:\/\/i0.wp.com\/florencia.edu.co\/portal\/v4\/wp-content\/uploads\/CRONOGRAMA-6-ENTREGA-AJUSTADO.jpeg?fit=940%2C788&ssl=1","jetpack-related-posts":[{"id":2133,"url":"https:\/\/florencia.edu.co\/portal\/v4\/5-a-entrega-rpc-beneficiarios-del-programa-de-alimentacion-escolar-pae-2021\/","url_meta":{"origin":2268,"position":0},"title":"5.\u00aa Entrega (RPC) Beneficiarios del Programa De Alimentaci\u00f3n Escolar PAE 2021","author":"Mabiyiceth","date":"19 julio, 2021","format":false,"excerpt":"Consultar por documento","rel":"","context":"En \u00abPrograma de Alimentaci\u00f3n Escolar (PAE)\u00bb","block_context":{"text":"Programa de Alimentaci\u00f3n Escolar (PAE)","link":"https:\/\/florencia.edu.co\/portal\/v4\/category\/programa-de-alimentacion-escolar-pae\/"},"img":{"alt_text":"","src":"https:\/\/i0.wp.com\/florencia.edu.co\/portal\/v4\/wp-content\/uploads\/post-public-5-Entrega.jpg?fit=1200%2C1200&ssl=1&resize=350%2C200","width":350,"height":200,"srcset":"https:\/\/i0.wp.com\/florencia.edu.co\/portal\/v4\/wp-content\/uploads\/post-public-5-Entrega.jpg?fit=1200%2C1200&ssl=1&resize=350%2C200 1x, https:\/\/i0.wp.com\/florencia.edu.co\/portal\/v4\/wp-content\/uploads\/post-public-5-Entrega.jpg?fit=1200%2C1200&ssl=1&resize=525%2C300 1.5x, https:\/\/i0.wp.com\/florencia.edu.co\/portal\/v4\/wp-content\/uploads\/post-public-5-Entrega.jpg?fit=1200%2C1200&ssl=1&resize=700%2C400 2x, https:\/\/i0.wp.com\/florencia.edu.co\/portal\/v4\/wp-content\/uploads\/post-public-5-Entrega.jpg?fit=1200%2C1200&ssl=1&resize=1050%2C600 3x"},"classes":[]},{"id":2398,"url":"https:\/\/florencia.edu.co\/portal\/v4\/7-a-entrega-rpc-beneficiarios-del-programa-de-alimentacion-escolar-pae-2021\/","url_meta":{"origin":2268,"position":1},"title":"7.\u00aa Entrega (RPC) Beneficiarios del Programa De Alimentaci\u00f3n Escolar PAE 2021","author":"Mabiyiceth","date":"11 septiembre, 2021","format":false,"excerpt":"Consultar por documento","rel":"","context":"En \u00abPrograma de Alimentaci\u00f3n Escolar (PAE)\u00bb","block_context":{"text":"Programa de Alimentaci\u00f3n Escolar (PAE)","link":"https:\/\/florencia.edu.co\/portal\/v4\/category\/programa-de-alimentacion-escolar-pae\/"},"img":{"alt_text":"","src":"https:\/\/i0.wp.com\/florencia.edu.co\/portal\/v4\/wp-content\/uploads\/cronograma-7-entrega.jpg?fit=1200%2C1200&ssl=1&resize=350%2C200","width":350,"height":200,"srcset":"https:\/\/i0.wp.com\/florencia.edu.co\/portal\/v4\/wp-content\/uploads\/cronograma-7-entrega.jpg?fit=1200%2C1200&ssl=1&resize=350%2C200 1x, https:\/\/i0.wp.com\/florencia.edu.co\/portal\/v4\/wp-content\/uploads\/cronograma-7-entrega.jpg?fit=1200%2C1200&ssl=1&resize=525%2C300 1.5x, https:\/\/i0.wp.com\/florencia.edu.co\/portal\/v4\/wp-content\/uploads\/cronograma-7-entrega.jpg?fit=1200%2C1200&ssl=1&resize=700%2C400 2x, https:\/\/i0.wp.com\/florencia.edu.co\/portal\/v4\/wp-content\/uploads\/cronograma-7-entrega.jpg?fit=1200%2C1200&ssl=1&resize=1050%2C600 3x"},"classes":[]},{"id":1963,"url":"https:\/\/florencia.edu.co\/portal\/v4\/continua-3-a-y-4-a-entrega-rpc-beneficiarios-del-programa-de-alimentacion-escolar-pae-2021\/","url_meta":{"origin":2268,"position":2},"title":"Contin\u00faa 3.\u00aa y  4.\u00aa Entrega (RPC) Beneficiarios del Programa De Alimentaci\u00f3n Escolar PAE 2021","author":"Mabiyiceth","date":"17 junio, 2021","format":false,"excerpt":"Consultar por Documento","rel":"","context":"En \u00abPrograma de Alimentaci\u00f3n Escolar (PAE)\u00bb","block_context":{"text":"Programa de Alimentaci\u00f3n Escolar (PAE)","link":"https:\/\/florencia.edu.co\/portal\/v4\/category\/programa-de-alimentacion-escolar-pae\/"},"img":{"alt_text":"","src":"https:\/\/i0.wp.com\/florencia.edu.co\/portal\/v4\/wp-content\/uploads\/ULTIMA-PUBLICIDAD-CRONOGRAMA-3Y-4-ENTREGA-RPC.jpeg?fit=1200%2C1200&ssl=1&resize=350%2C200","width":350,"height":200,"srcset":"https:\/\/i0.wp.com\/florencia.edu.co\/portal\/v4\/wp-content\/uploads\/ULTIMA-PUBLICIDAD-CRONOGRAMA-3Y-4-ENTREGA-RPC.jpeg?fit=1200%2C1200&ssl=1&resize=350%2C200 1x, https:\/\/i0.wp.com\/florencia.edu.co\/portal\/v4\/wp-content\/uploads\/ULTIMA-PUBLICIDAD-CRONOGRAMA-3Y-4-ENTREGA-RPC.jpeg?fit=1200%2C1200&ssl=1&resize=525%2C300 1.5x, https:\/\/i0.wp.com\/florencia.edu.co\/portal\/v4\/wp-content\/uploads\/ULTIMA-PUBLICIDAD-CRONOGRAMA-3Y-4-ENTREGA-RPC.jpeg?fit=1200%2C1200&ssl=1&resize=700%2C400 2x, https:\/\/i0.wp.com\/florencia.edu.co\/portal\/v4\/wp-content\/uploads\/ULTIMA-PUBLICIDAD-CRONOGRAMA-3Y-4-ENTREGA-RPC.jpeg?fit=1200%2C1200&ssl=1&resize=1050%2C600 3x"},"classes":[]},{"id":1727,"url":"https:\/\/florencia.edu.co\/portal\/v4\/tercera-y-cuarta-entrega-beneficiarios-del-programa-de-alimentacion-escolar-pae-2021\/","url_meta":{"origin":2268,"position":3},"title":"3.\u00aa y  4.\u00aa Entrega (RPC) Beneficiarios del Programa De Alimentaci\u00f3n Escolar PAE 2021","author":"Mabiyiceth","date":"23 abril, 2021","format":false,"excerpt":"Consultar por Documento","rel":"","context":"En \u00abPrograma de Alimentaci\u00f3n Escolar (PAE)\u00bb","block_context":{"text":"Programa de Alimentaci\u00f3n Escolar (PAE)","link":"https:\/\/florencia.edu.co\/portal\/v4\/category\/programa-de-alimentacion-escolar-pae\/"},"img":{"alt_text":"","src":"https:\/\/i0.wp.com\/florencia.edu.co\/portal\/v4\/wp-content\/uploads\/3-y-4-Entrega-RPC.jpeg?fit=1200%2C1200&ssl=1&resize=350%2C200","width":350,"height":200,"srcset":"https:\/\/i0.wp.com\/florencia.edu.co\/portal\/v4\/wp-content\/uploads\/3-y-4-Entrega-RPC.jpeg?fit=1200%2C1200&ssl=1&resize=350%2C200 1x, https:\/\/i0.wp.com\/florencia.edu.co\/portal\/v4\/wp-content\/uploads\/3-y-4-Entrega-RPC.jpeg?fit=1200%2C1200&ssl=1&resize=525%2C300 1.5x, https:\/\/i0.wp.com\/florencia.edu.co\/portal\/v4\/wp-content\/uploads\/3-y-4-Entrega-RPC.jpeg?fit=1200%2C1200&ssl=1&resize=700%2C400 2x, https:\/\/i0.wp.com\/florencia.edu.co\/portal\/v4\/wp-content\/uploads\/3-y-4-Entrega-RPC.jpeg?fit=1200%2C1200&ssl=1&resize=1050%2C600 3x"},"classes":[]},{"id":1732,"url":"https:\/\/florencia.edu.co\/portal\/v4\/desde-el-26-de-abril-inicia-3-y-4-entrega-de-rpc-del-programa-alimentacion-escolar-pae\/","url_meta":{"origin":2268,"position":4},"title":"26 de Abril, inicia 3 y 4 Entrega de (RPC) del Programa Alimentaci\u00f3n Escolar PAE","author":"Mabiyiceth","date":"23 abril, 2021","format":false,"excerpt":"A partir del 26 de abril comenzar\u00e1 la entrega de raciones alimentarias para preparar en casa\u00a0\u00a0\u00a0\u00a0en las instituciones educativas del municipio de Florencia, confirm\u00f3 la secretaria de educaci\u00f3n, Floralba Zambrano Morillo. Para la primera semana de entrega, se estableci\u00f3 un cronograma que comenzar\u00e1 en las Instituciones Educativas Juan Bautista Migani\u2026","rel":"","context":"En \u00abPrograma de Alimentaci\u00f3n Escolar (PAE)\u00bb","block_context":{"text":"Programa de Alimentaci\u00f3n Escolar (PAE)","link":"https:\/\/florencia.edu.co\/portal\/v4\/category\/programa-de-alimentacion-escolar-pae\/"},"img":{"alt_text":"","src":"https:\/\/i0.wp.com\/florencia.edu.co\/portal\/v4\/wp-content\/uploads\/EL-26-DE-ABRIL-COMIENZA-ENTREGA-DE-RACION-PARA-PREPARAR-EN-CASA-DEL-PROGRAMA-PAE..jpeg?fit=1200%2C675&ssl=1&resize=350%2C200","width":350,"height":200,"srcset":"https:\/\/i0.wp.com\/florencia.edu.co\/portal\/v4\/wp-content\/uploads\/EL-26-DE-ABRIL-COMIENZA-ENTREGA-DE-RACION-PARA-PREPARAR-EN-CASA-DEL-PROGRAMA-PAE..jpeg?fit=1200%2C675&ssl=1&resize=350%2C200 1x, https:\/\/i0.wp.com\/florencia.edu.co\/portal\/v4\/wp-content\/uploads\/EL-26-DE-ABRIL-COMIENZA-ENTREGA-DE-RACION-PARA-PREPARAR-EN-CASA-DEL-PROGRAMA-PAE..jpeg?fit=1200%2C675&ssl=1&resize=525%2C300 1.5x, https:\/\/i0.wp.com\/florencia.edu.co\/portal\/v4\/wp-content\/uploads\/EL-26-DE-ABRIL-COMIENZA-ENTREGA-DE-RACION-PARA-PREPARAR-EN-CASA-DEL-PROGRAMA-PAE..jpeg?fit=1200%2C675&ssl=1&resize=700%2C400 2x, https:\/\/i0.wp.com\/florencia.edu.co\/portal\/v4\/wp-content\/uploads\/EL-26-DE-ABRIL-COMIENZA-ENTREGA-DE-RACION-PARA-PREPARAR-EN-CASA-DEL-PROGRAMA-PAE..jpeg?fit=1200%2C675&ssl=1&resize=1050%2C600 3x"},"classes":[]},{"id":2316,"url":"https:\/\/florencia.edu.co\/portal\/v4\/padres-de-familia-o-acudientes-que-no-reclamaron-la-6-a-racion-para-preparar-en-casa-de-sus-hijos-podran-hacerlo-en-dias-adicionales\/","url_meta":{"origin":2268,"position":5},"title":"Padres de familia o acudientes que no reclamaron la 6.\u00aa   raci\u00f3n para preparar en casa RPC de los beneficiarios, podr\u00e1n hacerlo en d\u00edas adicionales.","author":"Mabiyiceth","date":"4 septiembre, 2021","format":false,"excerpt":"La secretaria de Educaci\u00f3n municipal, Cobertura educativa y la ETC de Florencia - PAE Municipal, Invitan a padres de familia o acudientes que no reclamaron la 6.\u00aa Raci\u00f3n para Preparar en Casa, con el fin de hacer entrega de la totalidad de las raciones del Programa de Alimentaci\u00f3n Escolar, los\u2026","rel":"","context":"En \u00abPrograma de Alimentaci\u00f3n Escolar (PAE)\u00bb","block_context":{"text":"Programa de Alimentaci\u00f3n Escolar (PAE)","link":"https:\/\/florencia.edu.co\/portal\/v4\/category\/programa-de-alimentacion-escolar-pae\/"},"img":{"alt_text":"","src":"https:\/\/i0.wp.com\/florencia.edu.co\/portal\/v4\/wp-content\/uploads\/Adicionales-6.gif?fit=988%2C788&ssl=1&resize=350%2C200","width":350,"height":200,"srcset":"https:\/\/i0.wp.com\/florencia.edu.co\/portal\/v4\/wp-content\/uploads\/Adicionales-6.gif?fit=988%2C788&ssl=1&resize=350%2C200 1x, https:\/\/i0.wp.com\/florencia.edu.co\/portal\/v4\/wp-content\/uploads\/Adicionales-6.gif?fit=988%2C788&ssl=1&resize=525%2C300 1.5x, https:\/\/i0.wp.com\/florencia.edu.co\/portal\/v4\/wp-content\/uploads\/Adicionales-6.gif?fit=988%2C788&ssl=1&resize=700%2C400 2x"},"classes":[]}],"jetpack_sharing_enabled":true,"_links":{"self":[{"href":"https:\/\/florencia.edu.co\/portal\/v4\/wp-json\/wp\/v2\/posts\/2268","targetHints":{"allow":["GET"]}}],"collection":[{"href":"https:\/\/florencia.edu.co\/portal\/v4\/wp-json\/wp\/v2\/posts"}],"about":[{"href":"https:\/\/florencia.edu.co\/portal\/v4\/wp-json\/wp\/v2\/types\/post"}],"author":[{"embeddable":true,"href":"https:\/\/florencia.edu.co\/portal\/v4\/wp-json\/wp\/v2\/users\/3"}],"replies":[{"embeddable":true,"href":"https:\/\/florencia.edu.co\/portal\/v4\/wp-json\/wp\/v2\/comments?post=2268"}],"version-history":[{"count":6,"href":"https:\/\/florencia.edu.co\/portal\/v4\/wp-json\/wp\/v2\/posts\/2268\/revisions"}],"predecessor-version":[{"id":2277,"href":"https:\/\/florencia.edu.co\/portal\/v4\/wp-json\/wp\/v2\/posts\/2268\/revisions\/2277"}],"wp:featuredmedia":[{"embeddable":true,"href":"https:\/\/florencia.edu.co\/portal\/v4\/wp-json\/wp\/v2\/media\/2310"}],"wp:attachment":[{"href":"https:\/\/florencia.edu.co\/portal\/v4\/wp-json\/wp\/v2\/media?parent=2268"}],"wp:term":[{"taxonomy":"category","embeddable":true,"href":"https:\/\/florencia.edu.co\/portal\/v4\/wp-json\/wp\/v2\/categories?post=2268"},{"taxonomy":"post_tag","embeddable":true,"href":"https:\/\/florencia.edu.co\/portal\/v4\/wp-json\/wp\/v2\/tags?post=2268"}],"curies":[{"name":"wp","href":"https:\/\/api.w.org\/{rel}","templated":true}]}}