{"id":2014,"date":"2021-04-20T17:40:00","date_gmt":"2021-04-20T22:40:00","guid":{"rendered":"https:\/\/florencia.edu.co\/portal\/v4\/?p=2014"},"modified":"2021-07-06T17:43:03","modified_gmt":"2021-07-06T22:43:03","slug":"servicio-al-cliente-fiduprevisora","status":"publish","type":"post","link":"https:\/\/florencia.edu.co\/portal\/v4\/servicio-al-cliente-fiduprevisora\/","title":{"rendered":"SERVICIO AL CLIENTE- FIDUPREVISORA"},"content":{"rendered":"\n<div class=\"wp-block-file\"><a href=\"https:\/\/florencia.edu.co\/portal\/v4\/wp-content\/uploads\/SERVICIO-AL-CLIENTE-FIDUPREVISORA.pdf\">SERVICIO-AL-CLIENTE-FIDUPREVISORA<\/a><a href=\"https:\/\/florencia.edu.co\/portal\/v4\/wp-content\/uploads\/SERVICIO-AL-CLIENTE-FIDUPREVISORA.pdf\" class=\"wp-block-file__button\" download>Descargar<\/a><\/div>\n","protected":false},"excerpt":{"rendered":"","protected":false},"author":10,"featured_media":0,"comment_status":"closed","ping_status":"closed","sticky":false,"template":"","format":"standard","meta":{"advanced_seo_description":"","jetpack_seo_html_title":"","jetpack_seo_noindex":false,"_vp_format_video_url":"","_vp_image_focal_point":[],"_jetpack_memberships_contains_paid_content":false,"footnotes":""},"categories":[1],"tags":[],"class_list":["post-2014","post","type-post","status-publish","format-standard","hentry","category-sin-categoria"],"jetpack_featured_media_url":"","jetpack-related-posts":[{"id":135,"url":"https:\/\/florencia.edu.co\/portal\/v4\/politicas-y-objetivos-de-calidad\/","url_meta":{"origin":2014,"position":0},"title":"Pol\u00edticas y Objetivos de Calidad","author":"wpmanager","date":"7 marzo, 2020","format":false,"excerpt":"POL\u00cdTICA DEL SISTEMA DE GESTI\u00d3N DE CALIDAD La Secretaria de Educaci\u00f3n del Municipio de Florencia se compromete a establecer, implementar y mejorar continuamente el Sistema de Gesti\u00f3n de Calidad (SGC), orientando su gesti\u00f3n al mejoramiento continuo en la administraci\u00f3n del servicio educativo articuladamente en sus ejes de CALIDAD, COBERTURA Y\u2026","rel":"","context":"En \u00abInformaci\u00f3n General\u00bb","block_context":{"text":"Informaci\u00f3n General","link":"https:\/\/florencia.edu.co\/portal\/v4\/category\/informacion-general\/"},"img":{"alt_text":"","src":"https:\/\/i0.wp.com\/florencia.edu.co\/portal\/v4\/wp-content\/uploads\/2020\/03\/politicas.jpg?fit=1200%2C300&ssl=1&resize=350%2C200","width":350,"height":200,"srcset":"https:\/\/i0.wp.com\/florencia.edu.co\/portal\/v4\/wp-content\/uploads\/2020\/03\/politicas.jpg?fit=1200%2C300&ssl=1&resize=350%2C200 1x, https:\/\/i0.wp.com\/florencia.edu.co\/portal\/v4\/wp-content\/uploads\/2020\/03\/politicas.jpg?fit=1200%2C300&ssl=1&resize=525%2C300 1.5x, https:\/\/i0.wp.com\/florencia.edu.co\/portal\/v4\/wp-content\/uploads\/2020\/03\/politicas.jpg?fit=1200%2C300&ssl=1&resize=700%2C400 2x, https:\/\/i0.wp.com\/florencia.edu.co\/portal\/v4\/wp-content\/uploads\/2020\/03\/politicas.jpg?fit=1200%2C300&ssl=1&resize=1050%2C600 3x"},"classes":[]},{"id":4970,"url":"https:\/\/florencia.edu.co\/portal\/v4\/verificacion-de-la-prestacion-del-servicio-mes-de-junio-2023\/","url_meta":{"origin":2014,"position":1},"title":"Verificaci\u00f3n de la prestaci\u00f3n del servicio mes de JUNIO 2023","author":"Mabiyiceth","date":"30 junio, 2023","format":false,"excerpt":"El equipo de apoyo a la supervisi\u00f3n del PAE Municipal, realiz\u00f3 visitas de seguimiento a la prestaci\u00f3n del servicio a las modalidades preparado en sitio y Raci\u00f3n Industrializada, en las sedes focalizadas del PAE. Cabe resaltar el oportuno acompa\u00f1amiento del Contralor provincial del grupo de participaci\u00f3n ciudadana de la Contralor\u00eda\u2026","rel":"","context":"En \u00abSin categor\u00eda\u00bb","block_context":{"text":"Sin categor\u00eda","link":"https:\/\/florencia.edu.co\/portal\/v4\/category\/sin-categoria\/"},"img":{"alt_text":"","src":"https:\/\/i0.wp.com\/florencia.edu.co\/portal\/v4\/wp-content\/uploads\/I.E-LA-SALLE-2.jpeg?resize=350%2C200&ssl=1","width":350,"height":200,"srcset":"https:\/\/i0.wp.com\/florencia.edu.co\/portal\/v4\/wp-content\/uploads\/I.E-LA-SALLE-2.jpeg?resize=350%2C200&ssl=1 1x, https:\/\/i0.wp.com\/florencia.edu.co\/portal\/v4\/wp-content\/uploads\/I.E-LA-SALLE-2.jpeg?resize=525%2C300&ssl=1 1.5x"},"classes":[]},{"id":2179,"url":"https:\/\/florencia.edu.co\/portal\/v4\/circular-no-0044-del-28-de-julio-de-2021\/","url_meta":{"origin":2014,"position":2},"title":"Circular No. 0044 del 28 de julio de 2021","author":"Miller","date":"29 julio, 2021","format":false,"excerpt":"Circular DS.0044 del 28 de julio de 2021, mediante la cual de conformidad a las directrices impartidas por el MEN y el Fondo Nacional del Magisterio - FIDUPREVISORA S:A, se informa que a partir del 2 de agosto de 2021 estar\u00e1 disponible el nuevo m\u00f3dulo automatizado para el tr\u00e1mite en\u2026","rel":"","context":"En \u00abCirculares\u00bb","block_context":{"text":"Circulares","link":"https:\/\/florencia.edu.co\/portal\/v4\/category\/circulares\/"},"img":{"alt_text":"","src":"","width":0,"height":0},"classes":[]},{"id":6953,"url":"https:\/\/florencia.edu.co\/portal\/v4\/la-secretaria-de-educacion-municipal-invita-a-las-instituciones-educativas-publicas-y-privadas-a-participar-de-la-iniciativa-de-la-empresa-de-servicios-publicos-servaf-sa-esp-concurso-municipal-cu\/","url_meta":{"origin":2014,"position":3},"title":"La Secretar\u00eda de Educaci\u00f3n Municipal invita a las Instituciones Educativas P\u00fablicas y Privadas a participar de la iniciativa de la Empresa de Servicios P\u00fablicos -SERVAF SA ESP, concurso municipal \u00abCuento del Agua\u00bb en su vig\u00e9sima sexta versi\u00f3n.","author":"SANDRA MILENA SALAZAR RAM\u00d3N","date":"26 agosto, 2024","format":false,"excerpt":"Con el prop\u00f3sito de materializar las creaciones e innovaciones de los estudiantes, se les insta a incentivar la participaci\u00f3n de la comunidad estudiantil en tan importante evento, EL CUENTO DEL AGUA en su vig\u00e9sima sexta versi\u00f3n\ud83d\udca7, cuenta con seis categor\u00edas que permitir\u00e1 promover la creatividad e imaginaci\u00f3n de las ni\u00f1as,\u2026","rel":"","context":"En \u00abEventos\u00bb","block_context":{"text":"Eventos","link":"https:\/\/florencia.edu.co\/portal\/v4\/category\/eventos\/"},"img":{"alt_text":"","src":"https:\/\/i0.wp.com\/florencia.edu.co\/portal\/v4\/wp-content\/uploads\/CUENTO-DEL-AGUA.jpeg?fit=833%2C1200&ssl=1&resize=350%2C200","width":350,"height":200,"srcset":"https:\/\/i0.wp.com\/florencia.edu.co\/portal\/v4\/wp-content\/uploads\/CUENTO-DEL-AGUA.jpeg?fit=833%2C1200&ssl=1&resize=350%2C200 1x, https:\/\/i0.wp.com\/florencia.edu.co\/portal\/v4\/wp-content\/uploads\/CUENTO-DEL-AGUA.jpeg?fit=833%2C1200&ssl=1&resize=525%2C300 1.5x, https:\/\/i0.wp.com\/florencia.edu.co\/portal\/v4\/wp-content\/uploads\/CUENTO-DEL-AGUA.jpeg?fit=833%2C1200&ssl=1&resize=700%2C400 2x"},"classes":[]},{"id":8735,"url":"https:\/\/florencia.edu.co\/portal\/v4\/atenciones-docentes-y-directivos-docentes\/","url_meta":{"origin":2014,"position":4},"title":"Atenciones docentes y directivos docentes","author":"Miller","date":"23 agosto, 2025","format":false,"excerpt":"Con el fin de garantizar la correcta presentaci\u00f3n de las solicitudes de\u00a0prestaciones econ\u00f3micas,\u00a0ponemos a disposici\u00f3n las\u00a0gu\u00edas oficiales remitidas por la Fiduprevisora. Estas orientaciones deben ser tenidas en cuenta al momento de realizar su solicitud, con el prop\u00f3sito de agilizar los tr\u00e1mites y evitar devoluciones. \u00a0 Guia de Usuario Gesti\u00f3n Auxilios\u2026","rel":"","context":"En \u00abAdministrativa\u00bb","block_context":{"text":"Administrativa","link":"https:\/\/florencia.edu.co\/portal\/v4\/category\/administrativa\/"},"img":{"alt_text":"","src":"","width":0,"height":0},"classes":[]},{"id":5842,"url":"https:\/\/florencia.edu.co\/portal\/v4\/circular-20230074\/","url_meta":{"origin":2014,"position":5},"title":"CIRCULAR 20230074","author":"Miller","date":"27 octubre, 2023","format":false,"excerpt":"PRESENTACI\u00d3N DOCUMENTOS REQUERIDOS NOMBRAMIENTO EN PERIODO DE PRUEBA. CIRCULAR 20230074Descargar DOCUMENTOS-REQUERIDOS-PARA-NOMBRAMIENTO-DOCENTESDescargar Documentos para agregar a la solicitud de radicaci\u00f3n de documentos. Declaracion-Juramentada-Agosto-de-2019-ComfacaDescargar formulario_afiliacion-COMFACA-3Descargar PAZ-Y-SALVO-TRIBUTOS-2023-1-1Descargar ESTAMPILLA-PRO-UNIVERSIDAD-1-3Descargar formato-unico-de-hoja-de-vida-persona-natural-1-1Descargar Anexo5-Formato-Unico-FiduprevisoraDescargar FORMATO-DATOS-BASICOS-DOCENTES-Y-DIRECTIVOS-DOCENTESDescargar","rel":"","context":"En \u00abCirculares\u00bb","block_context":{"text":"Circulares","link":"https:\/\/florencia.edu.co\/portal\/v4\/category\/circulares\/"},"img":{"alt_text":"","src":"","width":0,"height":0},"classes":[]}],"jetpack_sharing_enabled":true,"_links":{"self":[{"href":"https:\/\/florencia.edu.co\/portal\/v4\/wp-json\/wp\/v2\/posts\/2014","targetHints":{"allow":["GET"]}}],"collection":[{"href":"https:\/\/florencia.edu.co\/portal\/v4\/wp-json\/wp\/v2\/posts"}],"about":[{"href":"https:\/\/florencia.edu.co\/portal\/v4\/wp-json\/wp\/v2\/types\/post"}],"author":[{"embeddable":true,"href":"https:\/\/florencia.edu.co\/portal\/v4\/wp-json\/wp\/v2\/users\/10"}],"replies":[{"embeddable":true,"href":"https:\/\/florencia.edu.co\/portal\/v4\/wp-json\/wp\/v2\/comments?post=2014"}],"version-history":[{"count":1,"href":"https:\/\/florencia.edu.co\/portal\/v4\/wp-json\/wp\/v2\/posts\/2014\/revisions"}],"predecessor-version":[{"id":2016,"href":"https:\/\/florencia.edu.co\/portal\/v4\/wp-json\/wp\/v2\/posts\/2014\/revisions\/2016"}],"wp:attachment":[{"href":"https:\/\/florencia.edu.co\/portal\/v4\/wp-json\/wp\/v2\/media?parent=2014"}],"wp:term":[{"taxonomy":"category","embeddable":true,"href":"https:\/\/florencia.edu.co\/portal\/v4\/wp-json\/wp\/v2\/categories?post=2014"},{"taxonomy":"post_tag","embeddable":true,"href":"https:\/\/florencia.edu.co\/portal\/v4\/wp-json\/wp\/v2\/tags?post=2014"}],"curies":[{"name":"wp","href":"https:\/\/api.w.org\/{rel}","templated":true}]}}