{"id":1947,"date":"2021-06-02T17:49:52","date_gmt":"2021-06-02T22:49:52","guid":{"rendered":"https:\/\/florencia.edu.co\/portal\/v4\/?p=1947"},"modified":"2021-06-02T22:41:38","modified_gmt":"2021-06-03T03:41:38","slug":"i-mesa-publica-virtual-municipal-del-pae-2021","status":"publish","type":"post","link":"https:\/\/florencia.edu.co\/portal\/v4\/i-mesa-publica-virtual-municipal-del-pae-2021\/","title":{"rendered":"I Mesa  P\u00fablica Virtual Municipal del PAE 2021"},"content":{"rendered":"\n<p>El pr\u00f3ximo Jueves  10  de Junio la Secretar\u00eda de Educaci\u00f3n municipal realizar\u00e1 de manera virtual la primera Mesa P\u00fablica  Municipal del PAE, que tiene como objetivo dar informe de ejecuci\u00f3n y socializar el programa.<\/p>\n\n\n\n<p><img data-recalc-dims=\"1\" loading=\"lazy\" decoding=\"async\" width=\"100\" height=\"35\" class=\"wp-image-1952\" style=\"width: 100px;\" src=\"https:\/\/i0.wp.com\/florencia.edu.co\/portal\/v4\/wp-content\/uploads\/logo-Meet.png?resize=100%2C35&#038;ssl=1\" alt=\"\" srcset=\"https:\/\/i0.wp.com\/florencia.edu.co\/portal\/v4\/wp-content\/uploads\/logo-Meet.png?w=364&amp;ssl=1 364w, https:\/\/i0.wp.com\/florencia.edu.co\/portal\/v4\/wp-content\/uploads\/logo-Meet.png?resize=300%2C105&amp;ssl=1 300w\" sizes=\"auto, (max-width: 100px) 100vw, 100px\" \/><a rel=\"noreferrer noopener\" href=\"http:\/\/meet.google.com\/brv-sndg-rfj\" target=\"_blank\">meet.google.com\/brv-sndg-rfj<\/a><\/p>\n","protected":false},"excerpt":{"rendered":"<p>El pr\u00f3ximo Jueves 10 de Junio la Secretar\u00eda de Educaci\u00f3n municipal realizar\u00e1 de manera virtual la primera Mesa P\u00fablica Municipal del PAE, que tiene como objetivo dar informe de ejecuci\u00f3n y socializar el programa. meet.google.com\/brv-sndg-rfj<\/p>\n","protected":false},"author":3,"featured_media":1957,"comment_status":"closed","ping_status":"closed","sticky":false,"template":"","format":"standard","meta":{"advanced_seo_description":"","jetpack_seo_html_title":"","jetpack_seo_noindex":false,"_vp_format_video_url":"","_vp_image_focal_point":{"x":0.479999999999999982236431605997495353221893310546875,"y":0.689999999999999946709294817992486059665679931640625},"_jetpack_memberships_contains_paid_content":false,"footnotes":""},"categories":[37],"tags":[],"class_list":["post-1947","post","type-post","status-publish","format-standard","has-post-thumbnail","hentry","category-programa-de-alimentacion-escolar-pae"],"jetpack_featured_media_url":"https:\/\/i0.wp.com\/florencia.edu.co\/portal\/v4\/wp-content\/uploads\/I-Mesa-Publica-PAE-2021-si.jpg?fit=1280%2C1280&ssl=1","jetpack-related-posts":[{"id":4536,"url":"https:\/\/florencia.edu.co\/portal\/v4\/con-exito-se-llevo-a-cabo-la-1-a-mesa-publica-municipal-del-pae-2023\/","url_meta":{"origin":1947,"position":0},"title":"Con \u00e9xito se llev\u00f3 a cabo la 1ra Mesa P\u00fablica Municipal del PAE 2023.","author":"Mabiyiceth","date":"17 abril, 2023","format":false,"excerpt":"La Secretar\u00eda de Educaci\u00f3n de Florencia realiz\u00f3 el pasado 13 de abril la 1ra Mesa P\u00fablica Municipal del Programa de Alimentaci\u00f3n Escolar PAE , en el auditorio de la Universidad Nacional y Distancia UNAD .A la mesa asistieron padres de familia, entidades de control, concejales, estudiantes, delegados del operador del\u2026","rel":"","context":"En \u00abPrograma de Alimentaci\u00f3n Escolar (PAE)\u00bb","block_context":{"text":"Programa de Alimentaci\u00f3n Escolar (PAE)","link":"https:\/\/florencia.edu.co\/portal\/v4\/category\/programa-de-alimentacion-escolar-pae\/"},"img":{"alt_text":"","src":"https:\/\/i0.wp.com\/florencia.edu.co\/portal\/v4\/wp-content\/uploads\/1ra-MESA-PUBLICA-MUNICIPAL-PAE-ETC-FLORENCIA-18.jpeg?resize=350%2C200&ssl=1","width":350,"height":200,"srcset":"https:\/\/i0.wp.com\/florencia.edu.co\/portal\/v4\/wp-content\/uploads\/1ra-MESA-PUBLICA-MUNICIPAL-PAE-ETC-FLORENCIA-18.jpeg?resize=350%2C200&ssl=1 1x, https:\/\/i0.wp.com\/florencia.edu.co\/portal\/v4\/wp-content\/uploads\/1ra-MESA-PUBLICA-MUNICIPAL-PAE-ETC-FLORENCIA-18.jpeg?resize=525%2C300&ssl=1 1.5x, https:\/\/i0.wp.com\/florencia.edu.co\/portal\/v4\/wp-content\/uploads\/1ra-MESA-PUBLICA-MUNICIPAL-PAE-ETC-FLORENCIA-18.jpeg?resize=700%2C400&ssl=1 2x, https:\/\/i0.wp.com\/florencia.edu.co\/portal\/v4\/wp-content\/uploads\/1ra-MESA-PUBLICA-MUNICIPAL-PAE-ETC-FLORENCIA-18.jpeg?resize=1050%2C600&ssl=1 3x"},"classes":[]},{"id":6184,"url":"https:\/\/florencia.edu.co\/portal\/v4\/ii-mesa-publica-municipal-pae-florencia\/","url_meta":{"origin":1947,"position":1},"title":"II Mesa P\u00fablica Municipal  PAE Florencia","author":"Mabiyiceth","date":"30 noviembre, 2023","format":false,"excerpt":"Con \u00e9xito se llev\u00f3 a cabo informe de ejecuci\u00f3n del Programa de Alimentaci\u00f3n Escolar (PAE) segundo semestre 2023.","rel":"","context":"En \u00abPrograma de Alimentaci\u00f3n Escolar (PAE)\u00bb","block_context":{"text":"Programa de Alimentaci\u00f3n Escolar (PAE)","link":"https:\/\/florencia.edu.co\/portal\/v4\/category\/programa-de-alimentacion-escolar-pae\/"},"img":{"alt_text":"","src":"https:\/\/i0.wp.com\/florencia.edu.co\/portal\/v4\/wp-content\/uploads\/II-Mesa-Publica-Municipal-PAE-7.jpg?resize=350%2C200&ssl=1","width":350,"height":200,"srcset":"https:\/\/i0.wp.com\/florencia.edu.co\/portal\/v4\/wp-content\/uploads\/II-Mesa-Publica-Municipal-PAE-7.jpg?resize=350%2C200&ssl=1 1x, https:\/\/i0.wp.com\/florencia.edu.co\/portal\/v4\/wp-content\/uploads\/II-Mesa-Publica-Municipal-PAE-7.jpg?resize=525%2C300&ssl=1 1.5x, https:\/\/i0.wp.com\/florencia.edu.co\/portal\/v4\/wp-content\/uploads\/II-Mesa-Publica-Municipal-PAE-7.jpg?resize=700%2C400&ssl=1 2x"},"classes":[]},{"id":2838,"url":"https:\/\/florencia.edu.co\/portal\/v4\/ii-mesa-publica-municipal-del-pae\/","url_meta":{"origin":1947,"position":2},"title":"II Mesa P\u00fablica Municipal del PAE","author":"Mabiyiceth","date":"1 diciembre, 2021","format":false,"excerpt":"Conozca la ejecuci\u00f3n del Programa de Alimentaci\u00f3n Escolar, en el segundo semestre del 2021.","rel":"","context":"En \u00abPrograma de Alimentaci\u00f3n Escolar (PAE)\u00bb","block_context":{"text":"Programa de Alimentaci\u00f3n Escolar (PAE)","link":"https:\/\/florencia.edu.co\/portal\/v4\/category\/programa-de-alimentacion-escolar-pae\/"},"img":{"alt_text":"","src":"https:\/\/i0.wp.com\/florencia.edu.co\/portal\/v4\/wp-content\/uploads\/I-Mesa-Publica-PAE-2021-si-1.jpg?fit=1200%2C1200&ssl=1&resize=350%2C200","width":350,"height":200,"srcset":"https:\/\/i0.wp.com\/florencia.edu.co\/portal\/v4\/wp-content\/uploads\/I-Mesa-Publica-PAE-2021-si-1.jpg?fit=1200%2C1200&ssl=1&resize=350%2C200 1x, https:\/\/i0.wp.com\/florencia.edu.co\/portal\/v4\/wp-content\/uploads\/I-Mesa-Publica-PAE-2021-si-1.jpg?fit=1200%2C1200&ssl=1&resize=525%2C300 1.5x, https:\/\/i0.wp.com\/florencia.edu.co\/portal\/v4\/wp-content\/uploads\/I-Mesa-Publica-PAE-2021-si-1.jpg?fit=1200%2C1200&ssl=1&resize=700%2C400 2x, https:\/\/i0.wp.com\/florencia.edu.co\/portal\/v4\/wp-content\/uploads\/I-Mesa-Publica-PAE-2021-si-1.jpg?fit=1200%2C1200&ssl=1&resize=1050%2C600 3x"},"classes":[]},{"id":3547,"url":"https:\/\/florencia.edu.co\/portal\/v4\/se-realizo-la-primera-mesa-municipal-publica-del-programa-de-alimentacion-escolar-pae\/","url_meta":{"origin":1947,"position":3},"title":"Se realiz\u00f3 la primera mesa municipal p\u00fablica del Programa de Alimentaci\u00f3n Escolar. &#8211; PAE","author":"Mabiyiceth","date":"23 marzo, 2022","format":false,"excerpt":"Con la participaci\u00f3n de los CAES, rectores, coordinadores, docentes, \u00f3rganos de control, representantes de la comunidad y la secretaria de Educaci\u00f3n Municipal, supervisora del programa y equipo PAE, se realiz\u00f3 en la presente semana en la instituci\u00f3n educativa, Jorge Eli\u00e9cer Gait\u00e1n- antiguo CASD, la primera mesa p\u00fablica municipal 2022 del\u2026","rel":"","context":"En \u00abPrograma de Alimentaci\u00f3n Escolar (PAE)\u00bb","block_context":{"text":"Programa de Alimentaci\u00f3n Escolar (PAE)","link":"https:\/\/florencia.edu.co\/portal\/v4\/category\/programa-de-alimentacion-escolar-pae\/"},"img":{"alt_text":"","src":"https:\/\/i0.wp.com\/florencia.edu.co\/portal\/v4\/wp-content\/uploads\/I-MESA-PUBLICA-PROGRAMA-DE-ALIMENTAACION-ESCOLAR-PAE-2022-10-1.jpeg?fit=1200%2C900&ssl=1&resize=350%2C200","width":350,"height":200,"srcset":"https:\/\/i0.wp.com\/florencia.edu.co\/portal\/v4\/wp-content\/uploads\/I-MESA-PUBLICA-PROGRAMA-DE-ALIMENTAACION-ESCOLAR-PAE-2022-10-1.jpeg?fit=1200%2C900&ssl=1&resize=350%2C200 1x, https:\/\/i0.wp.com\/florencia.edu.co\/portal\/v4\/wp-content\/uploads\/I-MESA-PUBLICA-PROGRAMA-DE-ALIMENTAACION-ESCOLAR-PAE-2022-10-1.jpeg?fit=1200%2C900&ssl=1&resize=525%2C300 1.5x, https:\/\/i0.wp.com\/florencia.edu.co\/portal\/v4\/wp-content\/uploads\/I-MESA-PUBLICA-PROGRAMA-DE-ALIMENTAACION-ESCOLAR-PAE-2022-10-1.jpeg?fit=1200%2C900&ssl=1&resize=700%2C400 2x, https:\/\/i0.wp.com\/florencia.edu.co\/portal\/v4\/wp-content\/uploads\/I-MESA-PUBLICA-PROGRAMA-DE-ALIMENTAACION-ESCOLAR-PAE-2022-10-1.jpeg?fit=1200%2C900&ssl=1&resize=1050%2C600 3x"},"classes":[]},{"id":6705,"url":"https:\/\/florencia.edu.co\/portal\/v4\/mesa-publica-municipal-del-programa-de-alimentacion-escolar-pae\/","url_meta":{"origin":1947,"position":4},"title":"Mesa P\u00fablica Municipal del Programa de Alimentaci\u00f3n Escolar (PAE)","author":"Miller","date":"14 mayo, 2024","format":false,"excerpt":"El pr\u00f3ximo 28 de mayo, se llevar\u00e1 a cabo la primera Mesa P\u00fablica Municipal del Programa de Alimentaci\u00f3n Escolar (PAE). En este evento, se compartir\u00e1n los avances de manera detallada con la comunidad educativa y en general. Este programa es de vital importancia para el bienestar de nuestros estudiantes, por\u2026","rel":"","context":"En \u00abPrograma de Alimentaci\u00f3n Escolar (PAE)\u00bb","block_context":{"text":"Programa de Alimentaci\u00f3n Escolar (PAE)","link":"https:\/\/florencia.edu.co\/portal\/v4\/category\/programa-de-alimentacion-escolar-pae\/"},"img":{"alt_text":"","src":"https:\/\/i0.wp.com\/florencia.edu.co\/portal\/v4\/wp-content\/uploads\/INVITACION-01.jpg?fit=884%2C1200&ssl=1&resize=350%2C200","width":350,"height":200,"srcset":"https:\/\/i0.wp.com\/florencia.edu.co\/portal\/v4\/wp-content\/uploads\/INVITACION-01.jpg?fit=884%2C1200&ssl=1&resize=350%2C200 1x, https:\/\/i0.wp.com\/florencia.edu.co\/portal\/v4\/wp-content\/uploads\/INVITACION-01.jpg?fit=884%2C1200&ssl=1&resize=525%2C300 1.5x, https:\/\/i0.wp.com\/florencia.edu.co\/portal\/v4\/wp-content\/uploads\/INVITACION-01.jpg?fit=884%2C1200&ssl=1&resize=700%2C400 2x"},"classes":[]},{"id":9626,"url":"https:\/\/florencia.edu.co\/portal\/v4\/participa-en-la-1a-mesa-publica-municipal-pae-2026\/","url_meta":{"origin":1947,"position":5},"title":"Participa en la 1\u00aa Mesa P\u00fablica Municipal PAE 2026","author":"Mabiyiceth","date":"30 marzo, 2026","format":false,"excerpt":"La Secretar\u00eda de Educaci\u00f3n de Florencia, en articulaci\u00f3n con la Alcald\u00eda de Florencia, invita a los diferentes actores del Programa de Alimentaci\u00f3n Escolar (PAE) a participar en la 1\u00aa Mesa P\u00fablica Municipal del PAE 2026. Este espacio de di\u00e1logo, participaci\u00f3n y transparencia tiene como prop\u00f3sito socializar los avances en la\u2026","rel":"","context":"En \u00abPrograma de Alimentaci\u00f3n Escolar (PAE)\u00bb","block_context":{"text":"Programa de Alimentaci\u00f3n Escolar (PAE)","link":"https:\/\/florencia.edu.co\/portal\/v4\/category\/programa-de-alimentacion-escolar-pae\/"},"img":{"alt_text":"","src":"https:\/\/i0.wp.com\/florencia.edu.co\/portal\/v4\/wp-content\/uploads\/160909_participa-en-la-1-mesa-publica-municipal-pae-2026_1024x600.jpeg?fit=1024%2C1114&ssl=1&resize=350%2C200","width":350,"height":200,"srcset":"https:\/\/i0.wp.com\/florencia.edu.co\/portal\/v4\/wp-content\/uploads\/160909_participa-en-la-1-mesa-publica-municipal-pae-2026_1024x600.jpeg?fit=1024%2C1114&ssl=1&resize=350%2C200 1x, https:\/\/i0.wp.com\/florencia.edu.co\/portal\/v4\/wp-content\/uploads\/160909_participa-en-la-1-mesa-publica-municipal-pae-2026_1024x600.jpeg?fit=1024%2C1114&ssl=1&resize=525%2C300 1.5x, https:\/\/i0.wp.com\/florencia.edu.co\/portal\/v4\/wp-content\/uploads\/160909_participa-en-la-1-mesa-publica-municipal-pae-2026_1024x600.jpeg?fit=1024%2C1114&ssl=1&resize=700%2C400 2x"},"classes":[]}],"jetpack_sharing_enabled":true,"_links":{"self":[{"href":"https:\/\/florencia.edu.co\/portal\/v4\/wp-json\/wp\/v2\/posts\/1947","targetHints":{"allow":["GET"]}}],"collection":[{"href":"https:\/\/florencia.edu.co\/portal\/v4\/wp-json\/wp\/v2\/posts"}],"about":[{"href":"https:\/\/florencia.edu.co\/portal\/v4\/wp-json\/wp\/v2\/types\/post"}],"author":[{"embeddable":true,"href":"https:\/\/florencia.edu.co\/portal\/v4\/wp-json\/wp\/v2\/users\/3"}],"replies":[{"embeddable":true,"href":"https:\/\/florencia.edu.co\/portal\/v4\/wp-json\/wp\/v2\/comments?post=1947"}],"version-history":[{"count":3,"href":"https:\/\/florencia.edu.co\/portal\/v4\/wp-json\/wp\/v2\/posts\/1947\/revisions"}],"predecessor-version":[{"id":1954,"href":"https:\/\/florencia.edu.co\/portal\/v4\/wp-json\/wp\/v2\/posts\/1947\/revisions\/1954"}],"wp:featuredmedia":[{"embeddable":true,"href":"https:\/\/florencia.edu.co\/portal\/v4\/wp-json\/wp\/v2\/media\/1957"}],"wp:attachment":[{"href":"https:\/\/florencia.edu.co\/portal\/v4\/wp-json\/wp\/v2\/media?parent=1947"}],"wp:term":[{"taxonomy":"category","embeddable":true,"href":"https:\/\/florencia.edu.co\/portal\/v4\/wp-json\/wp\/v2\/categories?post=1947"},{"taxonomy":"post_tag","embeddable":true,"href":"https:\/\/florencia.edu.co\/portal\/v4\/wp-json\/wp\/v2\/tags?post=1947"}],"curies":[{"name":"wp","href":"https:\/\/api.w.org\/{rel}","templated":true}]}}