{"id":1940,"date":"2021-05-14T05:41:00","date_gmt":"2021-05-14T10:41:00","guid":{"rendered":"https:\/\/florencia.edu.co\/portal\/v4\/?p=1940"},"modified":"2021-06-02T09:52:05","modified_gmt":"2021-06-02T14:52:05","slug":"circular-027-ee-oficiales","status":"publish","type":"post","link":"https:\/\/florencia.edu.co\/portal\/v4\/circular-027-ee-oficiales\/","title":{"rendered":"CIRCULAR 027 EE. OFICIALES"},"content":{"rendered":"\n<p>REQUISITOS PARA OBTENER EL RECONOCIMIENTO OFICIAL Y SUS MODIFICACIONES DE LOS EE. OFICIALES DE LA EDUCACI\u00d3N FORMAL PREESCOLAR, B\u00c1SICA Y MEDIA QUE FUNCIONEN EN EL MUNICIPIO DE FLORENCIA<\/p>\n\n\n\n<div class=\"wp-block-file\"><a href=\"https:\/\/florencia.edu.co\/portal\/v4\/wp-content\/uploads\/CIRCULAR-27-ESTABLECIMIENTOS-OFICIALES.pdf\">CIRCULAR 27 ESTABLECIMIENTOS OFICIALES<\/a><a href=\"https:\/\/florencia.edu.co\/portal\/v4\/wp-content\/uploads\/CIRCULAR-27-ESTABLECIMIENTOS-OFICIALES.pdf\" class=\"wp-block-file__button\" download>Descargar<\/a><\/div>\n","protected":false},"excerpt":{"rendered":"<p>REQUISITOS PARA OBTENER EL RECONOCIMIENTO OFICIAL Y SUS MODIFICACIONES DE LOS EE. OFICIALES DE LA EDUCACI\u00d3N FORMAL PREESCOLAR, B\u00c1SICA Y MEDIA QUE FUNCIONEN EN EL MUNICIPIO DE FLORENCIA<\/p>\n","protected":false},"author":10,"featured_media":0,"comment_status":"closed","ping_status":"closed","sticky":false,"template":"","format":"standard","meta":{"advanced_seo_description":"","jetpack_seo_html_title":"","jetpack_seo_noindex":false,"_vp_format_video_url":"","_vp_image_focal_point":[],"_jetpack_memberships_contains_paid_content":false,"footnotes":""},"categories":[6],"tags":[],"class_list":["post-1940","post","type-post","status-publish","format-standard","hentry","category-circulares"],"jetpack_featured_media_url":"","jetpack-related-posts":[{"id":1868,"url":"https:\/\/florencia.edu.co\/portal\/v4\/circular-024-ee-no-oficiales\/","url_meta":{"origin":1940,"position":0},"title":"CIRCULAR 024 EE. NO OFICIALES","author":"Miller","date":"12 mayo, 2021","format":false,"excerpt":"ORIENTACIONES PARA EL FUNCIONAMIENTO INTEGRAL DEL SERVICIO EDUCATIVO VIGENCIA 2021 Circular 024Descargar","rel":"","context":"En \u00abCirculares\u00bb","block_context":{"text":"Circulares","link":"https:\/\/florencia.edu.co\/portal\/v4\/category\/circulares\/"},"img":{"alt_text":"","src":"","width":0,"height":0},"classes":[]},{"id":7190,"url":"https:\/\/florencia.edu.co\/portal\/v4\/circular-20240082\/","url_meta":{"origin":1940,"position":1},"title":"Circular 20240082","author":"Miller","date":"28 octubre, 2024","format":false,"excerpt":"El cual refiere a las directrices para el proceso de autoevaluaci\u00f3n, clasificaci\u00f3n y fijaci\u00f3n de las\u00a0tarifas de matr\u00edcula, pensiones y cobros peri\u00f3dicos para el a\u00f1o acad\u00e9mico 2025, de los Establecimientos Educativos no oficiales que ofrecen educaci\u00f3n formal regular y\/o de adultos del municipio. DIRECTRICES PARA EL PROCESO DE FIJACION TARIFAS\u2026","rel":"","context":"En \u00abInspecci\u00f3n y Vigilancia\u00bb","block_context":{"text":"Inspecci\u00f3n y Vigilancia","link":"https:\/\/florencia.edu.co\/portal\/v4\/category\/inspeccion-y-vigilancia\/"},"img":{"alt_text":"","src":"","width":0,"height":0},"classes":[]},{"id":3641,"url":"https:\/\/florencia.edu.co\/portal\/v4\/circular-0018-del-22-04-2022-de-orientaciones-vigencia-2022-establecimientos-educativos-no-oficiales\/","url_meta":{"origin":1940,"position":2},"title":"Circular 0018 del 22\/04\/2022 de orientaciones vigencia 2022 Establecimientos Educativos No Oficiales","author":"Miller","date":"22 junio, 2022","format":false,"excerpt":"2022_0018Descargar","rel":"","context":"En \u00abInspecci\u00f3n y Vigilancia\u00bb","block_context":{"text":"Inspecci\u00f3n y Vigilancia","link":"https:\/\/florencia.edu.co\/portal\/v4\/category\/inspeccion-y-vigilancia\/"},"img":{"alt_text":"","src":"","width":0,"height":0},"classes":[]},{"id":193,"url":"https:\/\/florencia.edu.co\/portal\/v4\/macroproceso-d-gestion-de-la-calidad-del-servicio-educativo\/","url_meta":{"origin":1940,"position":3},"title":"Macroproceso D: Gesti\u00f3n de la calidad del proceso educativo","author":"wpmanager","date":"7 marzo, 2020","format":false,"excerpt":"Objetivo: Garantizar la inclusi\u00f3n de los est\u00e1ndares b\u00e1sicos de competencias en los Establecimientos Educativos mediante la difusi\u00f3n, seguimiento y evaluaci\u00f3n de la gesti\u00f3n educativa en sus componentes administrativos, recursos humanos, acad\u00e9mico, convivencia y comunidad que permita, que los resultados de estas evaluaciones sean insumo para el mejoramiento continuo de los\u2026","rel":"","context":"En \u00abInformaci\u00f3n General\u00bb","block_context":{"text":"Informaci\u00f3n General","link":"https:\/\/florencia.edu.co\/portal\/v4\/category\/informacion-general\/"},"img":{"alt_text":"","src":"https:\/\/i0.wp.com\/florencia.edu.co\/portal\/v4\/wp-content\/uploads\/2020\/03\/macroprocesod.jpg?fit=1200%2C300&ssl=1&resize=350%2C200","width":350,"height":200,"srcset":"https:\/\/i0.wp.com\/florencia.edu.co\/portal\/v4\/wp-content\/uploads\/2020\/03\/macroprocesod.jpg?fit=1200%2C300&ssl=1&resize=350%2C200 1x, https:\/\/i0.wp.com\/florencia.edu.co\/portal\/v4\/wp-content\/uploads\/2020\/03\/macroprocesod.jpg?fit=1200%2C300&ssl=1&resize=525%2C300 1.5x, https:\/\/i0.wp.com\/florencia.edu.co\/portal\/v4\/wp-content\/uploads\/2020\/03\/macroprocesod.jpg?fit=1200%2C300&ssl=1&resize=700%2C400 2x, https:\/\/i0.wp.com\/florencia.edu.co\/portal\/v4\/wp-content\/uploads\/2020\/03\/macroprocesod.jpg?fit=1200%2C300&ssl=1&resize=1050%2C600 3x"},"classes":[]},{"id":6713,"url":"https:\/\/florencia.edu.co\/portal\/v4\/convocatoria-para-ascensos-y-reubicaciones-salariales-docentes-del-decreto-ley-1278-de-2002-inscritos-en-carrera-2024\/","url_meta":{"origin":1940,"position":4},"title":"CONVOCATORIA PARA ASCENSOS Y REUBICACIONES SALARIALES DOCENTES DEL DECRETO LEY 1278 DE 2002 INSCRITOS EN CARRERA-2024.","author":"Miller","date":"20 mayo, 2024","format":false,"excerpt":"CONVOCA AL PROCESO DE EVALUACI\u00d3N PARA EL ASCENSO DE GRADO O LA REUBICACI\u00d3N DE NIVEL SALARIAL DE LOS EDUCADORES OFICIALES DEL MUNICIPIO DE FLORENCIA REGIDOS POR EL DECRETO LEY 1278 DE 2002. Link: https:\/\/florencia.edu.co\/portal\/v4\/convoca-al-proceso-de-evaluacion-para-el-ascenso-de-grado-o-la-reubicacion-de-nivel-salarial-de-los-educadores-oficiales-del-municipio-de-florencia-regidos-por-el-decreto-ley-1278-de-2002\/ Resoluci\u00f3n No.00172 del 5 de marzo de 2024 \" Por la cual se modifica el art\u00edculo\u2026","rel":"","context":"En \u00abAdministrativa\u00bb","block_context":{"text":"Administrativa","link":"https:\/\/florencia.edu.co\/portal\/v4\/category\/administrativa\/"},"img":{"alt_text":"","src":"","width":0,"height":0},"classes":[]},{"id":6173,"url":"https:\/\/florencia.edu.co\/portal\/v4\/circular-comfaca\/","url_meta":{"origin":1940,"position":5},"title":"CIRCULAR  COMFACA.","author":"Miller","date":"24 noviembre, 2023","format":false,"excerpt":"Circular-comfacaDescargar","rel":"","context":"En \u00abCirculares\u00bb","block_context":{"text":"Circulares","link":"https:\/\/florencia.edu.co\/portal\/v4\/category\/administrativa\/circulares-administrativa\/"},"img":{"alt_text":"","src":"","width":0,"height":0},"classes":[]}],"jetpack_sharing_enabled":true,"_links":{"self":[{"href":"https:\/\/florencia.edu.co\/portal\/v4\/wp-json\/wp\/v2\/posts\/1940","targetHints":{"allow":["GET"]}}],"collection":[{"href":"https:\/\/florencia.edu.co\/portal\/v4\/wp-json\/wp\/v2\/posts"}],"about":[{"href":"https:\/\/florencia.edu.co\/portal\/v4\/wp-json\/wp\/v2\/types\/post"}],"author":[{"embeddable":true,"href":"https:\/\/florencia.edu.co\/portal\/v4\/wp-json\/wp\/v2\/users\/10"}],"replies":[{"embeddable":true,"href":"https:\/\/florencia.edu.co\/portal\/v4\/wp-json\/wp\/v2\/comments?post=1940"}],"version-history":[{"count":1,"href":"https:\/\/florencia.edu.co\/portal\/v4\/wp-json\/wp\/v2\/posts\/1940\/revisions"}],"predecessor-version":[{"id":1942,"href":"https:\/\/florencia.edu.co\/portal\/v4\/wp-json\/wp\/v2\/posts\/1940\/revisions\/1942"}],"wp:attachment":[{"href":"https:\/\/florencia.edu.co\/portal\/v4\/wp-json\/wp\/v2\/media?parent=1940"}],"wp:term":[{"taxonomy":"category","embeddable":true,"href":"https:\/\/florencia.edu.co\/portal\/v4\/wp-json\/wp\/v2\/categories?post=1940"},{"taxonomy":"post_tag","embeddable":true,"href":"https:\/\/florencia.edu.co\/portal\/v4\/wp-json\/wp\/v2\/tags?post=1940"}],"curies":[{"name":"wp","href":"https:\/\/api.w.org\/{rel}","templated":true}]}}