{"id":1793,"date":"2021-05-20T10:42:00","date_gmt":"2021-05-20T15:42:00","guid":{"rendered":"https:\/\/florencia.edu.co\/portal\/v4\/?p=1793"},"modified":"2021-05-24T08:53:50","modified_gmt":"2021-05-24T13:53:50","slug":"ruta-stem","status":"publish","type":"post","link":"https:\/\/florencia.edu.co\/portal\/v4\/ruta-stem\/","title":{"rendered":"Ruta STEM"},"content":{"rendered":"\n<p class=\"has-text-align-justify\">La convocatoria \u201cRuta STEM\u201d, esta dirigido a docentes elegibles del sector oficial, en los niveles de educaci\u00f3n b\u00e1sica (Primaria y Secundaria) y educaci\u00f3n media, ubicados en Establecimientos Educativos de zonas rurales y urbanas.<\/p>\n\n\n\n<p class=\"has-text-align-justify\">Dicha convocatoria permite formarse en el enfoque educativo STEM (Ciencia, Tecnolog\u00eda, Ingenier\u00eda y matem\u00e1ticas, por sus siglas en ingl\u00e9s), en procura de contribuir al desarrollo de habilidades del siglo XXI, tales como el pensamiento cr\u00edtico y computacional, la creatividad y la resoluci\u00f3n de problemas a trav\u00e9s del uso y apropiaci\u00f3n de la ciencia y la tecnolog\u00eda.<\/p>\n\n\n\n<p class=\"has-text-align-justify\">Para ello deber\u00e1n inscribirse hasta el 10 de junio de 2021, ingresando a la p\u00e1gina oficial del ministerio y realizar su respectivo registro y diligenciamiento del acta de compromiso docente:<\/p>\n\n\n\n<p><a href=\"https:\/\/talentodigital.mintic.gov.co\/734\/w3-article-175688.html\">https:\/\/talentodigital.mintic.gov.co\/734\/w3-article-175688.html<\/a><\/p>\n\n\n\n<p>Requisitos para participar:<\/p>\n\n\n\n<p>Ser docente o directivo docente nombrado con tipo de vinculaci\u00f3n en propiedad, en periodo de prueba o provisional, de un establecimiento educativo.<br>No estar postulado en el programa de formaci\u00f3n docentes \u201cProgramaci\u00f3n para ni\u00f1os y ni\u00f1as\u201d a realizarse durante el 2021.<br>El periodo de provisionalidad de los docentes seleccionados en esta modalidad debe ser superior al tiempo que dura el proceso de formaci\u00f3n (diciembre de 2021).<br>Los docentes deber\u00e1n disponer de computador port\u00e1til con puerto USB, tableta o celular con conexi\u00f3n a internet para desarrollar los cursos y descargar el material.<\/p>\n","protected":false},"excerpt":{"rendered":"<p>La convocatoria \u201cRuta STEM\u201d, esta dirigido a docentes elegibles del sector oficial, en los niveles de educaci\u00f3n b\u00e1sica (Primaria y Secundaria) y educaci\u00f3n media, ubicados en Establecimientos Educativos de zonas rurales y urbanas. Dicha convocatoria permite formarse en el enfoque educativo STEM (Ciencia, Tecnolog\u00eda, Ingenier\u00eda y matem\u00e1ticas, por sus siglas en ingl\u00e9s), en procura de [&hellip;]<\/p>\n","protected":false},"author":10,"featured_media":0,"comment_status":"closed","ping_status":"closed","sticky":false,"template":"","format":"standard","meta":{"advanced_seo_description":"","jetpack_seo_html_title":"","jetpack_seo_noindex":false,"_vp_format_video_url":"","_vp_image_focal_point":[],"_jetpack_memberships_contains_paid_content":false,"footnotes":""},"categories":[1],"tags":[],"class_list":["post-1793","post","type-post","status-publish","format-standard","hentry","category-sin-categoria"],"jetpack_featured_media_url":"","jetpack-related-posts":[{"id":5625,"url":"https:\/\/florencia.edu.co\/portal\/v4\/convocatoria-no-09-docentes-con-derechos-de-carrera-adscritos-a-los-establecimientos-educativos-oficiales-del-municipio-de-florencia\/","url_meta":{"origin":1793,"position":0},"title":"CONVOCATORIA No. 09                           DOCENTES CON DERECHOS DE CARRERA ADSCRITOS A LOS ESTABLECIMIENTOS EDUCATIVOS OFICIALES DEL MUNICIPIO DE FLORENCIA.","author":"Miller","date":"5 octubre, 2023","format":false,"excerpt":"ASUNTO: ENCARGO EN VACANCIA DEFINITIVA DE DIRECTIVO DOCENTE EN UNA INSTITUCI\u00d3N EDUCATIVA DEL MUNICIPIO DE FLORENCIA. CONVOCATORIA-No.-09-DD-COORDINADOR-2023Descargar","rel":"","context":"En \u00abConvocatorias\u00bb","block_context":{"text":"Convocatorias","link":"https:\/\/florencia.edu.co\/portal\/v4\/category\/convocatorias\/"},"img":{"alt_text":"","src":"","width":0,"height":0},"classes":[]},{"id":6963,"url":"https:\/\/florencia.edu.co\/portal\/v4\/convocatoria-6-para-directivos-docentes-coordinadores-con-derechos-de-carrera-adscritos-a-los-establecimientos-educativos-oficiales-del-municipio-de-florencia\/","url_meta":{"origin":1793,"position":1},"title":"CONVOCATORIA # 6 PARA DIRECTIVOS DOCENTES &#8211; COORDINADORES CON DERECHOS DE CARRERA ADSCRITOS A LOS ESTABLECIMIENTOS EDUCATIVOS OFICIALES DEL MUNICIPIO DE FLORENCIA.","author":"Miller","date":"28 agosto, 2024","format":false,"excerpt":"ACTA DE CIERRE CONVOCATORIA No 6 (1)Descargar convocatoria 06 DD RECTORDescargar","rel":"","context":"En \u00abConvocatorias\u00bb","block_context":{"text":"Convocatorias","link":"https:\/\/florencia.edu.co\/portal\/v4\/category\/convocatorias\/"},"img":{"alt_text":"","src":"","width":0,"height":0},"classes":[]},{"id":8553,"url":"https:\/\/florencia.edu.co\/portal\/v4\/la-secretaria-de-educacion-realizo-acompanamiento-a-cada-una-de-las-instituciones-educativas-que-realizaron-el-foro-educativo-institucional-l\/","url_meta":{"origin":1793,"position":2},"title":"La Secretar\u00eda de Educaci\u00f3n realiz\u00f3 acompa\u00f1amiento a cada una de las Instituciones Educativas que realizaron el FORO EDUCATIVO INSTITUCIONAL.                                                     \u00a1La educaci\u00f3n la construimos entre todos!","author":"SANDRA MILENA SALAZAR RAM\u00d3N","date":"8 julio, 2025","format":false,"excerpt":"Aportando ideas para el Plan Nacional Decenal de Educaci\u00f3n 2026-2035 La Secretar\u00eda de Educaci\u00f3n, en el marco del Plan Nacional Decenal de Educaci\u00f3n, lider\u00f3 convocatoria, para la realizaci\u00f3n del FORO EDUCATIVO INSTITUCIONAL en cada uno de los establecimientos educativos oficiales de Florencia, con el prop\u00f3sito de contribuir a la construcci\u00f3n\u2026","rel":"","context":"En \u00abCalidad Educativa\u00bb","block_context":{"text":"Calidad Educativa","link":"https:\/\/florencia.edu.co\/portal\/v4\/category\/calidad-educativa\/"},"img":{"alt_text":"","src":"https:\/\/i0.wp.com\/florencia.edu.co\/portal\/v4\/wp-content\/uploads\/100.jpeg?fit=900%2C1200&ssl=1&resize=350%2C200","width":350,"height":200,"srcset":"https:\/\/i0.wp.com\/florencia.edu.co\/portal\/v4\/wp-content\/uploads\/100.jpeg?fit=900%2C1200&ssl=1&resize=350%2C200 1x, https:\/\/i0.wp.com\/florencia.edu.co\/portal\/v4\/wp-content\/uploads\/100.jpeg?fit=900%2C1200&ssl=1&resize=525%2C300 1.5x, https:\/\/i0.wp.com\/florencia.edu.co\/portal\/v4\/wp-content\/uploads\/100.jpeg?fit=900%2C1200&ssl=1&resize=700%2C400 2x"},"classes":[]},{"id":2007,"url":"https:\/\/florencia.edu.co\/portal\/v4\/oferta-min-tic-programacion-para-ninos-y-ninas-segunda-fase-2021\/","url_meta":{"origin":1793,"position":3},"title":"Oferta Min Tic Programaci\u00f3n para ni\u00f1os y ni\u00f1as segunda fase 2021.","author":"Miller","date":"24 junio, 2021","format":false,"excerpt":"\u201cProgramaci\u00f3n para ni\u00f1os y ni\u00f1as\u201d, en su segunda fase 2021, en alianza con el British Council (Entidad P\u00fablica del Reino Unido), busca que los docentes de las instituciones educativas del sector oficial rurales y urbanas, se capaciten en pensamiento computacional a trav\u00e9s del uso e implementaci\u00f3n de una micro:bit, un\u2026","rel":"","context":"En \u00abCalidad Educativa\u00bb","block_context":{"text":"Calidad Educativa","link":"https:\/\/florencia.edu.co\/portal\/v4\/category\/calidad-educativa\/"},"img":{"alt_text":"","src":"https:\/\/i0.wp.com\/florencia.edu.co\/portal\/v4\/wp-content\/uploads\/Sin-titulo.png?fit=252%2C326&ssl=1&resize=350%2C200","width":350,"height":200},"classes":[]},{"id":2157,"url":"https:\/\/florencia.edu.co\/portal\/v4\/convocatoria042021-03\/","url_meta":{"origin":1793,"position":4},"title":"Convocatoria No. 04","author":"Miller","date":"3 agosto, 2021","format":false,"excerpt":"DIRECTIVO DOCENTE \u2013 COORDINADOR FECHA: 02 DE AGOSTO DE 2021 PARA: DOCENTES CON DERECHOS DE CARRERA ADSCRITOS A LOSESTABLECIMIENTOS EDUCATIVOS OFICIALES DEL MUNICIPIODE FLORENCIA. ASUNTO: ENCARGO DEFINITIVO DE EMPLEO DIRECTIVO DOCENTE DE UNA INSTITUCION EDUCATIVA DEL MUNICIPIO DE FLORENCIA CONVOCATORIA No. 04 DIRECTIVODOCENTE-COORDINADOR 2021Descargar Acta de Cierre de la Convocatoria\u2026","rel":"","context":"En \u00abConvocatorias\u00bb","block_context":{"text":"Convocatorias","link":"https:\/\/florencia.edu.co\/portal\/v4\/category\/convocatorias\/"},"img":{"alt_text":"","src":"","width":0,"height":0},"classes":[]},{"id":5839,"url":"https:\/\/florencia.edu.co\/portal\/v4\/convocatoria-no-11-directivo-docente-rector\/","url_meta":{"origin":1793,"position":5},"title":"CONVOCATORIA No. 11                             DIRECTIVO DOCENTE \u2013 RECTOR","author":"Miller","date":"23 octubre, 2023","format":false,"excerpt":"DIRECTORES RURALES CON DERECHOS DE CARRERA ADSCRITOSA LOS ESTABLECIMIENTOS EDUCATIVOS OFICIALES DELMUNICIPIO DE FLORENCIA. CONVOCATORIA-No.-11-DD-RECTOR-2023Descargar","rel":"","context":"En \u00abConvocatorias\u00bb","block_context":{"text":"Convocatorias","link":"https:\/\/florencia.edu.co\/portal\/v4\/category\/convocatorias\/"},"img":{"alt_text":"","src":"","width":0,"height":0},"classes":[]}],"jetpack_sharing_enabled":true,"_links":{"self":[{"href":"https:\/\/florencia.edu.co\/portal\/v4\/wp-json\/wp\/v2\/posts\/1793","targetHints":{"allow":["GET"]}}],"collection":[{"href":"https:\/\/florencia.edu.co\/portal\/v4\/wp-json\/wp\/v2\/posts"}],"about":[{"href":"https:\/\/florencia.edu.co\/portal\/v4\/wp-json\/wp\/v2\/types\/post"}],"author":[{"embeddable":true,"href":"https:\/\/florencia.edu.co\/portal\/v4\/wp-json\/wp\/v2\/users\/10"}],"replies":[{"embeddable":true,"href":"https:\/\/florencia.edu.co\/portal\/v4\/wp-json\/wp\/v2\/comments?post=1793"}],"version-history":[{"count":1,"href":"https:\/\/florencia.edu.co\/portal\/v4\/wp-json\/wp\/v2\/posts\/1793\/revisions"}],"predecessor-version":[{"id":1794,"href":"https:\/\/florencia.edu.co\/portal\/v4\/wp-json\/wp\/v2\/posts\/1793\/revisions\/1794"}],"wp:attachment":[{"href":"https:\/\/florencia.edu.co\/portal\/v4\/wp-json\/wp\/v2\/media?parent=1793"}],"wp:term":[{"taxonomy":"category","embeddable":true,"href":"https:\/\/florencia.edu.co\/portal\/v4\/wp-json\/wp\/v2\/categories?post=1793"},{"taxonomy":"post_tag","embeddable":true,"href":"https:\/\/florencia.edu.co\/portal\/v4\/wp-json\/wp\/v2\/tags?post=1793"}],"curies":[{"name":"wp","href":"https:\/\/api.w.org\/{rel}","templated":true}]}}