{"id":1790,"date":"2021-05-20T08:35:00","date_gmt":"2021-05-20T13:35:00","guid":{"rendered":"https:\/\/florencia.edu.co\/portal\/v4\/?p=1790"},"modified":"2021-05-24T08:48:54","modified_gmt":"2021-05-24T13:48:54","slug":"maestros-como-tu","status":"publish","type":"post","link":"https:\/\/florencia.edu.co\/portal\/v4\/maestros-como-tu\/","title":{"rendered":"Maestros como T\u00fa"},"content":{"rendered":"\n<p class=\"has-text-align-justify\">Mensaje de la ministra<br>\u00ab\u00a1Hoy es un d\u00eda para celebrar! A #MaestrosComoT\u00fa, les rendimos un homenaje, los exaltamos y agradecemos, porque sus ense\u00f1anzas llegan a la mente y los corazones de los ni\u00f1os, ni\u00f1as y j\u00f3venes de todos los rincones del pa\u00eds, que buscan cumplir sus sue\u00f1os\u00bb.<\/p>\n\n\n\n<p>Mar\u00eda Victoria Angulo.<br>Ministra de Educaci\u00f3n Nacional.<\/p>\n","protected":false},"excerpt":{"rendered":"<p>Mensaje de la ministra\u00ab\u00a1Hoy es un d\u00eda para celebrar! A #MaestrosComoT\u00fa, les rendimos un homenaje, los exaltamos y agradecemos, porque sus ense\u00f1anzas llegan a la mente y los corazones de los ni\u00f1os, ni\u00f1as y j\u00f3venes de todos los rincones del pa\u00eds, que buscan cumplir sus sue\u00f1os\u00bb. Mar\u00eda Victoria Angulo.Ministra de Educaci\u00f3n Nacional.<\/p>\n","protected":false},"author":10,"featured_media":1791,"comment_status":"closed","ping_status":"closed","sticky":false,"template":"","format":"standard","meta":{"advanced_seo_description":"","jetpack_seo_html_title":"","jetpack_seo_noindex":false,"_vp_format_video_url":"","_vp_image_focal_point":[],"_jetpack_memberships_contains_paid_content":false,"footnotes":""},"categories":[38],"tags":[],"class_list":["post-1790","post","type-post","status-publish","format-standard","has-post-thumbnail","hentry","category-noticia"],"jetpack_featured_media_url":"https:\/\/i0.wp.com\/florencia.edu.co\/portal\/v4\/wp-content\/uploads\/propertyvalues-67801_encabezado.jpg?fit=2376%2C911&ssl=1","jetpack-related-posts":[{"id":7054,"url":"https:\/\/florencia.edu.co\/portal\/v4\/ninas-y-ninos-por-primera-vez-a-estudiar-inscripciones-abiertas-estudiantes-nuevos-para-la-primera-infancia-cupos-vigencia-2025\/","url_meta":{"origin":1790,"position":0},"title":"\u00a1Ni\u00f1as y Ni\u00f1os por primera vez a estudiar! Inscripciones abiertas,  estudiantes nuevos para la primera infancia. Cupos vigencia 2025","author":"SANDRA MILENA SALAZAR RAM\u00d3N","date":"20 septiembre, 2024","format":false,"excerpt":"Cupos disponibles para los grados de Pre Jard\u00edn, Jard\u00edn y Transici\u00f3n, cierre de inscripciones hasta el 31 de octubre, a\u00f1o 2024 Asegura el cupo a\u00f1o 2025 en la Instituci\u00f3n Educativa m\u00e1s cercana. La Secretar\u00eda de Educaci\u00f3n de Florencia, abre las inscripciones para ni\u00f1as y ni\u00f1os que nunca han estado en\u2026","rel":"","context":"En \u00abSin categor\u00eda\u00bb","block_context":{"text":"Sin categor\u00eda","link":"https:\/\/florencia.edu.co\/portal\/v4\/category\/sin-categoria\/"},"img":{"alt_text":"","src":"https:\/\/i0.wp.com\/florencia.edu.co\/portal\/v4\/wp-content\/uploads\/IE8-3.jpeg?resize=350%2C200&ssl=1","width":350,"height":200,"srcset":"https:\/\/i0.wp.com\/florencia.edu.co\/portal\/v4\/wp-content\/uploads\/IE8-3.jpeg?resize=350%2C200&ssl=1 1x, https:\/\/i0.wp.com\/florencia.edu.co\/portal\/v4\/wp-content\/uploads\/IE8-3.jpeg?resize=525%2C300&ssl=1 1.5x, https:\/\/i0.wp.com\/florencia.edu.co\/portal\/v4\/wp-content\/uploads\/IE8-3.jpeg?resize=700%2C400&ssl=1 2x, https:\/\/i0.wp.com\/florencia.edu.co\/portal\/v4\/wp-content\/uploads\/IE8-3.jpeg?resize=1050%2C600&ssl=1 3x"},"classes":[]},{"id":2007,"url":"https:\/\/florencia.edu.co\/portal\/v4\/oferta-min-tic-programacion-para-ninos-y-ninas-segunda-fase-2021\/","url_meta":{"origin":1790,"position":1},"title":"Oferta Min Tic Programaci\u00f3n para ni\u00f1os y ni\u00f1as segunda fase 2021.","author":"Miller","date":"24 junio, 2021","format":false,"excerpt":"\u201cProgramaci\u00f3n para ni\u00f1os y ni\u00f1as\u201d, en su segunda fase 2021, en alianza con el British Council (Entidad P\u00fablica del Reino Unido), busca que los docentes de las instituciones educativas del sector oficial rurales y urbanas, se capaciten en pensamiento computacional a trav\u00e9s del uso e implementaci\u00f3n de una micro:bit, un\u2026","rel":"","context":"En \u00abCalidad Educativa\u00bb","block_context":{"text":"Calidad Educativa","link":"https:\/\/florencia.edu.co\/portal\/v4\/category\/calidad-educativa\/"},"img":{"alt_text":"","src":"https:\/\/i0.wp.com\/florencia.edu.co\/portal\/v4\/wp-content\/uploads\/Sin-titulo.png?fit=252%2C326&ssl=1&resize=350%2C200","width":350,"height":200},"classes":[]},{"id":2086,"url":"https:\/\/florencia.edu.co\/portal\/v4\/oferta-mintic-programacion-para-ninas-y-ninos-2da-temporada\/","url_meta":{"origin":1790,"position":2},"title":"Oferta MinTic &#8211; Programaci\u00f3n para ni\u00f1as y ni\u00f1os 2da temporada","author":"Miller","date":"13 julio, 2021","format":false,"excerpt":"teniendo en cuenta que inicio la segunda temporada de \u201cProgramaci\u00f3n para ni\u00f1as y ni\u00f1os\u201d, una estrategia que lidera el MinisterioTic, el MinEducaci\u00f3n y el British Council, se desea formar a 5.600 docentes de instituciones educativas oficiales, quienes junto con los 5.674 que actualmente se encuentran en formaci\u00f3n, podr\u00e1n desarrollar competencias\u2026","rel":"","context":"En \u00abConvocatorias\u00bb","block_context":{"text":"Convocatorias","link":"https:\/\/florencia.edu.co\/portal\/v4\/category\/convocatorias\/"},"img":{"alt_text":"","src":"","width":0,"height":0},"classes":[]},{"id":8773,"url":"https:\/\/florencia.edu.co\/portal\/v4\/con-la-estrategia-grandes-vecinos-continuamos-alegrando-el-corazon-de-los-ninos-ninas-y-adolescentes-de-la-comunidad-de-los-barrios-yapura-sur-y-timy\/","url_meta":{"origin":1790,"position":3},"title":"Con la estrategia \u00abGrandes Vecinos\u00bb continuamos    alegrando el coraz\u00f3n de los ni\u00f1os, ni\u00f1as y adolescentes de la comunidad de los barrios Yapur\u00e1 Sur y Timy.","author":"SANDRA MILENA SALAZAR RAM\u00d3N","date":"23 septiembre, 2025","format":false,"excerpt":"Con \"Grandes Vecinos\" hicimos presencia en los Barrios Yapur\u00e1 Sur y el Timy.","rel":"","context":"En \u00abEventos\u00bb","block_context":{"text":"Eventos","link":"https:\/\/florencia.edu.co\/portal\/v4\/category\/eventos\/"},"img":{"alt_text":"","src":"https:\/\/i0.wp.com\/florencia.edu.co\/portal\/v4\/wp-content\/uploads\/secretario-timy.jpeg?fit=1174%2C1200&ssl=1&resize=350%2C200","width":350,"height":200,"srcset":"https:\/\/i0.wp.com\/florencia.edu.co\/portal\/v4\/wp-content\/uploads\/secretario-timy.jpeg?fit=1174%2C1200&ssl=1&resize=350%2C200 1x, https:\/\/i0.wp.com\/florencia.edu.co\/portal\/v4\/wp-content\/uploads\/secretario-timy.jpeg?fit=1174%2C1200&ssl=1&resize=525%2C300 1.5x, https:\/\/i0.wp.com\/florencia.edu.co\/portal\/v4\/wp-content\/uploads\/secretario-timy.jpeg?fit=1174%2C1200&ssl=1&resize=700%2C400 2x, https:\/\/i0.wp.com\/florencia.edu.co\/portal\/v4\/wp-content\/uploads\/secretario-timy.jpeg?fit=1174%2C1200&ssl=1&resize=1050%2C600 3x"},"classes":[]},{"id":7022,"url":"https:\/\/florencia.edu.co\/portal\/v4\/la-secretaria-de-educacion-municipal-en-articulacion-con-la-organizacion-welbin-y-la-fundacion-bolivar-davivienda-continua-fortaleciendo-la-educacion-de-los-ninos-ninas-adolescentes-y-jovenes-de-l\/","url_meta":{"origin":1790,"position":4},"title":"La Secretar\u00eda de Educaci\u00f3n Municipal, en articulaci\u00f3n con la organizaci\u00f3n Welbin y La Fundaci\u00f3n Bol\u00edvar Davivienda, contin\u00faa fortaleciendo la educaci\u00f3n de los ni\u00f1os, ni\u00f1as, adolescentes y j\u00f3venes de las Instituciones Educativas de Florencia, con el\u00a0\u00a0 proyecto CON-SENTIDO, educaci\u00f3n para la sexualidad.","author":"SANDRA MILENA SALAZAR RAM\u00d3N","date":"9 septiembre, 2024","format":false,"excerpt":"M\u00e1s de 2.400 j\u00f3venes de Florencia reciben educaci\u00f3n sexual integral en un ambiente de confianza y autocuidado En total fueron 100 maestras y maestros activos y en etapa de formaci\u00f3n, quienes se graduaron con este proyecto clave en la educaci\u00f3n para la sexualidad de los ni\u00f1os, ni\u00f1as, adolescentes y j\u00f3venes\u2026","rel":"","context":"En \u00abEventos\u00bb","block_context":{"text":"Eventos","link":"https:\/\/florencia.edu.co\/portal\/v4\/category\/eventos\/"},"img":{"alt_text":"","src":"https:\/\/i0.wp.com\/florencia.edu.co\/portal\/v4\/wp-content\/uploads\/7-4-scaled.jpeg?fit=1200%2C845&ssl=1&resize=350%2C200","width":350,"height":200,"srcset":"https:\/\/i0.wp.com\/florencia.edu.co\/portal\/v4\/wp-content\/uploads\/7-4-scaled.jpeg?fit=1200%2C845&ssl=1&resize=350%2C200 1x, https:\/\/i0.wp.com\/florencia.edu.co\/portal\/v4\/wp-content\/uploads\/7-4-scaled.jpeg?fit=1200%2C845&ssl=1&resize=525%2C300 1.5x, https:\/\/i0.wp.com\/florencia.edu.co\/portal\/v4\/wp-content\/uploads\/7-4-scaled.jpeg?fit=1200%2C845&ssl=1&resize=700%2C400 2x, https:\/\/i0.wp.com\/florencia.edu.co\/portal\/v4\/wp-content\/uploads\/7-4-scaled.jpeg?fit=1200%2C845&ssl=1&resize=1050%2C600 3x"},"classes":[]},{"id":6859,"url":"https:\/\/florencia.edu.co\/portal\/v4\/secretaria-de-educacion-realizo-acompanamiento-en-la-institucion-educativa-la-esperanza-en-la-entrega-y-apertura-del-espacio-deportivo-para-los-ninos-de-primera-infancia\/","url_meta":{"origin":1790,"position":5},"title":"Secretar\u00eda de Educaci\u00f3n realiz\u00f3 acompa\u00f1amiento en La Instituci\u00f3n Educativa La Esperanza, en la entrega y apertura del espacio deportivo para los ni\u00f1os de Primera Infancia.","author":"Miller","date":"24 julio, 2024","format":false,"excerpt":"\u201cEsperanza Kids\u201d es el proyecto deportivo que hoy abraza a los ni\u00f1os de la Instituci\u00f3n Educativa la Esperanza. Un espacio que fortalecer\u00e1 las din\u00e1micas deportivas para los peque\u00f1os, esta iniciativa fue construida en un esfuerzo desde la comunidad educativa y padres de familia, para hacer realidad este sue\u00f1o de construir\u2026","rel":"","context":"En \u00abComunicados\u00bb","block_context":{"text":"Comunicados","link":"https:\/\/florencia.edu.co\/portal\/v4\/category\/comunicados\/"},"img":{"alt_text":"","src":"https:\/\/i0.wp.com\/florencia.edu.co\/portal\/v4\/wp-content\/uploads\/13.jpeg?resize=350%2C200&ssl=1","width":350,"height":200,"srcset":"https:\/\/i0.wp.com\/florencia.edu.co\/portal\/v4\/wp-content\/uploads\/13.jpeg?resize=350%2C200&ssl=1 1x, https:\/\/i0.wp.com\/florencia.edu.co\/portal\/v4\/wp-content\/uploads\/13.jpeg?resize=525%2C300&ssl=1 1.5x, https:\/\/i0.wp.com\/florencia.edu.co\/portal\/v4\/wp-content\/uploads\/13.jpeg?resize=700%2C400&ssl=1 2x, https:\/\/i0.wp.com\/florencia.edu.co\/portal\/v4\/wp-content\/uploads\/13.jpeg?resize=1050%2C600&ssl=1 3x, https:\/\/i0.wp.com\/florencia.edu.co\/portal\/v4\/wp-content\/uploads\/13.jpeg?resize=1400%2C800&ssl=1 4x"},"classes":[]}],"jetpack_sharing_enabled":true,"_links":{"self":[{"href":"https:\/\/florencia.edu.co\/portal\/v4\/wp-json\/wp\/v2\/posts\/1790","targetHints":{"allow":["GET"]}}],"collection":[{"href":"https:\/\/florencia.edu.co\/portal\/v4\/wp-json\/wp\/v2\/posts"}],"about":[{"href":"https:\/\/florencia.edu.co\/portal\/v4\/wp-json\/wp\/v2\/types\/post"}],"author":[{"embeddable":true,"href":"https:\/\/florencia.edu.co\/portal\/v4\/wp-json\/wp\/v2\/users\/10"}],"replies":[{"embeddable":true,"href":"https:\/\/florencia.edu.co\/portal\/v4\/wp-json\/wp\/v2\/comments?post=1790"}],"version-history":[{"count":1,"href":"https:\/\/florencia.edu.co\/portal\/v4\/wp-json\/wp\/v2\/posts\/1790\/revisions"}],"predecessor-version":[{"id":1792,"href":"https:\/\/florencia.edu.co\/portal\/v4\/wp-json\/wp\/v2\/posts\/1790\/revisions\/1792"}],"wp:featuredmedia":[{"embeddable":true,"href":"https:\/\/florencia.edu.co\/portal\/v4\/wp-json\/wp\/v2\/media\/1791"}],"wp:attachment":[{"href":"https:\/\/florencia.edu.co\/portal\/v4\/wp-json\/wp\/v2\/media?parent=1790"}],"wp:term":[{"taxonomy":"category","embeddable":true,"href":"https:\/\/florencia.edu.co\/portal\/v4\/wp-json\/wp\/v2\/categories?post=1790"},{"taxonomy":"post_tag","embeddable":true,"href":"https:\/\/florencia.edu.co\/portal\/v4\/wp-json\/wp\/v2\/tags?post=1790"}],"curies":[{"name":"wp","href":"https:\/\/api.w.org\/{rel}","templated":true}]}}