{"id":1781,"date":"2021-05-07T16:46:00","date_gmt":"2021-05-07T21:46:00","guid":{"rendered":"https:\/\/florencia.edu.co\/portal\/v4\/?p=1781"},"modified":"2021-05-13T16:50:22","modified_gmt":"2021-05-13T21:50:22","slug":"segunda-fase-ultima-milla-movil","status":"publish","type":"post","link":"https:\/\/florencia.edu.co\/portal\/v4\/segunda-fase-ultima-milla-movil\/","title":{"rendered":"Segunda FASE \u201c\u00daltima Milla M\u00f3vil\u201d"},"content":{"rendered":"\n<p class=\"has-text-align-justify\">El Ministerio TIC, dio inicio a la segunda fase de inscripci\u00f3n del proyecto \u201c\u00daltima Milla M\u00f3vil\u201d, que conectar\u00e1 con voz y datos a estudiantes de los grados 9\u00b0, 10\u00b0 y 11\u00b0 de estratos 1 y 2 de Instituciones Educativas\u00a0oficiales urbanas, entreg\u00e1ndoles tarjetas Sim Card con planes de datos y minutos ilimitados hasta por 15 meses para que disfruten las ventajas de estar conectados. <\/p>\n\n\n\n<p>Esta convocatoria aplica \u00fanicamente para los municipios de\u00a0Cartagena del chaira,\u00a0<strong>Florencia<\/strong>\u00a0y San Vicente de Cagu\u00e1n.<br>Link de inscripci\u00f3n:\u00a0<br><a rel=\"noreferrer noopener\" href=\"https:\/\/mintic.gov.co\/ultimamilla\/estudiantes\/\" target=\"_blank\">https:\/\/mintic.gov.co\/ultimamilla\/estudiantes\/<\/a><\/p>\n\n\n\n<p><\/p>\n\n\n\n<p><\/p>\n","protected":false},"excerpt":{"rendered":"<p>El Ministerio TIC, dio inicio a la segunda fase de inscripci\u00f3n del proyecto \u201c\u00daltima Milla M\u00f3vil\u201d, que conectar\u00e1 con voz y datos a estudiantes de los grados 9\u00b0, 10\u00b0 y 11\u00b0 de estratos 1 y 2 de Instituciones Educativas\u00a0oficiales urbanas, entreg\u00e1ndoles tarjetas Sim Card con planes de datos y minutos ilimitados hasta por 15 meses [&hellip;]<\/p>\n","protected":false},"author":10,"featured_media":0,"comment_status":"closed","ping_status":"closed","sticky":false,"template":"","format":"standard","meta":{"advanced_seo_description":"","jetpack_seo_html_title":"","jetpack_seo_noindex":false,"_vp_format_video_url":"","_vp_image_focal_point":[],"_jetpack_memberships_contains_paid_content":false,"footnotes":""},"categories":[5],"tags":[],"class_list":["post-1781","post","type-post","status-publish","format-standard","hentry","category-convocatorias"],"jetpack_featured_media_url":"","jetpack-related-posts":[{"id":2007,"url":"https:\/\/florencia.edu.co\/portal\/v4\/oferta-min-tic-programacion-para-ninos-y-ninas-segunda-fase-2021\/","url_meta":{"origin":1781,"position":0},"title":"Oferta Min Tic Programaci\u00f3n para ni\u00f1os y ni\u00f1as segunda fase 2021.","author":"Miller","date":"24 junio, 2021","format":false,"excerpt":"\u201cProgramaci\u00f3n para ni\u00f1os y ni\u00f1as\u201d, en su segunda fase 2021, en alianza con el British Council (Entidad P\u00fablica del Reino Unido), busca que los docentes de las instituciones educativas del sector oficial rurales y urbanas, se capaciten en pensamiento computacional a trav\u00e9s del uso e implementaci\u00f3n de una micro:bit, un\u2026","rel":"","context":"En \u00abCalidad Educativa\u00bb","block_context":{"text":"Calidad Educativa","link":"https:\/\/florencia.edu.co\/portal\/v4\/category\/calidad-educativa\/"},"img":{"alt_text":"","src":"https:\/\/i0.wp.com\/florencia.edu.co\/portal\/v4\/wp-content\/uploads\/Sin-titulo.png?fit=252%2C326&ssl=1&resize=350%2C200","width":350,"height":200},"classes":[]},{"id":2078,"url":"https:\/\/florencia.edu.co\/portal\/v4\/computadores-para-educar-convocatoria\/","url_meta":{"origin":1781,"position":1},"title":"Computadores Para Educar &#8211; Convocatoria","author":"Miller","date":"12 julio, 2021","format":false,"excerpt":"Las inscripciones para la cuarta edici\u00f3n de la\u00a0#HackathonCPE\u00a0de @CompuParaEducar ya est\u00e1n abiertas, ingresa ahora al formulario, completa los datos de tu equipo y prep\u00e1rate para convertir tus ideas en grandes soluciones:\u00a0http:\/\/educadigital2021.com.co\/.","rel":"","context":"En \u00abConvocatorias\u00bb","block_context":{"text":"Convocatorias","link":"https:\/\/florencia.edu.co\/portal\/v4\/category\/convocatorias\/"},"img":{"alt_text":"","src":"","width":0,"height":0},"classes":[]},{"id":9109,"url":"https:\/\/florencia.edu.co\/portal\/v4\/listado-definitivo-informacion-de-docentes-para-la-convocatoria-de-ascensos-o-reubicacion-de-nivel-salarial-2025\/","url_meta":{"origin":1781,"position":2},"title":"LISTADO DEFINITIVO INFORMACI\u00d3N DE DOCENTES PARA LA CONVOCATORIA DE ASCENSOS O REUBICACI\u00d3N DE NIVEL SALARIAL 2025.","author":"Miller","date":"24 diciembre, 2025","format":false,"excerpt":"Teniendo en cuenta el Cronograma establecido en la Resoluci\u00f3n No. 018987 del 17 de septiembre de 2025, expedida por el Ministerio de Educaci\u00f3n Nacional, en cuanto a las\u00a0etapas\u00a0comprendidas. Por lo anterior y luego de contestadas las reclamaciones y corregidas en el listado, la entidad Territorial Secretar\u00eda de Educaci\u00f3n Municipal de\u2026","rel":"","context":"En \u00abAdministrativa\u00bb","block_context":{"text":"Administrativa","link":"https:\/\/florencia.edu.co\/portal\/v4\/category\/administrativa\/"},"img":{"alt_text":"","src":"","width":0,"height":0},"classes":[]},{"id":4182,"url":"https:\/\/florencia.edu.co\/portal\/v4\/informacion-sobre-curso-ecdf-iii\/","url_meta":{"origin":1781,"position":3},"title":"Informaci\u00f3n sobre\u00a0 curso\u00a0ECDF III","author":"Miller","date":"1 septiembre, 2022","format":false,"excerpt":"Por medio del presente le comunicamos que\u00a0SI\u00a0a la fecha a\u00fan no ha realizado su proceso de inscripci\u00f3n ante el ICETEX para poder participar en los cursos ECDF III\u00a0y es uno de los 7.956 docentes habilitados\u00a0y si va a utilizar el beneficio que ofrece el Ministerio de Educaci\u00f3n Nacional de la\u2026","rel":"","context":"En \u00abAdministrativa\u00bb","block_context":{"text":"Administrativa","link":"https:\/\/florencia.edu.co\/portal\/v4\/category\/administrativa\/"},"img":{"alt_text":"","src":"","width":0,"height":0},"classes":[]},{"id":5808,"url":"https:\/\/florencia.edu.co\/portal\/v4\/comunicado-no-06-resultado-de-estudio-tecnico-para-otorgamiento-de-encargo\/","url_meta":{"origin":1781,"position":4},"title":"COMUNICADO No. 06                            RESULTADO DE ESTUDIO T\u00c9CNICO PARA OTORGAMIENTO DE ENCARGO","author":"Miller","date":"17 octubre, 2023","format":false,"excerpt":"CONVOCATORIA-6-CON-ANEXODescargar","rel":"","context":"En \u00abComunicados\u00bb","block_context":{"text":"Comunicados","link":"https:\/\/florencia.edu.co\/portal\/v4\/category\/comunicados\/"},"img":{"alt_text":"","src":"","width":0,"height":0},"classes":[]},{"id":8372,"url":"https:\/\/florencia.edu.co\/portal\/v4\/avanzamos-en-los-planes-de-movilidad-escolar-para-salvaguardar-y-protegerla-vida-de-nuestros-estudiantes\/","url_meta":{"origin":1781,"position":5},"title":"Avanzamos en los Planes de Movilidad Escolar, para salvaguardar y proteger la vida de nuestros estudiantes.","author":"SANDRA MILENA SALAZAR RAM\u00d3N","date":"17 mayo, 2025","format":false,"excerpt":"Se culmina primera fase de diagn\u00f3stico y se avanza en los planes de acci\u00f3n. Con gran satisfacci\u00f3n realizamos acompa\u00f1amiento a las Instituciones Educativas, en esta primera fase de culminaci\u00f3n en la consolidaci\u00f3n de los Planes de Movilidad Escolar, IE priorizadas por la Agencia Nacional de Seguridad Vial, junto al operador\u2026","rel":"","context":"En \u00abEventos\u00bb","block_context":{"text":"Eventos","link":"https:\/\/florencia.edu.co\/portal\/v4\/category\/eventos\/"},"img":{"alt_text":"","src":"https:\/\/i0.wp.com\/florencia.edu.co\/portal\/v4\/wp-content\/uploads\/62.jpeg?fit=1200%2C900&ssl=1&resize=350%2C200","width":350,"height":200,"srcset":"https:\/\/i0.wp.com\/florencia.edu.co\/portal\/v4\/wp-content\/uploads\/62.jpeg?fit=1200%2C900&ssl=1&resize=350%2C200 1x, https:\/\/i0.wp.com\/florencia.edu.co\/portal\/v4\/wp-content\/uploads\/62.jpeg?fit=1200%2C900&ssl=1&resize=525%2C300 1.5x, https:\/\/i0.wp.com\/florencia.edu.co\/portal\/v4\/wp-content\/uploads\/62.jpeg?fit=1200%2C900&ssl=1&resize=700%2C400 2x, https:\/\/i0.wp.com\/florencia.edu.co\/portal\/v4\/wp-content\/uploads\/62.jpeg?fit=1200%2C900&ssl=1&resize=1050%2C600 3x"},"classes":[]}],"jetpack_sharing_enabled":true,"_links":{"self":[{"href":"https:\/\/florencia.edu.co\/portal\/v4\/wp-json\/wp\/v2\/posts\/1781","targetHints":{"allow":["GET"]}}],"collection":[{"href":"https:\/\/florencia.edu.co\/portal\/v4\/wp-json\/wp\/v2\/posts"}],"about":[{"href":"https:\/\/florencia.edu.co\/portal\/v4\/wp-json\/wp\/v2\/types\/post"}],"author":[{"embeddable":true,"href":"https:\/\/florencia.edu.co\/portal\/v4\/wp-json\/wp\/v2\/users\/10"}],"replies":[{"embeddable":true,"href":"https:\/\/florencia.edu.co\/portal\/v4\/wp-json\/wp\/v2\/comments?post=1781"}],"version-history":[{"count":1,"href":"https:\/\/florencia.edu.co\/portal\/v4\/wp-json\/wp\/v2\/posts\/1781\/revisions"}],"predecessor-version":[{"id":1782,"href":"https:\/\/florencia.edu.co\/portal\/v4\/wp-json\/wp\/v2\/posts\/1781\/revisions\/1782"}],"wp:attachment":[{"href":"https:\/\/florencia.edu.co\/portal\/v4\/wp-json\/wp\/v2\/media?parent=1781"}],"wp:term":[{"taxonomy":"category","embeddable":true,"href":"https:\/\/florencia.edu.co\/portal\/v4\/wp-json\/wp\/v2\/categories?post=1781"},{"taxonomy":"post_tag","embeddable":true,"href":"https:\/\/florencia.edu.co\/portal\/v4\/wp-json\/wp\/v2\/tags?post=1781"}],"curies":[{"name":"wp","href":"https:\/\/api.w.org\/{rel}","templated":true}]}}