{"id":1775,"date":"2021-05-04T17:05:07","date_gmt":"2021-05-04T22:05:07","guid":{"rendered":"https:\/\/florencia.edu.co\/portal\/v4\/?p=1775"},"modified":"2021-05-04T17:09:17","modified_gmt":"2021-05-04T22:09:17","slug":"circular-no-0025","status":"publish","type":"post","link":"https:\/\/florencia.edu.co\/portal\/v4\/circular-no-0025\/","title":{"rendered":"Circular No. 0025"},"content":{"rendered":"\n<p>Comunicado  importante a trav\u00e9s de la Circular 0025.   <strong>SUSPENS\u00cdON DE LAS ENTREGAS DE RACIONES PARA PREPARAR EN CASA DEL PROGRAMA DE ALIMENTACI\u00d3N ESCOLAR<\/strong> <strong>PAE<\/strong>.<\/p>\n","protected":false},"excerpt":{"rendered":"<p>Comunicado importante a trav\u00e9s de la Circular 0025. SUSPENS\u00cdON DE LAS ENTREGAS DE RACIONES PARA PREPARAR EN CASA DEL PROGRAMA DE ALIMENTACI\u00d3N ESCOLAR PAE.<\/p>\n","protected":false},"author":3,"featured_media":1776,"comment_status":"closed","ping_status":"closed","sticky":false,"template":"","format":"standard","meta":{"advanced_seo_description":"","jetpack_seo_html_title":"","jetpack_seo_noindex":false,"_vp_format_video_url":"","_vp_image_focal_point":[],"_jetpack_memberships_contains_paid_content":false,"footnotes":""},"categories":[37],"tags":[],"class_list":["post-1775","post","type-post","status-publish","format-standard","has-post-thumbnail","hentry","category-programa-de-alimentacion-escolar-pae"],"jetpack_featured_media_url":"https:\/\/i0.wp.com\/florencia.edu.co\/portal\/v4\/wp-content\/uploads\/Circular-0025.jpeg?fit=966%2C1280&ssl=1","jetpack-related-posts":[{"id":2807,"url":"https:\/\/florencia.edu.co\/portal\/v4\/circular-no-0064-programa-de-alimentacion-escolar-pae\/","url_meta":{"origin":1775,"position":0},"title":"CIRCULAR   No. 0064 Programa de Alimentaci\u00f3n Escolar PAE","author":"Mabiyiceth","date":"18 noviembre, 2021","format":false,"excerpt":"0064Descargar","rel":"","context":"En \u00abPrograma de Alimentaci\u00f3n Escolar (PAE)\u00bb","block_context":{"text":"Programa de Alimentaci\u00f3n Escolar (PAE)","link":"https:\/\/florencia.edu.co\/portal\/v4\/category\/programa-de-alimentacion-escolar-pae\/"},"img":{"alt_text":"","src":"","width":0,"height":0},"classes":[]},{"id":3289,"url":"https:\/\/florencia.edu.co\/portal\/v4\/circular-ds-0013-del-05-de-abril-de-2022%ef%bf%bc\/","url_meta":{"origin":1775,"position":1},"title":"CIRCULAR DS-0013 DEL 05 DE ABRIL DE 2022\ufffc","author":"Miller","date":"5 abril, 2022","format":false,"excerpt":"La secretaria de Educaci\u00f3n del municipio de Florencia, a trav\u00e9s de la Circular DS-0013 del 05 de abril de 2022, convoca a la Comunidad en General a conformar el Comit\u00e9 de Veedur\u00eda Ciudadana del Programa de Alimentaci\u00f3n Escolar PAE. 2022_0013Descargar","rel":"","context":"En \u00abCirculares\u00bb","block_context":{"text":"Circulares","link":"https:\/\/florencia.edu.co\/portal\/v4\/category\/circulares\/"},"img":{"alt_text":"","src":"","width":0,"height":0},"classes":[]},{"id":2153,"url":"https:\/\/florencia.edu.co\/portal\/v4\/programa-de-alimentacion-escolar-pae-informa\/","url_meta":{"origin":1775,"position":2},"title":"Programa de Alimentaci\u00f3n escolar PAE informa&#8230;","author":"Mabiyiceth","date":"2 agosto, 2021","format":false,"excerpt":"","rel":"","context":"En \u00abPrograma de Alimentaci\u00f3n Escolar (PAE)\u00bb","block_context":{"text":"Programa de Alimentaci\u00f3n Escolar (PAE)","link":"https:\/\/florencia.edu.co\/portal\/v4\/category\/programa-de-alimentacion-escolar-pae\/"},"img":{"alt_text":"","src":"https:\/\/i0.wp.com\/florencia.edu.co\/portal\/v4\/wp-content\/uploads\/5-Entrega.jpeg?fit=766%2C1024&ssl=1&resize=350%2C200","width":350,"height":200,"srcset":"https:\/\/i0.wp.com\/florencia.edu.co\/portal\/v4\/wp-content\/uploads\/5-Entrega.jpeg?fit=766%2C1024&ssl=1&resize=350%2C200 1x, https:\/\/i0.wp.com\/florencia.edu.co\/portal\/v4\/wp-content\/uploads\/5-Entrega.jpeg?fit=766%2C1024&ssl=1&resize=525%2C300 1.5x, https:\/\/i0.wp.com\/florencia.edu.co\/portal\/v4\/wp-content\/uploads\/5-Entrega.jpeg?fit=766%2C1024&ssl=1&resize=700%2C400 2x"},"classes":[]},{"id":3644,"url":"https:\/\/florencia.edu.co\/portal\/v4\/circular-0025-del-18-05-2022-de-orientaciones-vigencia-2022-ietdh\/","url_meta":{"origin":1775,"position":3},"title":"Circular 0025 del 18\/05\/2022, de orientaciones vigencia 2022 IETDH","author":"Miller","date":"22 junio, 2022","format":false,"excerpt":"Circular-IETDH-2022_0025Descargar","rel":"","context":"En \u00abInspecci\u00f3n y Vigilancia\u00bb","block_context":{"text":"Inspecci\u00f3n y Vigilancia","link":"https:\/\/florencia.edu.co\/portal\/v4\/category\/inspeccion-y-vigilancia\/"},"img":{"alt_text":"","src":"","width":0,"height":0},"classes":[]},{"id":2435,"url":"https:\/\/florencia.edu.co\/portal\/v4\/dias-adicionales-para-la-7-a-entrega-del-programa-de-alimentacion-escolar-pae\/","url_meta":{"origin":1775,"position":4},"title":"D\u00edas adicionales para la 7.\u00aa entrega del Programa de Alimentaci\u00f3n Escolar PAE","author":"Mabiyiceth","date":"27 septiembre, 2021","format":false,"excerpt":"","rel":"","context":"En \u00abPrograma de Alimentaci\u00f3n Escolar (PAE)\u00bb","block_context":{"text":"Programa de Alimentaci\u00f3n Escolar (PAE)","link":"https:\/\/florencia.edu.co\/portal\/v4\/category\/programa-de-alimentacion-escolar-pae\/"},"img":{"alt_text":"","src":"https:\/\/i0.wp.com\/florencia.edu.co\/portal\/v4\/wp-content\/uploads\/para-comunicado-web.gif?fit=900%2C700&ssl=1&resize=350%2C200","width":350,"height":200,"srcset":"https:\/\/i0.wp.com\/florencia.edu.co\/portal\/v4\/wp-content\/uploads\/para-comunicado-web.gif?fit=900%2C700&ssl=1&resize=350%2C200 1x, https:\/\/i0.wp.com\/florencia.edu.co\/portal\/v4\/wp-content\/uploads\/para-comunicado-web.gif?fit=900%2C700&ssl=1&resize=525%2C300 1.5x, https:\/\/i0.wp.com\/florencia.edu.co\/portal\/v4\/wp-content\/uploads\/para-comunicado-web.gif?fit=900%2C700&ssl=1&resize=700%2C400 2x"},"classes":[]},{"id":2133,"url":"https:\/\/florencia.edu.co\/portal\/v4\/5-a-entrega-rpc-beneficiarios-del-programa-de-alimentacion-escolar-pae-2021\/","url_meta":{"origin":1775,"position":5},"title":"5.\u00aa Entrega (RPC) Beneficiarios del Programa De Alimentaci\u00f3n Escolar PAE 2021","author":"Mabiyiceth","date":"19 julio, 2021","format":false,"excerpt":"Consultar por documento","rel":"","context":"En \u00abPrograma de Alimentaci\u00f3n Escolar (PAE)\u00bb","block_context":{"text":"Programa de Alimentaci\u00f3n Escolar (PAE)","link":"https:\/\/florencia.edu.co\/portal\/v4\/category\/programa-de-alimentacion-escolar-pae\/"},"img":{"alt_text":"","src":"https:\/\/i0.wp.com\/florencia.edu.co\/portal\/v4\/wp-content\/uploads\/post-public-5-Entrega.jpg?fit=1200%2C1200&ssl=1&resize=350%2C200","width":350,"height":200,"srcset":"https:\/\/i0.wp.com\/florencia.edu.co\/portal\/v4\/wp-content\/uploads\/post-public-5-Entrega.jpg?fit=1200%2C1200&ssl=1&resize=350%2C200 1x, https:\/\/i0.wp.com\/florencia.edu.co\/portal\/v4\/wp-content\/uploads\/post-public-5-Entrega.jpg?fit=1200%2C1200&ssl=1&resize=525%2C300 1.5x, https:\/\/i0.wp.com\/florencia.edu.co\/portal\/v4\/wp-content\/uploads\/post-public-5-Entrega.jpg?fit=1200%2C1200&ssl=1&resize=700%2C400 2x, https:\/\/i0.wp.com\/florencia.edu.co\/portal\/v4\/wp-content\/uploads\/post-public-5-Entrega.jpg?fit=1200%2C1200&ssl=1&resize=1050%2C600 3x"},"classes":[]}],"jetpack_sharing_enabled":true,"_links":{"self":[{"href":"https:\/\/florencia.edu.co\/portal\/v4\/wp-json\/wp\/v2\/posts\/1775","targetHints":{"allow":["GET"]}}],"collection":[{"href":"https:\/\/florencia.edu.co\/portal\/v4\/wp-json\/wp\/v2\/posts"}],"about":[{"href":"https:\/\/florencia.edu.co\/portal\/v4\/wp-json\/wp\/v2\/types\/post"}],"author":[{"embeddable":true,"href":"https:\/\/florencia.edu.co\/portal\/v4\/wp-json\/wp\/v2\/users\/3"}],"replies":[{"embeddable":true,"href":"https:\/\/florencia.edu.co\/portal\/v4\/wp-json\/wp\/v2\/comments?post=1775"}],"version-history":[{"count":1,"href":"https:\/\/florencia.edu.co\/portal\/v4\/wp-json\/wp\/v2\/posts\/1775\/revisions"}],"predecessor-version":[{"id":1777,"href":"https:\/\/florencia.edu.co\/portal\/v4\/wp-json\/wp\/v2\/posts\/1775\/revisions\/1777"}],"wp:featuredmedia":[{"embeddable":true,"href":"https:\/\/florencia.edu.co\/portal\/v4\/wp-json\/wp\/v2\/media\/1776"}],"wp:attachment":[{"href":"https:\/\/florencia.edu.co\/portal\/v4\/wp-json\/wp\/v2\/media?parent=1775"}],"wp:term":[{"taxonomy":"category","embeddable":true,"href":"https:\/\/florencia.edu.co\/portal\/v4\/wp-json\/wp\/v2\/categories?post=1775"},{"taxonomy":"post_tag","embeddable":true,"href":"https:\/\/florencia.edu.co\/portal\/v4\/wp-json\/wp\/v2\/tags?post=1775"}],"curies":[{"name":"wp","href":"https:\/\/api.w.org\/{rel}","templated":true}]}}