{"id":1732,"date":"2021-04-23T18:58:10","date_gmt":"2021-04-23T23:58:10","guid":{"rendered":"https:\/\/florencia.edu.co\/portal\/v4\/?p=1732"},"modified":"2021-04-23T21:38:13","modified_gmt":"2021-04-24T02:38:13","slug":"desde-el-26-de-abril-inicia-3-y-4-entrega-de-rpc-del-programa-alimentacion-escolar-pae","status":"publish","type":"post","link":"https:\/\/florencia.edu.co\/portal\/v4\/desde-el-26-de-abril-inicia-3-y-4-entrega-de-rpc-del-programa-alimentacion-escolar-pae\/","title":{"rendered":"26 de Abril, inicia 3 y 4 Entrega de (RPC) del Programa Alimentaci\u00f3n Escolar PAE"},"content":{"rendered":"\n<p class=\"has-text-align-left\">A partir del 26 de abril comenzar\u00e1 la entrega de raciones alimentarias para preparar en casa&nbsp;&nbsp;&nbsp;&nbsp;en las instituciones educativas del municipio de Florencia, confirm\u00f3 la secretaria de educaci\u00f3n, Floralba Zambrano Morillo.<\/p>\n\n\n\n<p class=\"has-text-align-left\">Para la primera semana de entrega, se estableci\u00f3 un cronograma que comenzar\u00e1 en las Instituciones Educativas Juan Bautista Migani y Rural de Puerto Arango; el d\u00eda 27 de abril, llegar\u00e1n al Agroecol\u00f3gico Amaz\u00f3nico Buinaima y Sagrados Corazones; el 28 no har\u00e1n entregas; el d\u00eda 29 se trasladar\u00e1n a la Instituci\u00f3n Educativa Siglo XXI y Rural Avenida El Cara\u00f1o; el 30 de abril recibir\u00e1n la raci\u00f3n para&nbsp;&nbsp;&nbsp;preparar&nbsp;&nbsp;&nbsp;en casa,&nbsp;&nbsp;&nbsp;los estudiantes&nbsp;&nbsp;&nbsp;del Instituto T\u00e9cnico Agrot\u00e9cnico de la Amazon\u00eda y&nbsp;&nbsp;&nbsp;&nbsp;el Salitre; y, el s\u00e1bado primero de mayo, se trasladar\u00e1n a la Instituci\u00f3n Educativa La Esperanza.<\/p>\n\n\n\n<p class=\"has-text-align-left\">Para reclamar estas raciones, los padres de familia deben cumplir con todas las medidas de bioseguridad y no llevar ni\u00f1os ni adultos mayores y solo debe acudir con la documentaci\u00f3n que todos conocen como son los documentos de identidad tanto de los padres como de los estudiantes.<\/p>\n\n\n\n<p class=\"has-text-align-left\">En esta oportunidad el contrato fue adjudicado al consorcio PAE 2021, con el que se espera dar cumplimiento a las entregas y que todas sean de buena calidad.<\/p>\n\n\n\n<p class=\"has-text-align-left\">En esta oportunidad se entregar\u00e1n dos raciones para los 19.760 estudiantes que son los beneficiarios de este programa, concluy\u00f3 la secretaria de educaci\u00f3n del municipio de Florencia, Floralba Zambrano Morillo.<\/p>\n\n\n\n<p class=\"has-text-align-left\"><strong>Informaci\u00f3n tomada de: <\/strong>&nbsp;<a href=\"http:\/\/www.florencia-caqueta.gov.co\/noticias\/el-26-de-abril-comienza-entrega-de-racion-para-preparar\">http:\/\/www.florencia-caqueta.gov.co\/noticias\/el-26-de-abril-comienza-entrega-de-racion-para-preparar<\/a><\/p>\n","protected":false},"excerpt":{"rendered":"<p>A partir del 26 de abril comenzar\u00e1 la entrega de raciones alimentarias para preparar en casa&nbsp;&nbsp;&nbsp;&nbsp;en las instituciones educativas del municipio de Florencia, confirm\u00f3 la secretaria de educaci\u00f3n, Floralba Zambrano Morillo. Para la primera semana de entrega, se estableci\u00f3 un cronograma que comenzar\u00e1 en las Instituciones Educativas Juan Bautista Migani y Rural de Puerto Arango; [&hellip;]<\/p>\n","protected":false},"author":3,"featured_media":1740,"comment_status":"closed","ping_status":"closed","sticky":false,"template":"","format":"standard","meta":{"advanced_seo_description":"","jetpack_seo_html_title":"","jetpack_seo_noindex":false,"_vp_format_video_url":"","_vp_image_focal_point":[],"_jetpack_memberships_contains_paid_content":false,"footnotes":""},"categories":[37],"tags":[],"class_list":["post-1732","post","type-post","status-publish","format-standard","has-post-thumbnail","hentry","category-programa-de-alimentacion-escolar-pae"],"jetpack_featured_media_url":"https:\/\/i0.wp.com\/florencia.edu.co\/portal\/v4\/wp-content\/uploads\/EL-26-DE-ABRIL-COMIENZA-ENTREGA-DE-RACION-PARA-PREPARAR-EN-CASA-DEL-PROGRAMA-PAE..jpeg?fit=1280%2C720&ssl=1","jetpack-related-posts":[{"id":7424,"url":"https:\/\/florencia.edu.co\/portal\/v4\/secretaria-de-educacion-a-traves-del-equipo-del-programa-de-alimentacion-escolar-pae-continua-las-visitas-de-verificacion-seguimiento-y-control-en-las-sedes-educativas-urbanas-y-rurales-de-florenci\/","url_meta":{"origin":1732,"position":0},"title":"Secretar\u00eda de Educaci\u00f3n a trav\u00e9s del equipo del Programa de Alimentaci\u00f3n Escolar PAE,  contin\u00faa las Visitas de Verificaci\u00f3n, Seguimiento y Control en las sedes educativas urbanas y rurales de Florencia.","author":"SANDRA MILENA SALAZAR RAM\u00d3N","date":"4 marzo, 2025","format":false,"excerpt":"Con la entrega del complemento alimentario, aseguramos permanencia escolar, h\u00e1bitos saludables y desarrollo integral en los ni\u00f1os, ni\u00f1as y j\u00f3venes. Con el objetivo de garantizar el adecuado funcionamiento del servicio y la calidad de los alimentos proporcionados a los estudiantes, el equipo interdisciplinario PAE contin\u00faa realizando las visitas de verificaci\u00f3n,\u2026","rel":"","context":"En \u00abPrograma de Alimentaci\u00f3n Escolar (PAE)\u00bb","block_context":{"text":"Programa de Alimentaci\u00f3n Escolar (PAE)","link":"https:\/\/florencia.edu.co\/portal\/v4\/category\/programa-de-alimentacion-escolar-pae\/"},"img":{"alt_text":"","src":"https:\/\/i0.wp.com\/florencia.edu.co\/portal\/v4\/wp-content\/uploads\/CONSUMO.jpeg?fit=1200%2C900&ssl=1&resize=350%2C200","width":350,"height":200,"srcset":"https:\/\/i0.wp.com\/florencia.edu.co\/portal\/v4\/wp-content\/uploads\/CONSUMO.jpeg?fit=1200%2C900&ssl=1&resize=350%2C200 1x, https:\/\/i0.wp.com\/florencia.edu.co\/portal\/v4\/wp-content\/uploads\/CONSUMO.jpeg?fit=1200%2C900&ssl=1&resize=525%2C300 1.5x, https:\/\/i0.wp.com\/florencia.edu.co\/portal\/v4\/wp-content\/uploads\/CONSUMO.jpeg?fit=1200%2C900&ssl=1&resize=700%2C400 2x, https:\/\/i0.wp.com\/florencia.edu.co\/portal\/v4\/wp-content\/uploads\/CONSUMO.jpeg?fit=1200%2C900&ssl=1&resize=1050%2C600 3x"},"classes":[]},{"id":2206,"url":"https:\/\/florencia.edu.co\/portal\/v4\/la-secretaria-de-educacion-de-la-etc-florencia-en-alistamiento-para-la-entrega-de-la-6-a-racion-para-preparar-en-casa-del-programa-de-alimentacion-escolar-pae\/","url_meta":{"origin":1732,"position":1},"title":"Alistamiento para la  6.\u00aa Entrega  Raci\u00f3n para preparar en casa","author":"Mabiyiceth","date":"13 agosto, 2021","format":false,"excerpt":"La Secretaria de Educaci\u00f3n de la ETC Florencia , En alistamiento para la Entrega de la 6.\u00aa Raci\u00f3n para preparar en casa, del Programa de Alimentaci\u00f3n Escolar PAE.","rel":"","context":"En \u00abPrograma de Alimentaci\u00f3n Escolar (PAE)\u00bb","block_context":{"text":"Programa de Alimentaci\u00f3n Escolar (PAE)","link":"https:\/\/florencia.edu.co\/portal\/v4\/category\/programa-de-alimentacion-escolar-pae\/"},"img":{"alt_text":"","src":"https:\/\/i0.wp.com\/florencia.edu.co\/portal\/v4\/wp-content\/uploads\/Empaque-6-Entrega.jpg?fit=998%2C778&ssl=1&resize=350%2C200","width":350,"height":200,"srcset":"https:\/\/i0.wp.com\/florencia.edu.co\/portal\/v4\/wp-content\/uploads\/Empaque-6-Entrega.jpg?fit=998%2C778&ssl=1&resize=350%2C200 1x, https:\/\/i0.wp.com\/florencia.edu.co\/portal\/v4\/wp-content\/uploads\/Empaque-6-Entrega.jpg?fit=998%2C778&ssl=1&resize=525%2C300 1.5x, https:\/\/i0.wp.com\/florencia.edu.co\/portal\/v4\/wp-content\/uploads\/Empaque-6-Entrega.jpg?fit=998%2C778&ssl=1&resize=700%2C400 2x"},"classes":[]},{"id":2361,"url":"https:\/\/florencia.edu.co\/portal\/v4\/alistamiento-para-la-7-a-entrega-racion-para-preparar-en-casa\/","url_meta":{"origin":1732,"position":2},"title":"Alistamiento para la  7.\u00aa Entrega  Raci\u00f3n para preparar en casa","author":"Mabiyiceth","date":"10 septiembre, 2021","format":false,"excerpt":"La Secretaria de Educaci\u00f3n de la ETC Florencia , en alistamiento para la entrega de la 7.\u00aa raci\u00f3n para preparar en casa (RPC), del Programa de Alimentaci\u00f3n Escolar PAE.","rel":"","context":"En \u00abPrograma de Alimentaci\u00f3n Escolar (PAE)\u00bb","block_context":{"text":"Programa de Alimentaci\u00f3n Escolar (PAE)","link":"https:\/\/florencia.edu.co\/portal\/v4\/category\/programa-de-alimentacion-escolar-pae\/"},"img":{"alt_text":"","src":"https:\/\/i0.wp.com\/florencia.edu.co\/portal\/v4\/wp-content\/uploads\/7-alistamiento.jpg?fit=988%2C788&ssl=1&resize=350%2C200","width":350,"height":200,"srcset":"https:\/\/i0.wp.com\/florencia.edu.co\/portal\/v4\/wp-content\/uploads\/7-alistamiento.jpg?fit=988%2C788&ssl=1&resize=350%2C200 1x, https:\/\/i0.wp.com\/florencia.edu.co\/portal\/v4\/wp-content\/uploads\/7-alistamiento.jpg?fit=988%2C788&ssl=1&resize=525%2C300 1.5x, https:\/\/i0.wp.com\/florencia.edu.co\/portal\/v4\/wp-content\/uploads\/7-alistamiento.jpg?fit=988%2C788&ssl=1&resize=700%2C400 2x"},"classes":[]},{"id":2316,"url":"https:\/\/florencia.edu.co\/portal\/v4\/padres-de-familia-o-acudientes-que-no-reclamaron-la-6-a-racion-para-preparar-en-casa-de-sus-hijos-podran-hacerlo-en-dias-adicionales\/","url_meta":{"origin":1732,"position":3},"title":"Padres de familia o acudientes que no reclamaron la 6.\u00aa   raci\u00f3n para preparar en casa RPC de los beneficiarios, podr\u00e1n hacerlo en d\u00edas adicionales.","author":"Mabiyiceth","date":"4 septiembre, 2021","format":false,"excerpt":"La secretaria de Educaci\u00f3n municipal, Cobertura educativa y la ETC de Florencia - PAE Municipal, Invitan a padres de familia o acudientes que no reclamaron la 6.\u00aa Raci\u00f3n para Preparar en Casa, con el fin de hacer entrega de la totalidad de las raciones del Programa de Alimentaci\u00f3n Escolar, los\u2026","rel":"","context":"En \u00abPrograma de Alimentaci\u00f3n Escolar (PAE)\u00bb","block_context":{"text":"Programa de Alimentaci\u00f3n Escolar (PAE)","link":"https:\/\/florencia.edu.co\/portal\/v4\/category\/programa-de-alimentacion-escolar-pae\/"},"img":{"alt_text":"","src":"https:\/\/i0.wp.com\/florencia.edu.co\/portal\/v4\/wp-content\/uploads\/Adicionales-6.gif?fit=988%2C788&ssl=1&resize=350%2C200","width":350,"height":200,"srcset":"https:\/\/i0.wp.com\/florencia.edu.co\/portal\/v4\/wp-content\/uploads\/Adicionales-6.gif?fit=988%2C788&ssl=1&resize=350%2C200 1x, https:\/\/i0.wp.com\/florencia.edu.co\/portal\/v4\/wp-content\/uploads\/Adicionales-6.gif?fit=988%2C788&ssl=1&resize=525%2C300 1.5x, https:\/\/i0.wp.com\/florencia.edu.co\/portal\/v4\/wp-content\/uploads\/Adicionales-6.gif?fit=988%2C788&ssl=1&resize=700%2C400 2x"},"classes":[]},{"id":1775,"url":"https:\/\/florencia.edu.co\/portal\/v4\/circular-no-0025\/","url_meta":{"origin":1732,"position":4},"title":"Circular No. 0025","author":"Mabiyiceth","date":"4 mayo, 2021","format":false,"excerpt":"Comunicado importante a trav\u00e9s de la Circular 0025. SUSPENS\u00cdON DE LAS ENTREGAS DE RACIONES PARA PREPARAR EN CASA DEL PROGRAMA DE ALIMENTACI\u00d3N ESCOLAR PAE.","rel":"","context":"En \u00abPrograma de Alimentaci\u00f3n Escolar (PAE)\u00bb","block_context":{"text":"Programa de Alimentaci\u00f3n Escolar (PAE)","link":"https:\/\/florencia.edu.co\/portal\/v4\/category\/programa-de-alimentacion-escolar-pae\/"},"img":{"alt_text":"","src":"https:\/\/i0.wp.com\/florencia.edu.co\/portal\/v4\/wp-content\/uploads\/Circular-0025.jpeg?fit=906%2C1200&ssl=1&resize=350%2C200","width":350,"height":200,"srcset":"https:\/\/i0.wp.com\/florencia.edu.co\/portal\/v4\/wp-content\/uploads\/Circular-0025.jpeg?fit=906%2C1200&ssl=1&resize=350%2C200 1x, https:\/\/i0.wp.com\/florencia.edu.co\/portal\/v4\/wp-content\/uploads\/Circular-0025.jpeg?fit=906%2C1200&ssl=1&resize=525%2C300 1.5x, https:\/\/i0.wp.com\/florencia.edu.co\/portal\/v4\/wp-content\/uploads\/Circular-0025.jpeg?fit=906%2C1200&ssl=1&resize=700%2C400 2x"},"classes":[]},{"id":6769,"url":"https:\/\/florencia.edu.co\/portal\/v4\/se-realizo-la-primera-mesa-publica-del-pae-florencia-avanza-en-un-programa-de-alimentacion-escolar-mas-equitativo-con-acceso-permanencia-y-seguridad-alimentaria\/","url_meta":{"origin":1732,"position":5},"title":"Se realiz\u00f3 la Primera Mesa P\u00fablica del PAE, Florencia avanza en un programa de Alimentaci\u00f3n Escolar, m\u00e1s equitativo, con acceso, permanencia y seguridad alimentaria","author":"Miller","date":"5 junio, 2024","format":false,"excerpt":"Dando Cumplimiento al objetivo \u201cSuministrar un complemento alimentario que contribuya alacceso, la permanencia, la reducci\u00f3n del ausentismo, y al bienestar en los establecimientos educativos durante el calendario escolar y en la jornada acad\u00e9mica de los ni\u00f1os, ni\u00f1as, adolescentes y j\u00f3venes registrados en la matr\u00edcula oficial desde preescolar hasta b\u00e1sica y\u2026","rel":"","context":"En \u00abPrograma de Alimentaci\u00f3n Escolar (PAE)\u00bb","block_context":{"text":"Programa de Alimentaci\u00f3n Escolar (PAE)","link":"https:\/\/florencia.edu.co\/portal\/v4\/category\/programa-de-alimentacion-escolar-pae\/"},"img":{"alt_text":"","src":"https:\/\/i0.wp.com\/florencia.edu.co\/portal\/v4\/wp-content\/uploads\/1-3-scaled.jpg?fit=1200%2C900&ssl=1&resize=350%2C200","width":350,"height":200,"srcset":"https:\/\/i0.wp.com\/florencia.edu.co\/portal\/v4\/wp-content\/uploads\/1-3-scaled.jpg?fit=1200%2C900&ssl=1&resize=350%2C200 1x, https:\/\/i0.wp.com\/florencia.edu.co\/portal\/v4\/wp-content\/uploads\/1-3-scaled.jpg?fit=1200%2C900&ssl=1&resize=525%2C300 1.5x, https:\/\/i0.wp.com\/florencia.edu.co\/portal\/v4\/wp-content\/uploads\/1-3-scaled.jpg?fit=1200%2C900&ssl=1&resize=700%2C400 2x, https:\/\/i0.wp.com\/florencia.edu.co\/portal\/v4\/wp-content\/uploads\/1-3-scaled.jpg?fit=1200%2C900&ssl=1&resize=1050%2C600 3x"},"classes":[]}],"jetpack_sharing_enabled":true,"_links":{"self":[{"href":"https:\/\/florencia.edu.co\/portal\/v4\/wp-json\/wp\/v2\/posts\/1732","targetHints":{"allow":["GET"]}}],"collection":[{"href":"https:\/\/florencia.edu.co\/portal\/v4\/wp-json\/wp\/v2\/posts"}],"about":[{"href":"https:\/\/florencia.edu.co\/portal\/v4\/wp-json\/wp\/v2\/types\/post"}],"author":[{"embeddable":true,"href":"https:\/\/florencia.edu.co\/portal\/v4\/wp-json\/wp\/v2\/users\/3"}],"replies":[{"embeddable":true,"href":"https:\/\/florencia.edu.co\/portal\/v4\/wp-json\/wp\/v2\/comments?post=1732"}],"version-history":[{"count":4,"href":"https:\/\/florencia.edu.co\/portal\/v4\/wp-json\/wp\/v2\/posts\/1732\/revisions"}],"predecessor-version":[{"id":1744,"href":"https:\/\/florencia.edu.co\/portal\/v4\/wp-json\/wp\/v2\/posts\/1732\/revisions\/1744"}],"wp:featuredmedia":[{"embeddable":true,"href":"https:\/\/florencia.edu.co\/portal\/v4\/wp-json\/wp\/v2\/media\/1740"}],"wp:attachment":[{"href":"https:\/\/florencia.edu.co\/portal\/v4\/wp-json\/wp\/v2\/media?parent=1732"}],"wp:term":[{"taxonomy":"category","embeddable":true,"href":"https:\/\/florencia.edu.co\/portal\/v4\/wp-json\/wp\/v2\/categories?post=1732"},{"taxonomy":"post_tag","embeddable":true,"href":"https:\/\/florencia.edu.co\/portal\/v4\/wp-json\/wp\/v2\/tags?post=1732"}],"curies":[{"name":"wp","href":"https:\/\/api.w.org\/{rel}","templated":true}]}}