{"id":1581,"date":"2021-04-12T14:07:00","date_gmt":"2021-04-12T19:07:00","guid":{"rendered":"https:\/\/florencia.edu.co\/portal\/v4\/?p=1581"},"modified":"2021-04-14T17:56:26","modified_gmt":"2021-04-14T22:56:26","slug":"comunicado-no-05-y-06","status":"publish","type":"post","link":"https:\/\/florencia.edu.co\/portal\/v4\/comunicado-no-05-y-06\/","title":{"rendered":"Comunicado No. 05 y 06."},"content":{"rendered":"\n<p class=\"has-text-align-justify\">La Secretaria de Educaci\u00f3n municipal da a conocer los comunicados No. 05 y 06, del resultado de estudio t\u00e9cnico para el otorgamiento de encargo.<\/p>\n\n\n\n<div class=\"wp-block-file\"><a href=\"https:\/\/florencia.edu.co\/portal\/v4\/wp-content\/uploads\/Comunicado-No.-5-1.pdf\">Comunicado-No.-5-1<\/a><a href=\"https:\/\/florencia.edu.co\/portal\/v4\/wp-content\/uploads\/Comunicado-No.-5-1.pdf\" class=\"wp-block-file__button\" download>Descargar<\/a><\/div>\n\n\n\n<div class=\"wp-block-file\"><a href=\"https:\/\/florencia.edu.co\/portal\/v4\/wp-content\/uploads\/Comunicado-No.-6-1.pdf\">Comunicado-No.-6-1<\/a><a href=\"https:\/\/florencia.edu.co\/portal\/v4\/wp-content\/uploads\/Comunicado-No.-6-1.pdf\" class=\"wp-block-file__button\" download>Descargar<\/a><\/div>\n","protected":false},"excerpt":{"rendered":"<p>La Secretaria de Educaci\u00f3n municipal da a conocer los comunicados No. 05 y 06, del resultado de estudio t\u00e9cnico para el otorgamiento de encargo.<\/p>\n","protected":false},"author":10,"featured_media":1541,"comment_status":"closed","ping_status":"closed","sticky":false,"template":"","format":"standard","meta":{"advanced_seo_description":"","jetpack_seo_html_title":"","jetpack_seo_noindex":false,"_vp_format_video_url":"","_vp_image_focal_point":[],"_jetpack_memberships_contains_paid_content":false,"footnotes":""},"categories":[4],"tags":[],"class_list":["post-1581","post","type-post","status-publish","format-standard","has-post-thumbnail","hentry","category-comunicados"],"jetpack_featured_media_url":"https:\/\/i0.wp.com\/florencia.edu.co\/portal\/v4\/wp-content\/uploads\/cmunicdo_.jpg?fit=720%2C440&ssl=1","jetpack-related-posts":[{"id":3153,"url":"https:\/\/florencia.edu.co\/portal\/v4\/comunicado-no-06\/","url_meta":{"origin":1581,"position":0},"title":"COMUNICADO No. 06","author":"Miller","date":"3 marzo, 2022","format":false,"excerpt":"RESULTADO DE ESTUDIO T\u00c9CNICO PARA OTORGAMIENTO DE ENCARGO COMUNICADO-No.-06Descargar","rel":"","context":"En \u00abAdministrativa\u00bb","block_context":{"text":"Administrativa","link":"https:\/\/florencia.edu.co\/portal\/v4\/category\/administrativa\/"},"img":{"alt_text":"","src":"","width":0,"height":0},"classes":[]},{"id":3083,"url":"https:\/\/florencia.edu.co\/portal\/v4\/comunicado-no-05-resultado-de-estudio-tecnico-para-otorgamiento-de-encargo\/","url_meta":{"origin":1581,"position":1},"title":"COMUNICADO No. 05 RESULTADO DE ESTUDIO T\u00c9CNICO PARA OTORGAMIENTO DE ENCARGO","author":"Miller","date":"9 febrero, 2022","format":false,"excerpt":"COMUNICADO-No.-05Descargar","rel":"","context":"En \u00abAdministrativa\u00bb","block_context":{"text":"Administrativa","link":"https:\/\/florencia.edu.co\/portal\/v4\/category\/administrativa\/"},"img":{"alt_text":"","src":"","width":0,"height":0},"classes":[]},{"id":5539,"url":"https:\/\/florencia.edu.co\/portal\/v4\/comunicado-no-05\/","url_meta":{"origin":1581,"position":2},"title":"COMUNICADO No. 05","author":"Miller","date":"13 septiembre, 2023","format":false,"excerpt":"RESULTADO DE ESTUDIO TECNICO PARAOTORGAMIENTO DE ENCARGO LA SECRETARIA DE EDUCACION MUNCIPAL DE FLORENCIA COMUNICADO-No.-5Descargar","rel":"","context":"En \u00abComunicados\u00bb","block_context":{"text":"Comunicados","link":"https:\/\/florencia.edu.co\/portal\/v4\/category\/comunicados\/"},"img":{"alt_text":"","src":"","width":0,"height":0},"classes":[]},{"id":5808,"url":"https:\/\/florencia.edu.co\/portal\/v4\/comunicado-no-06-resultado-de-estudio-tecnico-para-otorgamiento-de-encargo\/","url_meta":{"origin":1581,"position":3},"title":"COMUNICADO No. 06                            RESULTADO DE ESTUDIO T\u00c9CNICO PARA OTORGAMIENTO DE ENCARGO","author":"Miller","date":"17 octubre, 2023","format":false,"excerpt":"CONVOCATORIA-6-CON-ANEXODescargar","rel":"","context":"En \u00abComunicados\u00bb","block_context":{"text":"Comunicados","link":"https:\/\/florencia.edu.co\/portal\/v4\/category\/comunicados\/"},"img":{"alt_text":"","src":"","width":0,"height":0},"classes":[]},{"id":1423,"url":"https:\/\/florencia.edu.co\/portal\/v4\/comunicado-no-01-resultado-de-estudio-tecnico-para-otorgamiento-de-encargo\/","url_meta":{"origin":1581,"position":4},"title":"Comunicado No. 01 Resultado de Estudio Tecnico para otorgamiento de encargo","author":"Miller","date":"5 marzo, 2021","format":false,"excerpt":"De acuerdo a la vacante definitiva en el cargo de PROFESIONAL UNIVERSITARIO C\u00d3DIGO 219 GRADO 05 (Inspecci\u00f3n y vigilancia), en la planta Central de la Secretar\u00eda de Educaci\u00f3n Municipal de Florencia, realiz\u00f3 el estudio t\u00e9cnico de toda la planta de cargos para dar cumplimiento de lo establecido en los art\u00edculos\u2026","rel":"","context":"En \u00abComunicados\u00bb","block_context":{"text":"Comunicados","link":"https:\/\/florencia.edu.co\/portal\/v4\/category\/comunicados\/"},"img":{"alt_text":"","src":"","width":0,"height":0},"classes":[]},{"id":6164,"url":"https:\/\/florencia.edu.co\/portal\/v4\/comunicado-no-9\/","url_meta":{"origin":1581,"position":5},"title":"COMUNICADO No.9","author":"Miller","date":"21 noviembre, 2023","format":false,"excerpt":"MODIFICACI\u00d3N DEL COMUNICADO No.8 DE 2023 Comunicado-No-09Descargar","rel":"","context":"En \u00abComunicados\u00bb","block_context":{"text":"Comunicados","link":"https:\/\/florencia.edu.co\/portal\/v4\/category\/comunicados\/"},"img":{"alt_text":"","src":"","width":0,"height":0},"classes":[]}],"jetpack_sharing_enabled":true,"_links":{"self":[{"href":"https:\/\/florencia.edu.co\/portal\/v4\/wp-json\/wp\/v2\/posts\/1581","targetHints":{"allow":["GET"]}}],"collection":[{"href":"https:\/\/florencia.edu.co\/portal\/v4\/wp-json\/wp\/v2\/posts"}],"about":[{"href":"https:\/\/florencia.edu.co\/portal\/v4\/wp-json\/wp\/v2\/types\/post"}],"author":[{"embeddable":true,"href":"https:\/\/florencia.edu.co\/portal\/v4\/wp-json\/wp\/v2\/users\/10"}],"replies":[{"embeddable":true,"href":"https:\/\/florencia.edu.co\/portal\/v4\/wp-json\/wp\/v2\/comments?post=1581"}],"version-history":[{"count":1,"href":"https:\/\/florencia.edu.co\/portal\/v4\/wp-json\/wp\/v2\/posts\/1581\/revisions"}],"predecessor-version":[{"id":1588,"href":"https:\/\/florencia.edu.co\/portal\/v4\/wp-json\/wp\/v2\/posts\/1581\/revisions\/1588"}],"wp:featuredmedia":[{"embeddable":true,"href":"https:\/\/florencia.edu.co\/portal\/v4\/wp-json\/wp\/v2\/media\/1541"}],"wp:attachment":[{"href":"https:\/\/florencia.edu.co\/portal\/v4\/wp-json\/wp\/v2\/media?parent=1581"}],"wp:term":[{"taxonomy":"category","embeddable":true,"href":"https:\/\/florencia.edu.co\/portal\/v4\/wp-json\/wp\/v2\/categories?post=1581"},{"taxonomy":"post_tag","embeddable":true,"href":"https:\/\/florencia.edu.co\/portal\/v4\/wp-json\/wp\/v2\/tags?post=1581"}],"curies":[{"name":"wp","href":"https:\/\/api.w.org\/{rel}","templated":true}]}}